{"id":1029,"date":"2012-11-09T19:40:07","date_gmt":"2012-11-09T23:40:07","guid":{"rendered":"https:\/\/blog.chouynard.ca\/?p=1029"},"modified":"2012-11-10T13:23:55","modified_gmt":"2012-11-10T17:23:55","slug":"au-bout-de-la-nuit-myrtle-beach","status":"publish","type":"post","link":"https:\/\/blog.chouynard.ca\/?p=1029","title":{"rendered":"Au bout de la nuit&#8230; Myrtle Beach!"},"content":{"rendered":"<p>Grand merci \u00e0 l&rsquo;Association des dipl\u00f4m\u00e9s de l&rsquo;Universit\u00e9 Laval pour cette invitation \u00e0 la \u00abNuit de la libert\u00e9\u00bb qui s&rsquo;est tenu au Mus\u00e9e de la civilisation de Qu\u00e9bec hier le 8 novembre 2012.<\/p>\n<div id=\"attachment_1045\" style=\"width: 310px\" class=\"wp-caption alignleft\"><a href=\"https:\/\/blog.chouynard.ca\/wp-content\/uploads\/2012\/11\/NDLiberte11.jpg\"><img loading=\"lazy\" decoding=\"async\" aria-describedby=\"caption-attachment-1045\" class=\"size-medium wp-image-1045\" title=\"NDLiberte1\" src=\"https:\/\/blog.chouynard.ca\/wp-content\/uploads\/2012\/11\/NDLiberte11-300x225.jpg\" alt=\"\" width=\"300\" height=\"225\" srcset=\"https:\/\/blog.chouynard.ca\/wp-content\/uploads\/2012\/11\/NDLiberte11-300x225.jpg 300w, https:\/\/blog.chouynard.ca\/wp-content\/uploads\/2012\/11\/NDLiberte11-1024x768.jpg 1024w\" sizes=\"auto, (max-width: 300px) 100vw, 300px\" \/><\/a><p id=\"caption-attachment-1045\" class=\"wp-caption-text\">Nuit de la libert\u00e9 : quelques \u0153uvres expos\u00e9es sur la passerelle du hall du Mus\u00e9e de la civilisation de Qu\u00e9bec<\/p><\/div>\n<p>Un total de 13 artistes, peintres et sculpteurs ont r\u00e9pondu positivement et pr\u00e9sent\u00e9 une de leurs \u0153uvres au public pr\u00e9sent. Celui-ci \u00e9tait plut\u00f4t dispers\u00e9 et souvent compos\u00e9 de groupes d&rsquo;\u00e9tudiants du secondaire, dans l&rsquo;apr\u00e8s-midi. Avec le d\u00e9marrage progressif des activit\u00e9s propres \u00e0 l&rsquo;\u00e9v\u00e8nement, en fin de journ\u00e9e, les amateurs et curieux, pour beaucoup du milieu universitaire et de la facult\u00e9 des Lettres, se sont amen\u00e9s en plus grand nombre pour appr\u00e9cier les \u0153uvres expos\u00e9es sur la passerelle du grand hall du Mus\u00e9e de la civilisation. Les artistes pr\u00e9sents ont ainsi pu r\u00e9pondre aux interrogations et demandes d&rsquo;information concernant leur propre \u0153uvre expos\u00e9e mais aussi sur les techniques de travail utilis\u00e9es, sur les inspirations, sur les cheminements artistiques etc.<\/p>\n<p><!--more-->Pour ma part, l&rsquo;apr\u00e8s-midi fut plus anim\u00e9 puisque j&rsquo;ai eu la chance de recevoir la visite de plusieurs anciens coll\u00e8gues qui \u00e9taient au courant de ma pr\u00e9sence et qui sont venu, durant leur pause ou \u00e0 la fin de leur journ\u00e9e travail, me faire un brin de causette et voir ma toile, sans compter ceux qui sont pass\u00e9s par hasard dans le cadre de leur travail.<\/p>\n<p>En plus des minicolloques, caf\u00e9 philosophique, cin\u00e9-d\u00e9bat et spectacles musicaux\u00a0 qui se tenaient dans l&rsquo;auditorium principal du Mus\u00e9e et au Salon des visiteurs, l&rsquo;\u00e9v\u00e9nement comportaient aussi plusieurs autres manifestations comme le coin de la po\u00e9sie, le cabaret politique ainsi que de nombreuses performances, dont certaines assez surprenantes, dans le grand hall. Ainsi le lieu fut particuli\u00e8rement anim\u00e9 entre 17 et 23 heures.<\/p>\nngg_shortcode_0_placeholder\n<p>&nbsp;<\/p>\n<p>Somme toute, un \u00e9v\u00e9nement qui fut enrichissant \u00e0 plusieurs \u00e9gards. J&rsquo;y ai notamment fait la connaissance des artistes suivants que je voudrais particuli\u00e8rement saluer :<\/p>\n<p>Lucie Beaudoin, artiste peintre;<a href=\" http:\/\/www.aarslevis.com\/luciebeaudoin\/index.html \" target=\"_blank\"> (son site)<\/a><\/p>\n<p>Brigitte Boutin, artiste peintre;\u00a0<a href=\" http:\/\/www.aarslevis.com\/brigitteboutin\/index.html \"> (son site) <\/a><\/p>\n<p>C\u00e9line Gauthier, artiste peintre et enseignante; <a href=\"http:\/\/polarite-masso.com\/celinegauthier\/ \" target=\"_blank\">(son site)\u00a0 <\/a><\/p>\n<p>C\u00e9line G. Lapointe, peintre-sculpteure;\u00a0<a href=\"http:\/\/pages.videotron.com\/cglapoin\/\" target=\"_blank\"> (son site) <\/a><\/p>\n<p>Pauline Taschereau, artiste peintre<\/p>\n<p>Marie-Th\u00e9r\u00e8se W\u00e9ra, aquarelliste.<\/p>\n<p>Merci, enfin, aux visiteurs qui ont laiss\u00e9 de petits mots dans mon cahier des commentaires et dont je me pla\u00eet \u00e0 reproduire quelques lignes :<\/p>\n<p><em>\u00abSouvenirs d&rsquo;enfance -Nostalgique errance.<\/em><\/p>\n<p><em>Les sourires d&rsquo;enfance &#8211; Comme des fleurs, &#8211; Meurent; &#8211; Et reviennent.<\/em><\/p>\n<p><em>Souvenirs d&rsquo;enfance. &#8211; Illogique souciance, &#8211; Lib\u00e9rez nos retournances.<\/em><\/p>\n<p><em>Je pourrai affirmer, &#8211; Nez lev\u00e9: &#8211; J&rsquo;ai visit\u00e9 Myrtle Beach.<\/em><\/p>\n<p><em>Merci &#8211; XXX\u00bb<\/em><\/p>\n<div id=\"attachment_1051\" style=\"width: 650px\" class=\"wp-caption alignleft\"><a href=\"https:\/\/blog.chouynard.ca\/wp-content\/uploads\/2012\/11\/MyrtleBeach1.jpg\"><img loading=\"lazy\" decoding=\"async\" aria-describedby=\"caption-attachment-1051\" class=\"size-large wp-image-1051\" title=\"MyrtleBeach1\" src=\"https:\/\/blog.chouynard.ca\/wp-content\/uploads\/2012\/11\/MyrtleBeach1-768x1024.jpg\" alt=\"\" width=\"640\" height=\"853\" srcset=\"https:\/\/blog.chouynard.ca\/wp-content\/uploads\/2012\/11\/MyrtleBeach1-768x1024.jpg 768w, https:\/\/blog.chouynard.ca\/wp-content\/uploads\/2012\/11\/MyrtleBeach1-225x300.jpg 225w\" sizes=\"auto, (max-width: 640px) 100vw, 640px\" \/><\/a><p id=\"caption-attachment-1051\" class=\"wp-caption-text\">\u00abMyrtle Beach\u00bb Huile sur toile peinte en 2012; format de 40&Prime;x30&Prime;<\/p><\/div>\n","protected":false},"excerpt":{"rendered":"<p>La Nuit de la libert\u00e9, au Mus\u00e9e de la civilisation, a accueilli de nombreux visiteurs. Des artistes en art visuel, dont ych (Yvan Chouinard), associ\u00e9s \u00e0 l&rsquo;Association des Dipl\u00f4m\u00e9s de Laval, y ont pr\u00e9sent\u00e9s des exemples de leurs r\u00e9alisations artistiques r\u00e9centes. <a href=\"https:\/\/blog.chouynard.ca\/?p=1029\">Continuer la lecture <span class=\"meta-nav\">&rarr;<\/span><\/a><\/p>\n","protected":false},"author":4,"featured_media":0,"comment_status":"open","ping_status":"open","sticky":false,"template":"","format":"standard","meta":{"ngg_post_thumbnail":0,"footnotes":""},"categories":[21],"tags":[42,50,43,7,41,87,44,144,88],"class_list":["post-1029","post","type-post","status-publish","format-standard","hentry","category-billet-2","tag-adul","tag-art","tag-ateliers-t-pacheco","tag-billet","tag-exposition","tag-musee-de-la-civilisation","tag-peinture","tag-toile-ych","tag-universite-laval"],"jetpack_featured_media_url":"","_links":{"self":[{"href":"https:\/\/blog.chouynard.ca\/index.php?rest_route=\/wp\/v2\/posts\/1029","targetHints":{"allow":["GET"]}}],"collection":[{"href":"https:\/\/blog.chouynard.ca\/index.php?rest_route=\/wp\/v2\/posts"}],"about":[{"href":"https:\/\/blog.chouynard.ca\/index.php?rest_route=\/wp\/v2\/types\/post"}],"author":[{"embeddable":true,"href":"https:\/\/blog.chouynard.ca\/index.php?rest_route=\/wp\/v2\/users\/4"}],"replies":[{"embeddable":true,"href":"https:\/\/blog.chouynard.ca\/index.php?rest_route=%2Fwp%2Fv2%2Fcomments&post=1029"}],"version-history":[{"count":31,"href":"https:\/\/blog.chouynard.ca\/index.php?rest_route=\/wp\/v2\/posts\/1029\/revisions"}],"predecessor-version":[{"id":1060,"href":"https:\/\/blog.chouynard.ca\/index.php?rest_route=\/wp\/v2\/posts\/1029\/revisions\/1060"}],"wp:attachment":[{"href":"https:\/\/blog.chouynard.ca\/index.php?rest_route=%2Fwp%2Fv2%2Fmedia&parent=1029"}],"wp:term":[{"taxonomy":"category","embeddable":true,"href":"https:\/\/blog.chouynard.ca\/index.php?rest_route=%2Fwp%2Fv2%2Fcategories&post=1029"},{"taxonomy":"post_tag","embeddable":true,"href":"https:\/\/blog.chouynard.ca\/index.php?rest_route=%2Fwp%2Fv2%2Ftags&post=1029"}],"curies":[{"name":"wp","href":"https:\/\/api.w.org\/{rel}","templated":true}]}}