{"id":1110,"date":"2013-01-21T19:00:45","date_gmt":"2013-01-21T23:00:45","guid":{"rendered":"https:\/\/blog.chouynard.ca\/?p=1110"},"modified":"2013-01-22T10:19:58","modified_gmt":"2013-01-22T14:19:58","slug":"touche-pas-a-mon-vexille","status":"publish","type":"post","link":"https:\/\/blog.chouynard.ca\/?p=1110","title":{"rendered":"Touche pas \u00e0 mon vexille!"},"content":{"rendered":"<div id=\"attachment_1113\" style=\"width: 648px\" class=\"wp-caption alignleft\"><a href=\"https:\/\/blog.chouynard.ca\/?attachment_id=1113\" rel=\"attachment wp-att-1113\"><img loading=\"lazy\" decoding=\"async\" aria-describedby=\"caption-attachment-1113\" class=\" wp-image-1113   \" alt=\"Le fleurdelis\u00e9 flotte en permanence sur la tour centrale de l\u2019\u00e9difice du Parlement, \u00e0 Qu\u00e9bec.\" src=\"https:\/\/blog.chouynard.ca\/wp-content\/uploads\/2013\/01\/Parlement-1024x768.jpg\" width=\"638\" height=\"480\" srcset=\"https:\/\/blog.chouynard.ca\/wp-content\/uploads\/2013\/01\/Parlement-1024x768.jpg 1024w, https:\/\/blog.chouynard.ca\/wp-content\/uploads\/2013\/01\/Parlement-300x225.jpg 300w, https:\/\/blog.chouynard.ca\/wp-content\/uploads\/2013\/01\/Parlement.jpg 1600w\" sizes=\"auto, (max-width: 638px) 100vw, 638px\" \/><\/a><p id=\"caption-attachment-1113\" class=\"wp-caption-text\">Le fleurdelis\u00e9 flotte en permanence sur la tour centrale de l\u2019\u00e9difice du Parlement, \u00e0 Qu\u00e9bec.<\/p><\/div>\n<p>C&rsquo;\u00e9tait une froide matin\u00e9e de janvier 1948 dans la Vieille Capitale. Le \u00abz\u00e9ro (Fahrenheit) se promenait\u00bb ou presque, comme on disait \u00e0 l&rsquo;\u00e9poque. Maurice Le Noblet Duplessis, alors premier ministre du Qu\u00e9bec, signe le d\u00e9cret qui fait du fleurdelis\u00e9, ce drapeau \u00e0 la croix et aux quatre fleurs de lys blancs sur fond bleu, l&#8217;embl\u00e8me vexillologique par excellence de sa province.<\/p>\n<p>Depuis soixante-cinq ans aujourd&rsquo;hui, le 21 janvier, flotte ce drapeau sur le Parlement du Qu\u00e9bec. Journ\u00e9e m\u00e9morable dont on a d\u00e9cid\u00e9 de souligner la particularit\u00e9 en d\u00e9cr\u00e9tant qu&rsquo;il sera le jour du drapeau. Le site Internet de Justice Qu\u00e9bec propose quelques <a href=\"http:\/\/www.drapeau.gouv.qc.ca\/drapeau\/histoire\/fleurdelise.html\" target=\"_blank\">pages d&rsquo;int\u00e9r\u00eat sur le fleurdelis\u00e9<\/a>.<\/p>\n<p><!--more-->On aura peut-\u00eatre compris que la vexillologie (du latin vexillum) est l&rsquo;\u00e9tude des drapeaux et que vexille, bien que rarement utilis\u00e9, est un ancien terme d\u00e9signant un drapeau. Le monde maritime, quant \u00e0 lui, d\u00e9signe la r\u00e9alit\u00e9 des drapeaux sous le terme de pavillons.<\/p>\n<p>Donc, attention \u00e0 la mani\u00e8re dont on traite le drapeau. Certaines nationalit\u00e9 peuvent \u00eatre tr\u00e8s sensible sur cette question. Et si on ne doit pas toucher au vexille du voisin sous peine de le\u2026 vexer, il ne faut pas oublier, concernant son drapeau national, qu&rsquo;il est tout-\u00e0-fait inconvenant, pour ne pas dire ill\u00e9gal dans certains lieux, de laisser flotter un drapeau bris\u00e9 ou d\u00e9grad\u00e9 voire d\u00e9color\u00e9 ou sale. \u00abQui potest capere, capiat!\u00bb<\/p>\n<p>Finalement, parlant de fleurdelis\u00e9 et de la fleur de lys comme embl\u00e8me, je souligne que j&rsquo;ai trait\u00e9 de ces sujets au printemps 2012 dans des pages qui traitent de la <a href=\"https:\/\/blog.chouynard.ca\/?page_id=630\" target=\"_blank\">Nouvelle Orl\u00e9ans<\/a> et du <a href=\"https:\/\/blog.chouynard.ca\/?page_id=739\" target=\"_blank\">Vieux Qu\u00e9bec<\/a>.<\/p>\n","protected":false},"excerpt":{"rendered":"<p>21 janvier 2013, le fleurdelis\u00e9 qu\u00e9b\u00e9cois c\u00e9l\u00e8bre 65 ans; un embl\u00e8me particuli\u00e8rement pris\u00e9 de la plupart de Qu\u00e9b\u00e9cois. <a href=\"https:\/\/blog.chouynard.ca\/?p=1110\">Continuer la lecture <span class=\"meta-nav\">&rarr;<\/span><\/a><\/p>\n","protected":false},"author":4,"featured_media":0,"comment_status":"open","ping_status":"open","sticky":false,"template":"","format":"standard","meta":{"ngg_post_thumbnail":0,"footnotes":""},"categories":[21],"tags":[91,52,55],"class_list":["post-1110","post","type-post","status-publish","format-standard","hentry","category-billet-2","tag-drapeau","tag-fleur-de-lys","tag-quebec"],"jetpack_featured_media_url":"","_links":{"self":[{"href":"https:\/\/blog.chouynard.ca\/index.php?rest_route=\/wp\/v2\/posts\/1110","targetHints":{"allow":["GET"]}}],"collection":[{"href":"https:\/\/blog.chouynard.ca\/index.php?rest_route=\/wp\/v2\/posts"}],"about":[{"href":"https:\/\/blog.chouynard.ca\/index.php?rest_route=\/wp\/v2\/types\/post"}],"author":[{"embeddable":true,"href":"https:\/\/blog.chouynard.ca\/index.php?rest_route=\/wp\/v2\/users\/4"}],"replies":[{"embeddable":true,"href":"https:\/\/blog.chouynard.ca\/index.php?rest_route=%2Fwp%2Fv2%2Fcomments&post=1110"}],"version-history":[{"count":19,"href":"https:\/\/blog.chouynard.ca\/index.php?rest_route=\/wp\/v2\/posts\/1110\/revisions"}],"predecessor-version":[{"id":1129,"href":"https:\/\/blog.chouynard.ca\/index.php?rest_route=\/wp\/v2\/posts\/1110\/revisions\/1129"}],"wp:attachment":[{"href":"https:\/\/blog.chouynard.ca\/index.php?rest_route=%2Fwp%2Fv2%2Fmedia&parent=1110"}],"wp:term":[{"taxonomy":"category","embeddable":true,"href":"https:\/\/blog.chouynard.ca\/index.php?rest_route=%2Fwp%2Fv2%2Fcategories&post=1110"},{"taxonomy":"post_tag","embeddable":true,"href":"https:\/\/blog.chouynard.ca\/index.php?rest_route=%2Fwp%2Fv2%2Ftags&post=1110"}],"curies":[{"name":"wp","href":"https:\/\/api.w.org\/{rel}","templated":true}]}}