{"id":1200,"date":"2013-04-30T11:34:44","date_gmt":"2013-04-30T15:34:44","guid":{"rendered":"https:\/\/blog.chouynard.ca\/?p=1200"},"modified":"2013-04-30T11:34:44","modified_gmt":"2013-04-30T15:34:44","slug":"amateurs-dart-visuel-a-vos-agenda","status":"publish","type":"post","link":"https:\/\/blog.chouynard.ca\/?p=1200","title":{"rendered":"Amateurs d&rsquo;art visuel, \u00e0 vos agenda!"},"content":{"rendered":"<div id=\"attachment_1208\" style=\"width: 220px\" class=\"wp-caption alignleft\"><a href=\"https:\/\/blog.chouynard.ca\/wp-content\/uploads\/2013\/04\/Expo2013.jpeg\"><img loading=\"lazy\" decoding=\"async\" aria-describedby=\"caption-attachment-1208\" class=\"size-medium wp-image-1208\" alt=\"Affiche de l'exposition\" src=\"https:\/\/blog.chouynard.ca\/wp-content\/uploads\/2013\/04\/Expo2013-210x300.jpeg\" width=\"210\" height=\"300\" srcset=\"https:\/\/blog.chouynard.ca\/wp-content\/uploads\/2013\/04\/Expo2013-210x300.jpeg 210w, https:\/\/blog.chouynard.ca\/wp-content\/uploads\/2013\/04\/Expo2013-716x1024.jpeg 716w, https:\/\/blog.chouynard.ca\/wp-content\/uploads\/2013\/04\/Expo2013.jpeg 1632w\" sizes=\"auto, (max-width: 210px) 100vw, 210px\" \/><\/a><p id=\"caption-attachment-1208\" class=\"wp-caption-text\">Affiche de l&rsquo;exposition<\/p><\/div>\n<p>Encore cette ann\u00e9e, le Centre communautaire No\u00ebl-Brulart de Sillery pr\u00e9sente son exposition artistique annuelle. Il s&rsquo;agit des \u0153uvres r\u00e9alis\u00e9es durant les 12 derniers mois par les participants aux diff\u00e9rentes \u00e9coles et ateliers du Centre.<br \/>\nCes derniers\u00a0 regroupent l\u2019\u00c9cole de vitrail Carole Deslauriers, la Guilde des denteli\u00e8res et brodeuses, les Ateliers d\u2019aquarelle et de peinture Teresa Pacheco, les Pastellistes du jeudi soir, les Courtepointi\u00e8res appliqu\u00e9es et le tissage de La Ruche.<br \/>\nL\u2019exposition sera ouverte les 4 et 5 mai 2013 et le vernissage aura lieu le\u00a0 vendredi 3 mai \u00e0 19h.<br \/>\nLe Centre communautaire No\u00ebl-Br\u00fblart est situ\u00e9 au 1229, avenue du Chanoine-Morel, Qu\u00e9bec (Sillery). Il n\u2019y a aucun co\u00fbt d\u2019entr\u00e9e.<br \/>\nBien s\u00fbr, toute la population r\u00e9gionale et les visiteurs de la Vieille Capitale sont invit\u00e9s \u00e0 venir appr\u00e9cier les\u00a0\u0153uvres expos\u00e9es et \u00e0 rencontrer les artistes, les professeurs et les ma\u00eetres d&rsquo;atelier. D&rsquo;ailleurs, certains seront \u00e0 l&rsquo;\u0153uvre durant l&rsquo;exposition et les visiteurs pourront \u00e9changer avec eux sur leur passion.<br \/>\nPour sa part, l&rsquo;auteur de ces lignes sera sur place les trois jours pour donner quelques coups de pinceau sur des toiles encore en phase de production et pour accueillir et discuter avec les gens qui feront l&rsquo;honneur d&rsquo;une visite.<\/p>\n","protected":false},"excerpt":{"rendered":"<p>Expo 2013, du Centre communautaire No\u00ebl-Brulart de Sillery, annonce encore cette ann\u00e9e une r\u00e9colte tr\u00e8s int\u00e9ressante d&rsquo;\u0153uvres d&rsquo;art visuel. En effet, les participants aux diff\u00e9rentes \u00e9coles et ateliers du Centre y exposeront les ?uvres r\u00e9centes durant la fin de semaine du 4 et 5 mai prochain. <a href=\"https:\/\/blog.chouynard.ca\/?p=1200\">Continuer la lecture <span class=\"meta-nav\">&rarr;<\/span><\/a><\/p>\n","protected":false},"author":4,"featured_media":0,"comment_status":"open","ping_status":"open","sticky":false,"template":"","format":"standard","meta":{"ngg_post_thumbnail":0,"footnotes":""},"categories":[22],"tags":[45,50,43,41,44,55],"class_list":["post-1200","post","type-post","status-publish","format-standard","hentry","category-annonce","tag-aquarelle","tag-art","tag-ateliers-t-pacheco","tag-exposition","tag-peinture","tag-quebec"],"jetpack_featured_media_url":"","_links":{"self":[{"href":"https:\/\/blog.chouynard.ca\/index.php?rest_route=\/wp\/v2\/posts\/1200","targetHints":{"allow":["GET"]}}],"collection":[{"href":"https:\/\/blog.chouynard.ca\/index.php?rest_route=\/wp\/v2\/posts"}],"about":[{"href":"https:\/\/blog.chouynard.ca\/index.php?rest_route=\/wp\/v2\/types\/post"}],"author":[{"embeddable":true,"href":"https:\/\/blog.chouynard.ca\/index.php?rest_route=\/wp\/v2\/users\/4"}],"replies":[{"embeddable":true,"href":"https:\/\/blog.chouynard.ca\/index.php?rest_route=%2Fwp%2Fv2%2Fcomments&post=1200"}],"version-history":[{"count":12,"href":"https:\/\/blog.chouynard.ca\/index.php?rest_route=\/wp\/v2\/posts\/1200\/revisions"}],"predecessor-version":[{"id":1214,"href":"https:\/\/blog.chouynard.ca\/index.php?rest_route=\/wp\/v2\/posts\/1200\/revisions\/1214"}],"wp:attachment":[{"href":"https:\/\/blog.chouynard.ca\/index.php?rest_route=%2Fwp%2Fv2%2Fmedia&parent=1200"}],"wp:term":[{"taxonomy":"category","embeddable":true,"href":"https:\/\/blog.chouynard.ca\/index.php?rest_route=%2Fwp%2Fv2%2Fcategories&post=1200"},{"taxonomy":"post_tag","embeddable":true,"href":"https:\/\/blog.chouynard.ca\/index.php?rest_route=%2Fwp%2Fv2%2Ftags&post=1200"}],"curies":[{"name":"wp","href":"https:\/\/api.w.org\/{rel}","templated":true}]}}