{"id":1216,"date":"2013-05-22T11:04:23","date_gmt":"2013-05-22T15:04:23","guid":{"rendered":"https:\/\/blog.chouynard.ca\/?p=1216"},"modified":"2013-05-22T11:04:23","modified_gmt":"2013-05-22T15:04:23","slug":"exposition-reveries-a-ne-pas-manquer","status":"publish","type":"post","link":"https:\/\/blog.chouynard.ca\/?p=1216","title":{"rendered":"Exposition R\u00eaveries : \u00e0 ne pas manquer!"},"content":{"rendered":"<div id=\"attachment_1222\" style=\"width: 197px\" class=\"wp-caption alignleft\"><a href=\"https:\/\/blog.chouynard.ca\/wp-content\/uploads\/2013\/05\/UL2013.jpg\"><img loading=\"lazy\" decoding=\"async\" aria-describedby=\"caption-attachment-1222\" class=\"size-medium wp-image-1222\" alt=\"Affiche \u00e0 l'entr\u00e9e de l'exposition\" src=\"https:\/\/blog.chouynard.ca\/wp-content\/uploads\/2013\/05\/UL2013-187x300.jpg\" width=\"187\" height=\"300\" srcset=\"https:\/\/blog.chouynard.ca\/wp-content\/uploads\/2013\/05\/UL2013-187x300.jpg 187w, https:\/\/blog.chouynard.ca\/wp-content\/uploads\/2013\/05\/UL2013.jpg 581w\" sizes=\"auto, (max-width: 187px) 100vw, 187px\" \/><\/a><p id=\"caption-attachment-1222\" class=\"wp-caption-text\">Affiche \u00e0 l&rsquo;entr\u00e9e de l&rsquo;exposition<\/p><\/div>\n<p>L&rsquo;exposition annuelle du Club des dipl\u00f4m\u00e9s de l&rsquo;Universit\u00e9 Laval \u00e0 Qu\u00e9bec est en cours actuellement et se poursuivra jusqu&rsquo;au 30 mai prochain. C&rsquo;est en effet lundi dernier, le 19 mai 2013, qu&rsquo;avait lieu le vernissage de cet \u00e9v\u00e9nement en art visuel, qui revient annuellement au printemps depuis cinq ans maintenant. Pr\u00e8s de 50 artistes, tous dipl\u00f4m\u00e9s de l&rsquo;universit\u00e9 mais dans des disciplines tr\u00e8s diversifi\u00e9es, allant des relations industrielles \u00e0 la m\u00e9decine, y pr\u00e9sentent des \u0153uvres tr\u00e8s personnelles. On compte parmi eux quelques aquarellistes, sculpteurs et c\u00e9ramistes mais la plupart sont des peintres qui utilisent de pr\u00e9f\u00e9rence l&rsquo;huile ou l&rsquo;acrylique.<\/p>\n<p>Le th\u00e8me propos\u00e9 cette ann\u00e9e aux artistes \u00e9tait \u00abr\u00eaveries\u00bb, ce qui, on peut l&rsquo;imaginer, laisse place \u00e0 de nombreux univers parall\u00e8les ou compl\u00e9mentaires. Et le fait demeure que la cuv\u00e9e 2013 de l&rsquo;\u00e9v\u00e9nement propose une s\u00e9lection particuli\u00e8rement riche d&rsquo;\u0153uvres les plus int\u00e9ressantes les unes que les autres et dont il\u00a0 serait bien dommage de se priver. D&rsquo;autant plus que la visite est compl\u00e8tement libre et gratuite.<\/p>\n<p>\u00c0 titre d&rsquo;exposant impliqu\u00e9, il me fera plaisir d&rsquo;accueillir les visiteurs et de r\u00e9pondre aux questions dans les limites de mes connaissances, au cours de l&rsquo;apr\u00e8s-midi du 22 mai, entre 13 et 17 heures.<\/p>\n<p>Alors, rendez-vous sur le campus de l&rsquo;Universit\u00e9 Laval, Pavillon Desjardins-Pollack, 2325 de l&rsquo;Universit\u00e9, Qu\u00e9bec; salle 2470<\/p>\n","protected":false},"excerpt":{"rendered":"<p>L&rsquo;exposition annuelle du Club des dipl\u00f4m\u00e9s de l&rsquo;Universit\u00e9 Laval \u00e0 Qu\u00e9bec est en cours actuellement et se poursuivra jusqu&rsquo;au 30 mai 2013. Pr\u00e8s de 50 artistes, tous dipl\u00f4m\u00e9s de l&rsquo;universit\u00e9, y pr\u00e9sentent des \u0153uvres tr\u00e8s personnelles. La cuv\u00e9e 2013 de l&rsquo;\u00e9v\u00e9nement propose une s\u00e9lection particuli\u00e8rement riche d&rsquo;\u0153uvres les plus int\u00e9ressantes les unes que les autres et dont il  serait bien dommage de se priver. D&rsquo;autant plus que la visite est compl\u00e8tement libre et gratuite.<br \/>\n <a href=\"https:\/\/blog.chouynard.ca\/?p=1216\">Continuer la lecture <span class=\"meta-nav\">&rarr;<\/span><\/a><\/p>\n","protected":false},"author":4,"featured_media":1222,"comment_status":"open","ping_status":"open","sticky":false,"template":"","format":"standard","meta":{"ngg_post_thumbnail":0,"footnotes":""},"categories":[22],"tags":[50,40,41,55,88],"class_list":["post-1216","post","type-post","status-publish","format-standard","has-post-thumbnail","hentry","category-annonce","tag-art","tag-arts-visuels","tag-exposition","tag-quebec","tag-universite-laval"],"jetpack_featured_media_url":"https:\/\/blog.chouynard.ca\/wp-content\/uploads\/2013\/05\/UL2013.jpg","_links":{"self":[{"href":"https:\/\/blog.chouynard.ca\/index.php?rest_route=\/wp\/v2\/posts\/1216","targetHints":{"allow":["GET"]}}],"collection":[{"href":"https:\/\/blog.chouynard.ca\/index.php?rest_route=\/wp\/v2\/posts"}],"about":[{"href":"https:\/\/blog.chouynard.ca\/index.php?rest_route=\/wp\/v2\/types\/post"}],"author":[{"embeddable":true,"href":"https:\/\/blog.chouynard.ca\/index.php?rest_route=\/wp\/v2\/users\/4"}],"replies":[{"embeddable":true,"href":"https:\/\/blog.chouynard.ca\/index.php?rest_route=%2Fwp%2Fv2%2Fcomments&post=1216"}],"version-history":[{"count":11,"href":"https:\/\/blog.chouynard.ca\/index.php?rest_route=\/wp\/v2\/posts\/1216\/revisions"}],"predecessor-version":[{"id":1228,"href":"https:\/\/blog.chouynard.ca\/index.php?rest_route=\/wp\/v2\/posts\/1216\/revisions\/1228"}],"wp:featuredmedia":[{"embeddable":true,"href":"https:\/\/blog.chouynard.ca\/index.php?rest_route=\/wp\/v2\/media\/1222"}],"wp:attachment":[{"href":"https:\/\/blog.chouynard.ca\/index.php?rest_route=%2Fwp%2Fv2%2Fmedia&parent=1216"}],"wp:term":[{"taxonomy":"category","embeddable":true,"href":"https:\/\/blog.chouynard.ca\/index.php?rest_route=%2Fwp%2Fv2%2Fcategories&post=1216"},{"taxonomy":"post_tag","embeddable":true,"href":"https:\/\/blog.chouynard.ca\/index.php?rest_route=%2Fwp%2Fv2%2Ftags&post=1216"}],"curies":[{"name":"wp","href":"https:\/\/api.w.org\/{rel}","templated":true}]}}