{"id":1243,"date":"2013-06-03T16:36:00","date_gmt":"2013-06-03T20:36:00","guid":{"rendered":"https:\/\/blog.chouynard.ca\/?p=1243"},"modified":"2013-06-03T16:36:19","modified_gmt":"2013-06-03T20:36:19","slug":"une-messe-pour-la-paix-au-grand-theatre-de-quebec","status":"publish","type":"post","link":"https:\/\/blog.chouynard.ca\/?p=1243","title":{"rendered":"Une messe pour la paix au Grand Th\u00e9\u00e2tre de Qu\u00e9bec"},"content":{"rendered":"<style type=\"text\/css\"><!--\nP { margin-bottom: 0.21cm; }\n--><\/style>\n<p>&nbsp;<\/p>\n<div id=\"attachment_1244\" style=\"width: 234px\" class=\"wp-caption alignleft\"><a href=\"https:\/\/blog.chouynard.ca\/wp-content\/uploads\/2013\/06\/TheArmedMan1.jpeg\"><img loading=\"lazy\" decoding=\"async\" aria-describedby=\"caption-attachment-1244\" class=\"size-medium wp-image-1244\" alt=\"Couverture du programme du spectacle\" src=\"https:\/\/blog.chouynard.ca\/wp-content\/uploads\/2013\/06\/TheArmedMan1-224x300.jpeg\" width=\"224\" height=\"300\" srcset=\"https:\/\/blog.chouynard.ca\/wp-content\/uploads\/2013\/06\/TheArmedMan1-224x300.jpeg 224w, https:\/\/blog.chouynard.ca\/wp-content\/uploads\/2013\/06\/TheArmedMan1-765x1024.jpeg 765w, https:\/\/blog.chouynard.ca\/wp-content\/uploads\/2013\/06\/TheArmedMan1.jpeg 1610w\" sizes=\"auto, (max-width: 224px) 100vw, 224px\" \/><\/a><p id=\"caption-attachment-1244\" class=\"wp-caption-text\">Couverture du programme du spectacle.<\/p><\/div>\n<p><span style=\"font-family: Times New Roman,serif;\">Un spectacle d&rsquo;une force d&rsquo;\u00e9vocation peu commune \u00e9tait pr\u00e9sent\u00e9 \u00e0 la Salle Louis-Fr\u00e9chette du Grand Th\u00e9\u00e2tre de Qu\u00e9bec samedi soir dernier le premier juin 2013 : <em>THE ARMED MAN<\/em>. Mont\u00e9 \u00e0 l&rsquo;occasion du 45e anniversaire du Ch\u0153ur de Qu\u00e9bec, il s&rsquo;agissait d&rsquo;une premi\u00e8re \u00e0 Qu\u00e9bec, pour une \u0153uvre avant tout musicale qui en est \u00e0 plus de 1000 repr\u00e9sentations \u00e0 travers le monde.<\/span><\/p>\n<p><span style=\"font-family: Times New Roman,serif;\">Cr\u00e9\u00e9e en 1999 par le gallois Karl Jenkins, il s&rsquo;agit d&rsquo;une \u0153uvre anti-guerre ou d&rsquo;une ode \u00e0 la paix; on dira aussi une messe \u00e0 la paix puisque son organisation sc\u00e9nique s&rsquo;inspire beaucoup de la liturgie catholique \u00e0 laquelle s&rsquo;ajoute des inspirations traditionnelles anciennes, musulmanes, japonaises et hindoues. <\/span><\/p>\n<p><span style=\"font-family: Times New Roman,serif;\">La repr\u00e9sentation de Qu\u00e9bec comptait sur 150 choristes, 55 musiciens et plusieurs invit\u00e9s sp\u00e9ciaux. En plus des solistes Marie-Mich\u00e8le Roberge , Marie-Jos\u00e9e Devarennes, Antoine B\u00e9langer, Michel Blackburn, mentionnons tout sp\u00e9cialement la pr\u00e9sence tr\u00e8s remarqu\u00e9e de Mohamed Yangui. Seul et <em>a cappella<\/em> ce dernier, du Centre culturel islamique de Qu\u00e9bec, a lanc\u00e9 l&rsquo;appel musulman \u00e0 la pri\u00e8re ou<em><\/em> <em>Adhaan<\/em>, tel que les muezzins le font du haut des minarets. Lui, toutefois, et permettant ainsi de respecter l&rsquo;int\u00e9gralit\u00e9 de l&rsquo;\u0153uvre de Jenkins, l&rsquo;a fait modestement mais combien magnifiquement sur la sc\u00e8ne du Grand Th\u00e9\u00e2tre rempli \u00e0 craquer. Sa prestation termin\u00e9e, il s&rsquo;est retir\u00e9 discr\u00e8tement et, sauf erreur, n&rsquo;est point revenu \u00e0 la fin du spectacle. Chapeau!<\/span><\/p>\n<p><span style=\"font-family: Times New Roman,serif;\"><!--more-->Pour le reste, le spectacle fut un moment de bonheur particulier. Le Ch\u0153ur de Qu\u00e9bec \u00e9tait accompagn\u00e9 pour l&rsquo;occasion du Ch\u0153ur polyphonique de L\u00e9vis et des musiciens de l&rsquo;Ensemble philharmonique Edwin-B\u00e9langer, le tout sous la pr\u00e9cise direction de Guy B\u00e9langer. <\/span><\/p>\n<p><span style=\"font-family: Times New Roman,serif;\">De plus, une pr\u00e9sentation multim\u00e9dia, projet\u00e9e sur grand \u00e9cran en fond de sc\u00e8ne rendait toujours plus dramatique les musiques et chants propos\u00e9es par les artistes sur sc\u00e8ne. Il s&rsquo;agit d&rsquo;un film sp\u00e9cialement r\u00e9alis\u00e9 par le cin\u00e9aste Hefin Owen \u00e0 partir de courts m\u00e9trages et d&rsquo;images des conflits arm\u00e9s du si\u00e8cle dernier. Toutes plus \u00e9vocatrices les unes que les autres, ces images \u00e9taient parfaitement synchronis\u00e9es avec la trame musicale, rendant le spectacle tr\u00e8s poignant et \u00e9mouvant. Le c\u00f4t\u00e9 moins agr\u00e9able, pour les artistes sur sc\u00e8ne, est que le spectateur a beaucoup moins d&rsquo;int\u00e9r\u00eat \u00e0 suivre leurs performances.<\/span><\/p>\n<p><span style=\"font-family: Times New Roman,serif;\">Pour ceux qui n&rsquo;ont pas eu l&rsquo;opportunit\u00e9 de passer leur soir\u00e9e de samedi dernier au Grand Th\u00e9\u00e2tre de Qu\u00e9bec, si d&rsquo;aventure l&rsquo;occasion se pr\u00e9sente de pouvoir assister \u00e0 <em>The Armed Man<\/em>, ne manquez surtout pas cette chance!<\/span><\/p>\n","protected":false},"excerpt":{"rendered":"<p>Mont\u00e9 \u00e0 l&rsquo;occasion du 45e anniversaire du Ch\u0153ur de Qu\u00e9bec, The Armed Man, un spectacle d&rsquo;une force d&rsquo;\u00e9vocation peu commune, \u00e9tait pr\u00e9sent\u00e9 \u00e0 la Salle Louis-Fr\u00e9chette du Grand Th\u00e9\u00e2tre de Qu\u00e9bec samedi soir dernier (1er juin 2013).  <a href=\"https:\/\/blog.chouynard.ca\/?p=1243\">Continuer la lecture <span class=\"meta-nav\">&rarr;<\/span><\/a><\/p>\n","protected":false},"author":4,"featured_media":0,"comment_status":"open","ping_status":"open","sticky":false,"template":"","format":"standard","meta":{"ngg_post_thumbnail":0,"footnotes":""},"categories":[21],"tags":[50,7,103,104,102,55,69],"class_list":["post-1243","post","type-post","status-publish","format-standard","hentry","category-billet-2","tag-art","tag-billet","tag-grand-theatre","tag-karl-jenkins","tag-musique","tag-quebec","tag-religion"],"jetpack_featured_media_url":"","_links":{"self":[{"href":"https:\/\/blog.chouynard.ca\/index.php?rest_route=\/wp\/v2\/posts\/1243","targetHints":{"allow":["GET"]}}],"collection":[{"href":"https:\/\/blog.chouynard.ca\/index.php?rest_route=\/wp\/v2\/posts"}],"about":[{"href":"https:\/\/blog.chouynard.ca\/index.php?rest_route=\/wp\/v2\/types\/post"}],"author":[{"embeddable":true,"href":"https:\/\/blog.chouynard.ca\/index.php?rest_route=\/wp\/v2\/users\/4"}],"replies":[{"embeddable":true,"href":"https:\/\/blog.chouynard.ca\/index.php?rest_route=%2Fwp%2Fv2%2Fcomments&post=1243"}],"version-history":[{"count":10,"href":"https:\/\/blog.chouynard.ca\/index.php?rest_route=\/wp\/v2\/posts\/1243\/revisions"}],"predecessor-version":[{"id":1254,"href":"https:\/\/blog.chouynard.ca\/index.php?rest_route=\/wp\/v2\/posts\/1243\/revisions\/1254"}],"wp:attachment":[{"href":"https:\/\/blog.chouynard.ca\/index.php?rest_route=%2Fwp%2Fv2%2Fmedia&parent=1243"}],"wp:term":[{"taxonomy":"category","embeddable":true,"href":"https:\/\/blog.chouynard.ca\/index.php?rest_route=%2Fwp%2Fv2%2Fcategories&post=1243"},{"taxonomy":"post_tag","embeddable":true,"href":"https:\/\/blog.chouynard.ca\/index.php?rest_route=%2Fwp%2Fv2%2Ftags&post=1243"}],"curies":[{"name":"wp","href":"https:\/\/api.w.org\/{rel}","templated":true}]}}