{"id":1276,"date":"2013-09-05T08:29:38","date_gmt":"2013-09-05T12:29:38","guid":{"rendered":"https:\/\/blog.chouynard.ca\/?p=1276"},"modified":"2013-09-05T08:29:43","modified_gmt":"2013-09-05T12:29:43","slug":"chihuly-la-fascination-du-verre","status":"publish","type":"post","link":"https:\/\/blog.chouynard.ca\/?p=1276","title":{"rendered":"Chihuly, la fascination du verre"},"content":{"rendered":"<div id=\"attachment_1281\" style=\"width: 650px\" class=\"wp-caption aligncenter\"><a href=\"https:\/\/blog.chouynard.ca\/wp-content\/uploads\/2013\/09\/Persan5.jpg\"><img loading=\"lazy\" decoding=\"async\" aria-describedby=\"caption-attachment-1281\" class=\"size-large wp-image-1281\" alt=\"R\u00e9flexion Plafond Persan\" src=\"https:\/\/blog.chouynard.ca\/wp-content\/uploads\/2013\/09\/Persan5-1024x359.jpg\" width=\"640\" height=\"224\" srcset=\"https:\/\/blog.chouynard.ca\/wp-content\/uploads\/2013\/09\/Persan5-1024x359.jpg 1024w, https:\/\/blog.chouynard.ca\/wp-content\/uploads\/2013\/09\/Persan5-300x105.jpg 300w\" sizes=\"auto, (max-width: 640px) 100vw, 640px\" \/><\/a><p id=\"caption-attachment-1281\" class=\"wp-caption-text\">R\u00e9flexion Plafond Persan<\/p><\/div>\n<p>En juin 2013, de passage \u00e0 Montr\u00e9al pour ressourcement, j&rsquo;en ai profit\u00e9, comme c&rsquo;est souvent mon habitude, pour faire un saut au Mus\u00e9e des Beaux-Arts de Montr\u00e9al. On y annon\u00e7ait une exposition sur un artiste verrier dont je ne connaissais m\u00eame pas l&rsquo;existence quelques jours auparavant : Dale Chihuly.<br \/>\nLa magie visuelle que peut cr\u00e9er la rencontre de la lumi\u00e8re et du verre m&rsquo;a toujours attir\u00e9 et fascin\u00e9 \u00e0 la fois. Est-ce que je tombais au bon endroit au bon moment?<!--more--><\/p>\n<div id=\"attachment_1279\" style=\"width: 310px\" class=\"wp-caption alignleft\"><a href=\"https:\/\/blog.chouynard.ca\/wp-content\/uploads\/2013\/09\/Macchia1.jpg\"><img loading=\"lazy\" decoding=\"async\" aria-describedby=\"caption-attachment-1279\" class=\"size-medium wp-image-1279 \" alt=\"Dans la For\u00eat de Macchia\" src=\"https:\/\/blog.chouynard.ca\/wp-content\/uploads\/2013\/09\/Macchia1-300x225.jpg\" width=\"300\" height=\"225\" srcset=\"https:\/\/blog.chouynard.ca\/wp-content\/uploads\/2013\/09\/Macchia1-300x225.jpg 300w, https:\/\/blog.chouynard.ca\/wp-content\/uploads\/2013\/09\/Macchia1.jpg 960w\" sizes=\"auto, (max-width: 300px) 100vw, 300px\" \/><\/a><p id=\"caption-attachment-1279\" class=\"wp-caption-text\">Dans la For\u00eat de Macchia<\/p><\/div>\n<p>Ma premi\u00e8re impression ne fut pas concluante. Dans la premi\u00e8re salle que je rencontre, en haut et \u00e0 droite du grand escalier du Pavillon Hornstein, je trouve de suite l&rsquo;ambiance beaucoup trop sombre. En plus, hormis une vari\u00e9t\u00e9 de couleurs quand m\u00eame attirante dans les objets expos\u00e9s, je constate que les pi\u00e8ces ne sont pas assez vari\u00e9es dans leur forme : un champ de corolles g\u00e9antes pos\u00e9e \u00e0 quasi deux m\u00e8tres du sol. Il s&rsquo;agit de la <em>For\u00eat de Macchia<\/em>. Un peu monotone \u00e0 premi\u00e8re vue mais \u00e0 mesure que je me balade dans la salle \u00e0 regarder les pi\u00e8ces de plus pr\u00e8s, je me laisse conqu\u00e9rir par les coloris vraiment magnifiques de ces fleurs peu habituelles.<\/p>\n<div id=\"attachment_1284\" style=\"width: 250px\" class=\"wp-caption alignleft\"><a href=\"https:\/\/blog.chouynard.ca\/wp-content\/uploads\/2013\/09\/Macchia2.jpg\"><img loading=\"lazy\" decoding=\"async\" aria-describedby=\"caption-attachment-1284\" class=\" wp-image-1284 \" alt=\"Flammes dans la For\u00eat de Macchia\" src=\"https:\/\/blog.chouynard.ca\/wp-content\/uploads\/2013\/09\/Macchia2-300x300.jpg\" width=\"240\" height=\"240\" srcset=\"https:\/\/blog.chouynard.ca\/wp-content\/uploads\/2013\/09\/Macchia2-300x300.jpg 300w, https:\/\/blog.chouynard.ca\/wp-content\/uploads\/2013\/09\/Macchia2-150x150.jpg 150w, https:\/\/blog.chouynard.ca\/wp-content\/uploads\/2013\/09\/Macchia2.jpg 719w\" sizes=\"auto, (max-width: 240px) 100vw, 240px\" \/><\/a><p id=\"caption-attachment-1284\" class=\"wp-caption-text\">Flammes dans la For\u00eat de Macchia<\/p><\/div>\n<div id=\"attachment_1285\" style=\"width: 235px\" class=\"wp-caption alignright\"><a href=\"https:\/\/blog.chouynard.ca\/wp-content\/uploads\/2013\/09\/Macchia3.jpg\"><img loading=\"lazy\" decoding=\"async\" aria-describedby=\"caption-attachment-1285\" class=\"size-medium wp-image-1285 \" alt=\"Corolles ou coquilles?\" src=\"https:\/\/blog.chouynard.ca\/wp-content\/uploads\/2013\/09\/Macchia3-225x300.jpg\" width=\"225\" height=\"300\" srcset=\"https:\/\/blog.chouynard.ca\/wp-content\/uploads\/2013\/09\/Macchia3-225x300.jpg 225w, https:\/\/blog.chouynard.ca\/wp-content\/uploads\/2013\/09\/Macchia3.jpg 720w\" sizes=\"auto, (max-width: 225px) 100vw, 225px\" \/><\/a><p id=\"caption-attachment-1285\" class=\"wp-caption-text\">Corolles ou coquilles?<\/p><\/div>\n<p>&nbsp;<\/p>\n<p>&nbsp;<\/p>\n<p>&nbsp;<\/p>\n<p>&nbsp;<\/p>\n<p>&nbsp;<\/p>\n<p>&nbsp;<\/p>\n<p>&nbsp;<\/p>\n<p>&nbsp;<\/p>\n<div id=\"attachment_1289\" style=\"width: 310px\" class=\"wp-caption alignnone\"><a href=\"https:\/\/blog.chouynard.ca\/wp-content\/uploads\/2013\/09\/Macchia5.jpg\"><img loading=\"lazy\" decoding=\"async\" aria-describedby=\"caption-attachment-1289\" class=\"size-medium wp-image-1289\" alt=\"Constellation in ze For\u00east de Macchia\" src=\"https:\/\/blog.chouynard.ca\/wp-content\/uploads\/2013\/09\/Macchia5-300x225.jpg\" width=\"300\" height=\"225\" srcset=\"https:\/\/blog.chouynard.ca\/wp-content\/uploads\/2013\/09\/Macchia5-300x225.jpg 300w, https:\/\/blog.chouynard.ca\/wp-content\/uploads\/2013\/09\/Macchia5.jpg 960w\" sizes=\"auto, (max-width: 300px) 100vw, 300px\" \/><\/a><p id=\"caption-attachment-1289\" class=\"wp-caption-text\">Constellation in ze Forest de Macchia<\/p><\/div>\n<p>J&rsquo;ai mis peu de temps par la suite, au fil des autres salles, \u00e0 \u00eatre totalement conquis par la beaut\u00e9, la diversit\u00e9 et la complexit\u00e9 du travail de cet artiste n\u00e9 en 1941 dans le nord-ouest am\u00e9ricain. On a dit de lui qu&rsquo;il a \u00e9lev\u00e9 le m\u00e9tier de souffleur de verre au plus hauts niveaux artistiques et je suis assez d&rsquo;accord avec cette affirmation.<\/p>\n<div id=\"attachment_1291\" style=\"width: 310px\" class=\"wp-caption aligncenter\"><a href=\"https:\/\/blog.chouynard.ca\/wp-content\/uploads\/2013\/09\/Foret6_1.jpg\"><img loading=\"lazy\" decoding=\"async\" aria-describedby=\"caption-attachment-1291\" class=\"size-medium wp-image-1291\" alt=\"For\u00eat de verre no.6\" src=\"https:\/\/blog.chouynard.ca\/wp-content\/uploads\/2013\/09\/Foret6_1-300x225.jpg\" width=\"300\" height=\"225\" srcset=\"https:\/\/blog.chouynard.ca\/wp-content\/uploads\/2013\/09\/Foret6_1-300x225.jpg 300w, https:\/\/blog.chouynard.ca\/wp-content\/uploads\/2013\/09\/Foret6_1.jpg 960w\" sizes=\"auto, (max-width: 300px) 100vw, 300px\" \/><\/a><p id=\"caption-attachment-1291\" class=\"wp-caption-text\">For\u00eat de verre no.6<\/p><\/div>\n<p>Plus j&rsquo;avan\u00e7ais dans les salles, plus j&rsquo;\u00e9tais \u00e9merveill\u00e9 par les r\u00e9alisations de Chihuly. De la <em>For\u00eat de verre no. 6<\/em>, on passe \u00e0 la salle des <em>Barques<\/em>, puis \u00e0 celle de <em>Mille Fiori<\/em> (mille fleurs), un v\u00e9ritable jardin de couleurs et de lumi\u00e8re.<\/p>\n<div id=\"attachment_1293\" style=\"width: 650px\" class=\"wp-caption aligncenter\"><a href=\"https:\/\/blog.chouynard.ca\/wp-content\/uploads\/2013\/09\/Barque3.jpg\"><img loading=\"lazy\" decoding=\"async\" aria-describedby=\"caption-attachment-1293\" class=\"size-large wp-image-1293\" alt=\"Une barque d'abondance\" src=\"https:\/\/blog.chouynard.ca\/wp-content\/uploads\/2013\/09\/Barque3-1024x768.jpg\" width=\"640\" height=\"480\" srcset=\"https:\/\/blog.chouynard.ca\/wp-content\/uploads\/2013\/09\/Barque3-1024x768.jpg 1024w, https:\/\/blog.chouynard.ca\/wp-content\/uploads\/2013\/09\/Barque3-300x225.jpg 300w\" sizes=\"auto, (max-width: 640px) 100vw, 640px\" \/><\/a><p id=\"caption-attachment-1293\" class=\"wp-caption-text\">Une barque d&rsquo;abondance<\/p><\/div>\n<div id=\"attachment_1297\" style=\"width: 280px\" class=\"wp-caption alignleft\"><a href=\"https:\/\/blog.chouynard.ca\/wp-content\/uploads\/2013\/09\/Barque1.jpg\"><img loading=\"lazy\" decoding=\"async\" aria-describedby=\"caption-attachment-1297\" class=\" wp-image-1297 \" alt=\"Embarque pour l'univers\" src=\"https:\/\/blog.chouynard.ca\/wp-content\/uploads\/2013\/09\/Barque1-300x225.jpg\" width=\"270\" height=\"203\" srcset=\"https:\/\/blog.chouynard.ca\/wp-content\/uploads\/2013\/09\/Barque1-300x225.jpg 300w, https:\/\/blog.chouynard.ca\/wp-content\/uploads\/2013\/09\/Barque1-1024x768.jpg 1024w\" sizes=\"auto, (max-width: 270px) 100vw, 270px\" \/><\/a><p id=\"caption-attachment-1297\" class=\"wp-caption-text\">Embarque pour l&rsquo;univers<\/p><\/div>\n<div id=\"attachment_1298\" style=\"width: 280px\" class=\"wp-caption alignright\"><a href=\"https:\/\/blog.chouynard.ca\/wp-content\/uploads\/2013\/09\/Barque2.jpg\"><img loading=\"lazy\" decoding=\"async\" aria-describedby=\"caption-attachment-1298\" class=\" wp-image-1298 \" alt=\"coco, agate ou patate?\" src=\"https:\/\/blog.chouynard.ca\/wp-content\/uploads\/2013\/09\/Barque2-300x300.jpg\" width=\"270\" height=\"270\" srcset=\"https:\/\/blog.chouynard.ca\/wp-content\/uploads\/2013\/09\/Barque2-300x300.jpg 300w, https:\/\/blog.chouynard.ca\/wp-content\/uploads\/2013\/09\/Barque2-150x150.jpg 150w, https:\/\/blog.chouynard.ca\/wp-content\/uploads\/2013\/09\/Barque2-1024x1024.jpg 1024w\" sizes=\"auto, (max-width: 270px) 100vw, 270px\" \/><\/a><p id=\"caption-attachment-1298\" class=\"wp-caption-text\">carafe, agate ou patate?<\/p><\/div>\n<p>&nbsp;<\/p>\n<p>&nbsp;<\/p>\n<p>&nbsp;<\/p>\n<p>&nbsp;<\/p>\n<p>&nbsp;<\/p>\n<p>&nbsp;<\/p>\n<p>&nbsp;<\/p>\n<p>&nbsp;<\/p>\n<div id=\"attachment_1314\" style=\"width: 650px\" class=\"wp-caption aligncenter\"><a href=\"https:\/\/blog.chouynard.ca\/wp-content\/uploads\/2013\/09\/MilleFiori1.jpg\"><img loading=\"lazy\" decoding=\"async\" aria-describedby=\"caption-attachment-1314\" class=\"size-large wp-image-1314\" alt=\"Jardin de Mille Fiori\" src=\"https:\/\/blog.chouynard.ca\/wp-content\/uploads\/2013\/09\/MilleFiori1-1024x768.jpg\" width=\"640\" height=\"480\" srcset=\"https:\/\/blog.chouynard.ca\/wp-content\/uploads\/2013\/09\/MilleFiori1-1024x768.jpg 1024w, https:\/\/blog.chouynard.ca\/wp-content\/uploads\/2013\/09\/MilleFiori1-300x225.jpg 300w\" sizes=\"auto, (max-width: 640px) 100vw, 640px\" \/><\/a><p id=\"caption-attachment-1314\" class=\"wp-caption-text\">Jardin de Mille Fiori<\/p><\/div>\n<p>Ensuite, dans la salle <em>Lustres et Tours<\/em> j&rsquo;ai \u00e9t\u00e9 compl\u00e8tement secou\u00e9; des structures gigantesques faites de dizaines, sinon de centaines de pi\u00e8ces de verre, ind\u00e9pendantes les unes des autres, ont \u00e9t\u00e9 assembl\u00e9es sur place pour former des lustres monumentaux aux scintillements presque irr\u00e9els. Qui plus est, mes ant\u00e9c\u00e9dents de mus\u00e9ologue sp\u00e9cialis\u00e9 en tourn\u00e9es d&rsquo;exposition, n&rsquo;en revenaient pas du travail titanesque qu&rsquo;impliquait le fait de d\u00e9placer, de d\u00e9monter et de remonter minutieusement ces \u0153uvres d&rsquo;une fragilit\u00e9 hors du commun.<\/p>\n<div id=\"attachment_1302\" style=\"width: 650px\" class=\"wp-caption aligncenter\"><a href=\"https:\/\/blog.chouynard.ca\/wp-content\/uploads\/2013\/09\/Persan1.jpg\"><img loading=\"lazy\" decoding=\"async\" aria-describedby=\"caption-attachment-1302\" class=\"size-large wp-image-1302\" alt=\"Plafond Persan reposant\" src=\"https:\/\/blog.chouynard.ca\/wp-content\/uploads\/2013\/09\/Persan1-1024x768.jpg\" width=\"640\" height=\"480\" srcset=\"https:\/\/blog.chouynard.ca\/wp-content\/uploads\/2013\/09\/Persan1-1024x768.jpg 1024w, https:\/\/blog.chouynard.ca\/wp-content\/uploads\/2013\/09\/Persan1-300x225.jpg 300w\" sizes=\"auto, (max-width: 640px) 100vw, 640px\" \/><\/a><p id=\"caption-attachment-1302\" class=\"wp-caption-text\">Plafond Persan reposant<\/p><\/div>\n<p>Mon circuit de visite s&rsquo;est termin\u00e9 par la salle <em>Plafond Persan<\/em>, la plus belle de toute \u00e0 mon avis. Imaginez, un plafond de verre sur lequel ont \u00e9t\u00e9 dispos\u00e9es d&rsquo;innombrables pi\u00e8ces de verre souffl\u00e9 aux couleurs magnifiques et au travers desquelles passe une lumi\u00e8re apaisante; des tapis permettent m\u00eame aux visiteurs de s&rsquo;allonger pour profiter pleinement d&rsquo;un moment d&rsquo;extase.<\/p>\n<div id=\"attachment_1304\" style=\"width: 650px\" class=\"wp-caption aligncenter\"><a href=\"https:\/\/blog.chouynard.ca\/wp-content\/uploads\/2013\/09\/Persan2.jpg\"><img loading=\"lazy\" decoding=\"async\" aria-describedby=\"caption-attachment-1304\" class=\"size-large wp-image-1304\" alt=\"Plafond Persan relaxant\" src=\"https:\/\/blog.chouynard.ca\/wp-content\/uploads\/2013\/09\/Persan2-1024x768.jpg\" width=\"640\" height=\"480\" srcset=\"https:\/\/blog.chouynard.ca\/wp-content\/uploads\/2013\/09\/Persan2-1024x768.jpg 1024w, https:\/\/blog.chouynard.ca\/wp-content\/uploads\/2013\/09\/Persan2-300x225.jpg 300w\" sizes=\"auto, (max-width: 640px) 100vw, 640px\" \/><\/a><p id=\"caption-attachment-1304\" class=\"wp-caption-text\">Plafond Persan stimulant<\/p><\/div>\n<div id=\"attachment_1305\" style=\"width: 650px\" class=\"wp-caption aligncenter\"><a href=\"https:\/\/blog.chouynard.ca\/wp-content\/uploads\/2013\/09\/Persan3.jpg\"><img loading=\"lazy\" decoding=\"async\" aria-describedby=\"caption-attachment-1305\" class=\"size-large wp-image-1305\" alt=\"Plafond Persan apaisant\" src=\"https:\/\/blog.chouynard.ca\/wp-content\/uploads\/2013\/09\/Persan3-1024x768.jpg\" width=\"640\" height=\"480\" srcset=\"https:\/\/blog.chouynard.ca\/wp-content\/uploads\/2013\/09\/Persan3-1024x768.jpg 1024w, https:\/\/blog.chouynard.ca\/wp-content\/uploads\/2013\/09\/Persan3-300x225.jpg 300w\" sizes=\"auto, (max-width: 640px) 100vw, 640px\" \/><\/a><p id=\"caption-attachment-1305\" class=\"wp-caption-text\">Plafond Persan apaisant<\/p><\/div>\n<p>Un conseil : une visite s&rsquo;impose! Jusqu&rsquo;au 20 octobre 2013 au <a href=\"http:\/\/www.mbam.qc.ca\/\" target=\"_blank\">Mus\u00e9e des Beaux-Arts de Montr\u00e9al<\/a>.<\/p>\n<p>Au sortir de l&rsquo;exposition, j&#8217;emprunte une cage pi\u00e9tonne du mus\u00e9e et suis aussit\u00f4t fascin\u00e9 par le garde-corps&#8230; de verre. Comme la lumi\u00e8re peut changer notre perception du monde!<\/p>\n<div id=\"attachment_1317\" style=\"width: 650px\" class=\"wp-caption aligncenter\"><a href=\"https:\/\/blog.chouynard.ca\/wp-content\/uploads\/2013\/09\/Escalier2.jpg\"><img loading=\"lazy\" decoding=\"async\" aria-describedby=\"caption-attachment-1317\" class=\"size-large wp-image-1317\" alt=\"Escalier2\" src=\"https:\/\/blog.chouynard.ca\/wp-content\/uploads\/2013\/09\/Escalier2-1024x768.jpg\" width=\"640\" height=\"480\" srcset=\"https:\/\/blog.chouynard.ca\/wp-content\/uploads\/2013\/09\/Escalier2-1024x768.jpg 1024w, https:\/\/blog.chouynard.ca\/wp-content\/uploads\/2013\/09\/Escalier2-300x225.jpg 300w\" sizes=\"auto, (max-width: 640px) 100vw, 640px\" \/><\/a><p id=\"caption-attachment-1317\" class=\"wp-caption-text\">Presque souffl\u00e9 par un escalier pas souffl\u00e9!<\/p><\/div>\n<p>\u00c0 la bonne place au bon moment!<\/p>\n","protected":false},"excerpt":{"rendered":"<p>La courte histoire d&rsquo;une visite au Mus\u00e9e des Beaux-Arts de Montr\u00e9al pour visiter une formidable exposition, celle des \u0153uvres de Dale Chihuly. \u00c0 ne pas manquer entre le 8 juin et le 20 octobre 2013. <a href=\"https:\/\/blog.chouynard.ca\/?p=1276\">Continuer la lecture <span class=\"meta-nav\">&rarr;<\/span><\/a><\/p>\n","protected":false},"author":4,"featured_media":0,"comment_status":"open","ping_status":"open","sticky":false,"template":"","format":"standard","meta":{"ngg_post_thumbnail":0,"footnotes":""},"categories":[21],"tags":[50,40,7,41,105,25],"class_list":["post-1276","post","type-post","status-publish","format-standard","hentry","category-billet-2","tag-art","tag-arts-visuels","tag-billet","tag-exposition","tag-montreal","tag-musee-des-beaux-arts"],"jetpack_featured_media_url":"","_links":{"self":[{"href":"https:\/\/blog.chouynard.ca\/index.php?rest_route=\/wp\/v2\/posts\/1276","targetHints":{"allow":["GET"]}}],"collection":[{"href":"https:\/\/blog.chouynard.ca\/index.php?rest_route=\/wp\/v2\/posts"}],"about":[{"href":"https:\/\/blog.chouynard.ca\/index.php?rest_route=\/wp\/v2\/types\/post"}],"author":[{"embeddable":true,"href":"https:\/\/blog.chouynard.ca\/index.php?rest_route=\/wp\/v2\/users\/4"}],"replies":[{"embeddable":true,"href":"https:\/\/blog.chouynard.ca\/index.php?rest_route=%2Fwp%2Fv2%2Fcomments&post=1276"}],"version-history":[{"count":30,"href":"https:\/\/blog.chouynard.ca\/index.php?rest_route=\/wp\/v2\/posts\/1276\/revisions"}],"predecessor-version":[{"id":1323,"href":"https:\/\/blog.chouynard.ca\/index.php?rest_route=\/wp\/v2\/posts\/1276\/revisions\/1323"}],"wp:attachment":[{"href":"https:\/\/blog.chouynard.ca\/index.php?rest_route=%2Fwp%2Fv2%2Fmedia&parent=1276"}],"wp:term":[{"taxonomy":"category","embeddable":true,"href":"https:\/\/blog.chouynard.ca\/index.php?rest_route=%2Fwp%2Fv2%2Fcategories&post=1276"},{"taxonomy":"post_tag","embeddable":true,"href":"https:\/\/blog.chouynard.ca\/index.php?rest_route=%2Fwp%2Fv2%2Ftags&post=1276"}],"curies":[{"name":"wp","href":"https:\/\/api.w.org\/{rel}","templated":true}]}}