{"id":1325,"date":"2013-11-09T16:54:58","date_gmt":"2013-11-09T20:54:58","guid":{"rendered":"https:\/\/blog.chouynard.ca\/?p=1325"},"modified":"2013-11-09T16:54:58","modified_gmt":"2013-11-09T20:54:58","slug":"la-mano-de-fatima-novela-de-ildefonso-falcones","status":"publish","type":"post","link":"https:\/\/blog.chouynard.ca\/?p=1325","title":{"rendered":"LA MANO DE F\u00c1TIMA \u2013 Novela de Ildefonso Falcones"},"content":{"rendered":"<p>Ficci\u00f3n hist\u00f3rica del autor barcelon\u00e9s Ildefonso Falcones de Sierra (Primera edici\u00f3n Vintage Espa\u00f1ol, agosto 2009); Random House Mondadori, 955p. &#8211; Nota apreciativa : 8,5\/10.<br \/>\nPara los que quieren las novelas de acci\u00f3n con personajes inolvidables, situaciones incre\u00edbles sobre un trasfondo hist\u00f3rico fuerte.<\/p>\n<div id=\"attachment_1329\" style=\"width: 394px\" class=\"wp-caption alignleft\"><a href=\"https:\/\/blog.chouynard.ca\/wp-content\/uploads\/2013\/09\/FatimaCov_1.jpeg\"><img loading=\"lazy\" decoding=\"async\" aria-describedby=\"caption-attachment-1329\" class=\" wp-image-1329 \" alt=\"Tapa del libro\" src=\"https:\/\/blog.chouynard.ca\/wp-content\/uploads\/2013\/09\/FatimaCov_1-731x1024.jpeg\" width=\"384\" height=\"538\" srcset=\"https:\/\/blog.chouynard.ca\/wp-content\/uploads\/2013\/09\/FatimaCov_1-731x1024.jpeg 731w, https:\/\/blog.chouynard.ca\/wp-content\/uploads\/2013\/09\/FatimaCov_1-214x300.jpeg 214w, https:\/\/blog.chouynard.ca\/wp-content\/uploads\/2013\/09\/FatimaCov_1.jpeg 1542w\" sizes=\"auto, (max-width: 384px) 100vw, 384px\" \/><\/a><p id=\"caption-attachment-1329\" class=\"wp-caption-text\">Tapa del libro<\/p><\/div>\n<p>Apasionadas discusiones en la actualidad del Occidente, como en Qu\u00e9bec con la Carta de los valores (o sea como van a llamarla), hacen que, en mi opinion, este libro deber\u00eda encontrar mas inter\u00e9s. Grande parte de la intriga se apoya en el deseo del h\u00e9roe de descubrir una armoniosa manera de acercar el catolicismo y el islam. Curiosamente, los dos religiones son estrechamente ligados en su patrimonio cultural.<br \/>\nA pesar de este vinculo fortuito, el libro ofrece una lectura perfecta para los que quieren\u00a0 las novelas de acci\u00f3n y aventuras poblados de personajes inolvidables, llenas de situaciones a los l\u00edmites de la imaginaci\u00f3n y sobre un fuerte fondo historico.<\/p>\n<p>El siguiente resumen, que se encuentra en la ultima pagina de cobertura, es muy lejos de dar cuenta de todo lo que esta en la novela.<\/p>\n<p>\u00abLa apasionante historia de un joven atrapado entre dos religiones y dos amores, en busca de su libertad y la de su pueblo.<\/p>\n<p><!--more-->Espa\u00f1a, secunda mitad del siglo XVI: hace m\u00e1s de medio siglo que ha desaparecido el \u00faltimo reino musulm\u00e1n de la pen\u00ednsula, el de Granada. Los musulmanes, cuya presencia tenia ochocientos a\u00f1os\u00a0 de antig\u00fcedad, se ven convertidos en una minor\u00eda oprimida econ\u00f3micamente y humillada en sus costumbres y religi\u00f3n, que incluso son obligados a abandonar.<br \/>\nHartos de tantas injusticia, los moriscos, que es como se llamaba a los musulmanes espa\u00f1oles, se alzan en los montes de Granada contra los cristianos y emprenden una lucha desigual. Entre los sublevados est\u00e1 Hernando, hijo de una morisca y del sacerdote que la hab\u00eda violado; ello hace que sea rechazado, tanto por los suyos debido a su origen, como de los cristianos, por la cultura y costumbres de su madre. Hernando busca libertad de unos y otros. Tambi\u00e9n descubre el amor, en la persona de la valerosa F\u00e1tima, la de los hermosos ojos negros.<br \/>\nTras la derrota de la insurrecci\u00f3n, Hernando es deportado a la ciudad de C\u00f3rdoba, la hermosa ciudad que a\u00fan conserva el legado de su pasado \u00e1rabe. En ella Hernando intenta comenzar una nueva vida, que ser\u00e1 una nueva etapa en la lucha por la tolerancia y la concordia entre las dos culturas.<br \/>\nEl autor de La catedral del mar vuelve con una trepidante novela con las mismas claves que llevaron al \u00e9xito a la primera: fidelidad hist\u00f3rica entrecruzada con un conmovedor relato de amor y odio, de ilusiones perdidas y esperanzas que dan sentido a la vida y la lanzan por los caminos de la aventura.\u00bb<\/p>\n<p>Como la otra novela muy conocida de Ildefonso Falcones, <em>La catedral del mar<\/em>, por la cual el sitio Chouynardises etc present\u00f3 un articulo al principio de este a\u00f1o (cf. <a href=\"https:\/\/blog.chouynard.ca\/?p=1132\" target=\"_blank\"><em>La catedral del mar<\/em><\/a>; enero 2013), esta es tambi\u00e9n una ficci\u00f3n hist\u00f3rica muy bien documentada aun sobre una \u00e9poca diferente de la historia de Espa\u00f1a.<br \/>\nUn poco de historia : La fin del siglo XVI es una \u00e9poca muy agitada en el sureste del pa\u00eds a causa de las dificultades de cohabitaci\u00f3n entre la antigua poblaci\u00f3n mora y la cristiana. Los moros son descendientes de los arabes del norte de Africa que invadieron la pen\u00ednsula ib\u00e9rica hace mas de 800 a\u00f1os. Como se puede imaginar, ellos profesan la fe musulmana. La victoria de los reyes cat\u00f3licos Ferdinand de Aragon y Isabella de Castilla da a los cristianos el deseo de imponer sus derechos de nuevo conquistadores. El ultimo rey musulm\u00e1n, Muh\u00e1mmad XII o Boabdil, hab\u00eda sido derrotado en Granada en 1492. Poco a poco, los cristianos rechazan cientos de millares de \u00e1rabes musulmanes, aislandolos en el territorio, trat\u00e1ndolos como personas de baja categor\u00eda y aun oblig\u00e1ndolos a renegar su fe. Al principio del siglo XVII, la corona espa\u00f1ola procedi\u00f3 manu militari a la dram\u00e1tica expulsi\u00f3n y deportaci\u00f3n de los 300 000 moriscos de Espa\u00f1a, principalmente hasta el norte de Africa.<\/p>\n<p>La novela se desarrolla en este contexto social y va a extenderse de 1568 hasta mas o menos 1612.<\/p>\n<p>Durante todo el libro el lector sigue un personaje principal. Hernando Ruiz o Ibn Amid como era su nombre \u00e1rabe. Al principio, Hernando es un joven adolescente cogido en un contexto ambivalente, entre cristianismo y islam, entre culturas \u00e1rabe y espa\u00f1ola. Entonces, empez\u00f3 los movimientos insurrecciones de los moriscos en las Alpurarras, regi\u00f3n pobre cerca de la Sierra Nevada. No es extra\u00f1o que todo eso va a influir en su actuaci\u00f3n durante todo su vida. Y como ustedes pueden imaginar, ella es siempre muy complicada. Sin embargo, Hernando va a experimentar muchas situaciones fuera de los usuales. Pero el personaje es inteligente, curioso y determinado y como hay un Dios para los h\u00e9roes de novela, como en Hollywood, Ibn Amid siempre encontr\u00f3 una salida. As\u00ed, la novela nos arrastra desde las Alpujarras hasta los ciudades de Granada, de Cordoba donde se desarrolla la mayor parte del acci\u00f3n novelesca.<\/p>\n<p>La presentaci\u00f3n del territorio donde se ubica la trama, que sea el entorno campesino, la monta\u00f1a, los pueblos o los ciudades, todo se hace de manera a que, al final, da enorme deseo de conocer y de visitar atentamente todo eso, particularmente Granada, Cordoba y Sevilla. Sin embargo, para el que no esta todav\u00eda acostumbrado al pais, puede ser dif\u00edcil\u00a0 de imaginar la topograf\u00eda con los \u00fanicos indicaciones del libro. Habr\u00eda gustado mucho tener una mapa de la regi\u00f3n como la siguiente, que aprovechamos gracias a Wikipedia.<\/p>\n<div id=\"attachment_1422\" style=\"width: 839px\" class=\"wp-caption alignleft\"><a href=\"https:\/\/blog.chouynard.ca\/wp-content\/uploads\/2013\/10\/Cordoue-copie.jpg\"><img loading=\"lazy\" decoding=\"async\" aria-describedby=\"caption-attachment-1422\" class=\"size-full wp-image-1422\" alt=\"Principales focos de la rebeli\u00f3n.en las Alpujarras 1568-1571 (fuente : http:\/\/commons.wikimedia.org\/wiki\/Image:Iber)\" src=\"https:\/\/blog.chouynard.ca\/wp-content\/uploads\/2013\/10\/Cordoue-copie.jpg\" width=\"829\" height=\"508\" srcset=\"https:\/\/blog.chouynard.ca\/wp-content\/uploads\/2013\/10\/Cordoue-copie.jpg 829w, https:\/\/blog.chouynard.ca\/wp-content\/uploads\/2013\/10\/Cordoue-copie-300x183.jpg 300w\" sizes=\"auto, (max-width: 829px) 100vw, 829px\" \/><\/a><p id=\"caption-attachment-1422\" class=\"wp-caption-text\">Principales focos de la rebeli\u00f3n.en las Alpujarras 1568-1571 (fuente : http:\/\/commons.wikimedia.org\/wiki\/Image:Iber)<\/p><\/div>\n<div id=\"attachment_1332\" style=\"width: 224px\" class=\"wp-caption alignleft\"><a href=\"https:\/\/blog.chouynard.ca\/wp-content\/uploads\/2013\/09\/ManoFatima1.1.jpeg\"><img loading=\"lazy\" decoding=\"async\" aria-describedby=\"caption-attachment-1332\" class=\"size-medium wp-image-1332\" alt=\"Primera pagina de la tercera parte del libro con una citaci\u00f3n del Evangelio de Barnab\u00e9. Hernando deseaba tanto acercar los 2 religiones y ve\u00eda el Evangelio de Barnab\u00e9 como un puente entre los dos.\" src=\"https:\/\/blog.chouynard.ca\/wp-content\/uploads\/2013\/09\/ManoFatima1.1-214x300.jpeg\" width=\"214\" height=\"300\" srcset=\"https:\/\/blog.chouynard.ca\/wp-content\/uploads\/2013\/09\/ManoFatima1.1-214x300.jpeg 214w, https:\/\/blog.chouynard.ca\/wp-content\/uploads\/2013\/09\/ManoFatima1.1-731x1024.jpeg 731w\" sizes=\"auto, (max-width: 214px) 100vw, 214px\" \/><\/a><p id=\"caption-attachment-1332\" class=\"wp-caption-text\">Primera pagina de la tercera parte; Hernando deseaba acercar los 2 religiones y ve\u00eda el Evangelio de Barnab\u00e9 como un puente entre los dos.<\/p><\/div>\n<p>&nbsp;<\/p>\n<p>&nbsp;<\/p>\n<p>&nbsp;<\/p>\n<p>&nbsp;<\/p>\n<p>&nbsp;<\/p>\n<p>La novela tiene cuatro partes divididos en 69 cap\u00edtulos as\u00ed que un epilogo. Las partes se llaman : En nombre de Al\u00e1; En nombre del amor; En nombre de la fe; En nombre de nuestro se\u00f1or.<\/p>\n<p>&nbsp;<\/p>\n<p>&nbsp;<\/p>\n<p>Por que la mano de F\u00e1tima?<br \/>\n<a href=\"https:\/\/blog.chouynard.ca\/wp-content\/uploads\/2013\/09\/ManoFatima1_1.jpeg\"><img loading=\"lazy\" decoding=\"async\" class=\"alignleft size-medium wp-image-1333\" alt=\"ManoFatima1_1\" src=\"https:\/\/blog.chouynard.ca\/wp-content\/uploads\/2013\/09\/ManoFatima1_1-214x300.jpeg\" width=\"214\" height=\"300\" srcset=\"https:\/\/blog.chouynard.ca\/wp-content\/uploads\/2013\/09\/ManoFatima1_1-214x300.jpeg 214w, https:\/\/blog.chouynard.ca\/wp-content\/uploads\/2013\/09\/ManoFatima1_1-731x1024.jpeg 731w, https:\/\/blog.chouynard.ca\/wp-content\/uploads\/2013\/09\/ManoFatima1_1.jpeg 1082w\" sizes=\"auto, (max-width: 214px) 100vw, 214px\" \/><\/a>En la novela, F\u00e1tima es el nombre del amor de su vida de Hernando. Pero hay tambi\u00e9n una joya simb\u00f3lica que pertenece a F\u00e1tima, que parece a una mano con cinco dedos y que se transmite de uno a otro protagonismos durante la narraci\u00f3n. Este objeto es importante por comprender el Islam porque, como le explica\u00a0 el autor en su Nota, \u00abLa mano de F\u00e1tima (al-hamsa) es un amuleto en forma de mano con cinco dedos, que, al decir de algunas teor\u00edas, representan los cinco pilares de la fe: la declaraci\u00f3n de fe (shahada); la oraci\u00f3n cinco veces al d\u00eda (salar); la limosna legal (zakat); et ayuno (ramad\u00e1n) y la peregrinaci\u00f3n a La Meca al menos una vez en la vida (hach). Sin embargo, este amuleto tambi\u00e9n aparece en la tradici\u00f3n jud\u00eda.\u00bb<br \/>\nPor otra parte, y en vinculo con la carta de los valores y sus consecuencias, es notable que la novela adelanta un concepto interesante : parece que un musulman, en situaci\u00f3n o territorio\u00a0 hostile o de guerra jamas esta obligado\u00a0 de se comportar de forma diferente de los dem\u00e1s. No soy un aficionado de la religion musulmana pero me gustar\u00eda mucho recibir comentarios de los ex\u00e9getas\u2026<br \/>\nFinalmente, creo que la novela me encant\u00e9 por multiples razones. Primero, a causa de la pluma fina del autor y de su diestra manera de estructurar la intriga. Despu\u00e9s, me gusto mucho su manera de hacer descripciones muy amenas y de arrastrar el lector en una serie de resurgimientos que se encadenan casi durante todo la historia. Sin olvidar tambi\u00e9n que Ildefonso Falcones utiliza un trasfondo hist\u00f3rico cuidadosamente documentado y yo le agradezco mucho por eso y por apoyar todo esto con detalles muy pertinentes en la Nota del autor al fin del libro.<\/p>\n<p>Por mi parte, aconsejo leerlo a todos los que este tipo de novela pueden interesar. Vale la pena!<\/p>\n","protected":false},"excerpt":{"rendered":"<p>Me encanto La mano de  F\u00e1tima, una novela de 955 paginas de Ildefonso Falcones. Le\u00ed este libro hace poco tiempo y le doy una buena nota de 8,5\/10. <a href=\"https:\/\/blog.chouynard.ca\/?p=1325\">Continuer la lecture <span class=\"meta-nav\">&rarr;<\/span><\/a><\/p>\n","protected":false},"author":4,"featured_media":0,"comment_status":"open","ping_status":"open","sticky":false,"template":"","format":"standard","meta":{"ngg_post_thumbnail":0,"footnotes":""},"categories":[34],"tags":[35,109,107,92,108,106,93,69,65],"class_list":["post-1325","post","type-post","status-publish","format-standard","hentry","category-compte-rendu-de-lecture","tag-carnet-de-lecture","tag-catolismo","tag-espana","tag-ildefonso-falcones","tag-islam","tag-novela","tag-novela-historiaca","tag-religion","tag-roman"],"jetpack_featured_media_url":"","_links":{"self":[{"href":"https:\/\/blog.chouynard.ca\/index.php?rest_route=\/wp\/v2\/posts\/1325","targetHints":{"allow":["GET"]}}],"collection":[{"href":"https:\/\/blog.chouynard.ca\/index.php?rest_route=\/wp\/v2\/posts"}],"about":[{"href":"https:\/\/blog.chouynard.ca\/index.php?rest_route=\/wp\/v2\/types\/post"}],"author":[{"embeddable":true,"href":"https:\/\/blog.chouynard.ca\/index.php?rest_route=\/wp\/v2\/users\/4"}],"replies":[{"embeddable":true,"href":"https:\/\/blog.chouynard.ca\/index.php?rest_route=%2Fwp%2Fv2%2Fcomments&post=1325"}],"version-history":[{"count":16,"href":"https:\/\/blog.chouynard.ca\/index.php?rest_route=\/wp\/v2\/posts\/1325\/revisions"}],"predecessor-version":[{"id":1469,"href":"https:\/\/blog.chouynard.ca\/index.php?rest_route=\/wp\/v2\/posts\/1325\/revisions\/1469"}],"wp:attachment":[{"href":"https:\/\/blog.chouynard.ca\/index.php?rest_route=%2Fwp%2Fv2%2Fmedia&parent=1325"}],"wp:term":[{"taxonomy":"category","embeddable":true,"href":"https:\/\/blog.chouynard.ca\/index.php?rest_route=%2Fwp%2Fv2%2Fcategories&post=1325"},{"taxonomy":"post_tag","embeddable":true,"href":"https:\/\/blog.chouynard.ca\/index.php?rest_route=%2Fwp%2Fv2%2Ftags&post=1325"}],"curies":[{"name":"wp","href":"https:\/\/api.w.org\/{rel}","templated":true}]}}