{"id":1405,"date":"2013-10-24T11:32:25","date_gmt":"2013-10-24T15:32:25","guid":{"rendered":"https:\/\/blog.chouynard.ca\/?p=1405"},"modified":"2014-01-07T10:36:34","modified_gmt":"2014-01-07T14:36:34","slug":"les-revoltes-de-cordoue-roman-de-ildefonso-falcones","status":"publish","type":"post","link":"https:\/\/blog.chouynard.ca\/?p=1405","title":{"rendered":"LES R\u00c9VOLT\u00c9S DE CORDOUE \u2013 roman de Ildefonso Falcones"},"content":{"rendered":"<p>Un roman de l&rsquo;auteur barcelonais, Idefonso Falcones de Sierra (titre original, <em>La mano de Fatima<\/em> paru chez Random House Mondadori en 2009; parution fran\u00e7aise aux \u00c9ditions Robert Laffont, Paris, 2011, 876 p.\u00a0 Traduit de l&rsquo;espagnol par Anne Plantagenet). &#8211; Note appr\u00e9ciative\u00a0 : 8,5\/10<\/p>\n<div id=\"attachment_1418\" style=\"width: 325px\" class=\"wp-caption alignleft\"><a href=\"https:\/\/blog.chouynard.ca\/wp-content\/uploads\/2013\/10\/Cordoue.jpeg\"><img loading=\"lazy\" decoding=\"async\" aria-describedby=\"caption-attachment-1418\" class=\" wp-image-1418 \" alt=\"Remerciements \u00e0 la biblioth\u00e8que de la Ville de Qu\u00e9bec pour nous avoir pr\u00eater le livre\" src=\"https:\/\/blog.chouynard.ca\/wp-content\/uploads\/2013\/10\/Cordoue-629x1024.jpeg\" width=\"315\" height=\"512\" srcset=\"https:\/\/blog.chouynard.ca\/wp-content\/uploads\/2013\/10\/Cordoue-629x1024.jpeg 629w, https:\/\/blog.chouynard.ca\/wp-content\/uploads\/2013\/10\/Cordoue-184x300.jpeg 184w, https:\/\/blog.chouynard.ca\/wp-content\/uploads\/2013\/10\/Cordoue.jpeg 1737w\" sizes=\"auto, (max-width: 315px) 100vw, 315px\" \/><\/a><p id=\"caption-attachment-1418\" class=\"wp-caption-text\">Remerciements \u00e0 la biblioth\u00e8que de la Ville de Qu\u00e9bec pour nous avoir pr\u00eater le livre<\/p><\/div>\n<p lang=\"fr-CA\">Avec les discussions passionn\u00e9es qui marquent l&rsquo;actualit\u00e9 occidentale et aussi qu\u00e9b\u00e9coise avec le projet de Charte des valeurs, j&rsquo;estime que ce bouquin devrait plus faire parler de lui. Une grande partie de l&rsquo;intrigue, repose en effet sur le d\u00e9sir du h\u00e9ro de trouver une fa\u00e7on harmonieuse de rapprocher Catholicisme et Islam. \u00c9trangement, toutes les deux font partie intrins\u00e8que de son h\u00e9ritage culturel. Mati\u00e8re \u00e0 r\u00e9flexion en perspective!<\/p>\n<p lang=\"fr-CA\">Par del\u00e0 ce lien fortuit, voici quand m\u00eame une lecture id\u00e9ale pour ceux qui aiment les romans d&rsquo;action peupl\u00e9s de personnages inoubliables, de situations \u00e0 la limite de l&rsquo;imagination sur un fort fond historique.<\/p>\n<p>Le r\u00e9sum\u00e9, en quatri\u00e8me de couverture, ne rend que faiblement justice au foisonnement romanesque de ce volumineux ouvrage mais r\u00e9ussit \u00e0 en donner un aper\u00e7u all\u00e9chant :<\/p>\n<p><!--more-->\u00abUn royaume d\u00e9chir\u00e9 entre deux religions, un amour sans limites, un homme face \u00e0 son destin\u2026<\/p>\n<p>1568, Royaume de Grenade. \u00c9cras\u00e9s par l&rsquo;Inquisition, humili\u00e9s par des ann\u00e9es d&rsquo;oppression, les Maures prennent les armes et font couler le sang dans les villages blancs de la Sierra Nevada. N\u00e9 d&rsquo;une Mauresque viol\u00e9e par un pr\u00eatre catholique, Hernando dit \u00abnazar\u00e9en\u00bb, en raison de ses yeux bleus, est entra\u00een\u00e9 dans ce combat qu&rsquo;il fera sien. M\u00e9pris\u00e9 par les uns, rejet\u00e9 par les autres il est confront\u00e9 durant l&rsquo;insurrection \u00e0 la violence et \u00e0 la cruaut\u00e9 des deux partis; il va surtout rencontrer celle qui deviendra son grand amour.<br \/>\nTour \u00e0 tour muletier, esclave entre les mains des Barbaresques, dresseur dans les haras royaux de Cordoue, et lettr\u00e9 \u00e0 la Cour, Hernando, port\u00e9 par la superbe et courageuse Fatima, n&rsquo;aura de cesse de lutter, au p\u00e9ril de sa vie, pour r\u00e9concilier les deux religions en guerre et rendre \u00e0 sa culture la dignit\u00e9 et la place qu&rsquo;elle m\u00e9rite.<br \/>\n\u00c0 la suite de ses inoubliables h\u00e9ros, Hernando et Fatima, <em>Les R\u00e9volt\u00e9s de Cordoue<\/em> nous entra\u00eene dans une fresque historique et amoureuse travers\u00e9e par le r\u00eave de tout un peuple. Au souffle romanesque et au talent de conteur d&rsquo;Ildefonso Falcones, s&rsquo;ajoute une sensibilit\u00e9 \u00e0 des th\u00e8mes &#8211; la tol\u00e9rance, le droit \u00e0 la diff\u00e9rence &#8211; dont l&rsquo;\u00e9cho se prolonge jusqu&rsquo;\u00e0 nos jours.\u00bb<\/p>\n<p>Comme la pr\u00e9c\u00e9dente aventure offerte par Ildefonso Falcones, <em>La cath\u00e9dral de la mer <\/em><em>(voir le<\/em> carnet de lecture en espagnol <em><a href=\"https:\/\/blog.chouynard.ca\/?p=1132\" target=\"_blank\">La catedral del mar<\/a><\/em>; janvier 2013), ce roman est aussi une fiction historique bien document\u00e9e, mais portant sur une \u00e9poque diff\u00e9rente de l&rsquo;histoire de l&rsquo;Espagne.<\/p>\n<p lang=\"fr-CA\">Un peu d&rsquo;histoire\u00a0: La fin du 16i\u00e8me si\u00e8cle est une \u00e9poque tr\u00e8s agit\u00e9e dans le sud-est du pays en raison des difficult\u00e9s de cohabitation entre les chr\u00e9tiens et les maures. Ces derniers sont des populations arabo-musulmanes \u00e9tablis sur le territoire depuis plus de 800 ans. La victoire des rois catholiques, Ferdinand d&rsquo;Aragon et Isabel de Castille, donnent aux chr\u00e9tiens le d\u00e9sir d&rsquo;imposer leurs droits de conqu\u00e9rants. Le dernier souverain musulman, Boadbil, a \u00e9t\u00e9 vaincu \u00e0 Grenade en 1492. Au fil des ans, les chr\u00e9tiens repoussent et isolent des centaines de milliers de maures sur des sections moins attirantes du territoire, les traitants comme \u00eatres inf\u00e9rieurs et les obligeant \u00e0 renier leur foi et \u00e0 adopter le christianisme pour tenter de gagner un minimum de consid\u00e9ration dans la soci\u00e9t\u00e9. Un peu plus de 100 ans plus tard, la couronne espagnole proc\u00e8de manu militari \u00e0 la dramatique expulsion et d\u00e9portation de 300 000 <a title=\"morisques\" href=\"http:\/\/fr.wikipedia.org\/wiki\/Morisque\" target=\"_blank\">morisques<\/a> d&rsquo;Espagne.<\/p>\n<p lang=\"fr-CA\">Le roman se d\u00e9veloppe sur ce fond de contexte social et se d\u00e9roule entre 1568 jusqu&rsquo;\u00e0 plus ou moins 1612.<\/p>\n<p lang=\"fr-CA\">Durant tout le livre, le lecteur suit ce personnage principal\u00a0: Hernando Ruiz ou Ibn Amid. Au d\u00e9part, il n&rsquo;est qu&rsquo;un adolescent n\u00e9 dans un contexte ambivalent, entre la chr\u00e9tient\u00e9 et l&rsquo;Islam, entre culture arabe et espagnole. S&rsquo;amorce alors les mouvements d&rsquo;insurrection des morisques dans les Alpujarras, r\u00e9gion pauvre aux abords de la Sierra Nevada. On se doute bien que la vie de Hernando sera souvent compliqu\u00e9e et complexe et que cela va influencer consid\u00e9rablement son attitude et ses choix. Mais le personnage est intelligent, curieux et d\u00e9termin\u00e9 et, comme il y a un dieu pour les h\u00e9ros de roman, Ibn Amid trouvera g\u00e9n\u00e9ralement une sortie positive aux emb\u00fbches. L&rsquo;histoire nous entra\u00eene ainsi des Alpujarras jusqu&rsquo;au villes de Grenade et de Cordoue dans lesquelles se passe la plus grande partie de l&rsquo;action romanesque.<\/p>\n<p lang=\"fr-CA\">La pr\u00e9sentation du territoire et de la g\u00e9ographie naturelle et humaine o\u00f9 se d\u00e9roule la trame narrative, que se soit le milieu campagnard, la montagne, les villages ou les villes, est faite de mani\u00e8re \u00e0 ce que, au final, cela donne un go\u00fbt \u00e9norme de visiter la r\u00e9gion, particuli\u00e8rement, bien s\u00fbr, Grenade, Cordoue et S\u00e9ville. Toutefois, pour l&rsquo;\u00e9tranger, il peut \u00eatre difficile de s&rsquo;y retrouver \u00e0 partir des seules indications du livre et j&rsquo;aurais appr\u00e9ci\u00e9 pouvoir disposer, d\u00e8s les premi\u00e8res pages, d&rsquo;une carte comme la suivante qui provient de Wikip\u00e9dia.<\/p>\n<p><div id=\"attachment_1422\" style=\"width: 607px\" class=\"wp-caption alignleft\"><a href=\"https:\/\/blog.chouynard.ca\/wp-content\/uploads\/2013\/10\/Cordoue-copie.jpg\"><img loading=\"lazy\" decoding=\"async\" aria-describedby=\"caption-attachment-1422\" class=\" wp-image-1422   \" alt=\"Principaux foyers de la r\u00e9volte des Alpujarras 1568-1571 (tir\u00e9 de http:\/\/commons.wikimedia.org\/wiki\/Image:Iber)\" src=\"https:\/\/blog.chouynard.ca\/wp-content\/uploads\/2013\/10\/Cordoue-copie.jpg\" width=\"597\" height=\"365\" srcset=\"https:\/\/blog.chouynard.ca\/wp-content\/uploads\/2013\/10\/Cordoue-copie.jpg 829w, https:\/\/blog.chouynard.ca\/wp-content\/uploads\/2013\/10\/Cordoue-copie-300x183.jpg 300w\" sizes=\"auto, (max-width: 597px) 100vw, 597px\" \/><\/a><p id=\"caption-attachment-1422\" class=\"wp-caption-text\">Principaux foyers de la r\u00e9volte des Alpujarras 1568-1571 (Image tir\u00e9 de Wikimedia Commons: \u00abBy T\u00e9 y kriptonita based on Image:Iberian Peninsula base map.svg created by Redtony (self-made. Approximate borders only.) [GFDL (http:\/\/www.gnu.org\/copyleft\/fdl.html) or CC-BY-SA-3.0 (http:\/\/creativecommons.org\/licenses\/by-sa\/3.0\/)]\u00bb<\/p><\/div><br \/>\nLe roman comprend quatre parties divis\u00e9es en 69 chapitres ainsi qu&rsquo;un \u00e9pilogue. Pour donner une autre perspective au contenu, voici les titres respectifs des grandes divisions du volume : Au nom d&rsquo;Allah; Au nom de l&rsquo;amour; Au nom de la foi; Au nom du Seigneur.<\/p>\n<p lang=\"fr-CA\">Dans la version fran\u00e7aise, le titre original a \u00e9t\u00e9 rendu par : <em>Les r\u00e9volt\u00e9s de Cordoue.<\/em>\u00a0Celui-ci parait r\u00e9ducteur parce qu&rsquo;il semble faire perdre une subtilit\u00e9 originale du roman. En effet, le titre espagnol, <em>La mano de Fatima,<\/em> nous dirige non seulement \u00e0 ce bijou en forme de main sym\u00e9trique (\u00e0 deux pouces) qui repr\u00e9sente un motif culturel tr\u00e8s appr\u00e9ci\u00e9 des musulmans et qui se retrouve, en fil d&rsquo;Ariane, dans tout le roman, mais il conduit aussi au personnage f\u00e9minin principal de l&rsquo;histoire, Fatima, amour \u00e9ternel de Hernando et dont l&rsquo;implication (la main) se fait sentir jusqu&rsquo;au d\u00e9nouement du roman malgr\u00e9 son absence relative de l&rsquo;action.<\/p>\n<p lang=\"fr-CA\">Par ailleurs, en lien avec les questionnements sur les cons\u00e9quences \u00e9ventuelles d&rsquo;une Charte des valeurs qu\u00e9b\u00e9coise, il est notable que le roman avance un concept qui sugg\u00e8re qu&rsquo;un musulman, en situation ou en territoire hostile n&rsquo;a aucune obligation de se comporter ou d&rsquo;apparaitre de mani\u00e8re diff\u00e9rente de ceux qui l&rsquo;entourent! Mes connaissances de la religion musulmane ne me permettent pas d&rsquo;appr\u00e9cier ce concept \u00e0 sa juste valeur mais j&rsquo;aimerais bien entendre l&rsquo;interpr\u00e9tation d&rsquo;ex\u00e9g\u00e8tes.<\/p>\n<p lang=\"fr-CA\">Enfin, je crois que ce roman m&rsquo;a s\u00e9duit pour plusieurs raisons. D&rsquo;abord \u00e0 cause la plume fine et juste de Ildefonso Falcones. Par sa mani\u00e8re tr\u00e8s habile de structurer l&rsquo;intrigue du roman, de faire des descriptions tr\u00e8s compl\u00e8tes et imag\u00e9es et d&rsquo;entra\u00eener le lecteur dans des rebondissements qui s&rsquo;encha\u00eenent durant toute l&rsquo;histoire. Ensuite j&rsquo;avoue que le sujet lui-m\u00eame me passionne parce que les les impacts in\u00e9vitables de cette longue cohabitation entre ces deux cultures sur le territoire espagnol ainsi que les transferts culturels et langagiers qui en d\u00e9coulent, piquent rapidement ma curiosit\u00e9.<\/p>\n<p>Pour ma part donc, je ne peux que conseiller fortement \u00e0 tous ceux qui aiment ce genre d&rsquo;histoire d&rsquo;en faire une lecture de chevet attentive. Ce roman en vaut la peine!<\/p>\n<p>&nbsp;<\/p>\n","protected":false},"excerpt":{"rendered":"<p>Un autre roman enlevant de Falcones \u00e0 lire absolument. Dans le contexte des discussions passionn\u00e9es qui marquent l&rsquo;actualit\u00e9 occidentale (et beaucoup qu\u00e9b\u00e9coise) en cette fin de 2013, je crois que ce bouquin devrait plus faire parler de lui. Pour ma part, j&rsquo;ai beaucoup appr\u00e9ci\u00e9 et donne une note appr\u00e9ciative  de 8,5\/10<br \/>\n <a href=\"https:\/\/blog.chouynard.ca\/?p=1405\">Continuer la lecture <span class=\"meta-nav\">&rarr;<\/span><\/a><\/p>\n","protected":false},"author":4,"featured_media":0,"comment_status":"open","ping_status":"open","sticky":false,"template":"","format":"standard","meta":{"ngg_post_thumbnail":0,"footnotes":""},"categories":[34],"tags":[35,107,92,108,93,69,65],"class_list":["post-1405","post","type-post","status-publish","format-standard","hentry","category-compte-rendu-de-lecture","tag-carnet-de-lecture","tag-espana","tag-ildefonso-falcones","tag-islam","tag-novela-historiaca","tag-religion","tag-roman"],"jetpack_featured_media_url":"","_links":{"self":[{"href":"https:\/\/blog.chouynard.ca\/index.php?rest_route=\/wp\/v2\/posts\/1405","targetHints":{"allow":["GET"]}}],"collection":[{"href":"https:\/\/blog.chouynard.ca\/index.php?rest_route=\/wp\/v2\/posts"}],"about":[{"href":"https:\/\/blog.chouynard.ca\/index.php?rest_route=\/wp\/v2\/types\/post"}],"author":[{"embeddable":true,"href":"https:\/\/blog.chouynard.ca\/index.php?rest_route=\/wp\/v2\/users\/4"}],"replies":[{"embeddable":true,"href":"https:\/\/blog.chouynard.ca\/index.php?rest_route=%2Fwp%2Fv2%2Fcomments&post=1405"}],"version-history":[{"count":48,"href":"https:\/\/blog.chouynard.ca\/index.php?rest_route=\/wp\/v2\/posts\/1405\/revisions"}],"predecessor-version":[{"id":1532,"href":"https:\/\/blog.chouynard.ca\/index.php?rest_route=\/wp\/v2\/posts\/1405\/revisions\/1532"}],"wp:attachment":[{"href":"https:\/\/blog.chouynard.ca\/index.php?rest_route=%2Fwp%2Fv2%2Fmedia&parent=1405"}],"wp:term":[{"taxonomy":"category","embeddable":true,"href":"https:\/\/blog.chouynard.ca\/index.php?rest_route=%2Fwp%2Fv2%2Fcategories&post=1405"},{"taxonomy":"post_tag","embeddable":true,"href":"https:\/\/blog.chouynard.ca\/index.php?rest_route=%2Fwp%2Fv2%2Ftags&post=1405"}],"curies":[{"name":"wp","href":"https:\/\/api.w.org\/{rel}","templated":true}]}}