{"id":1484,"date":"2013-12-14T13:28:03","date_gmt":"2013-12-14T17:28:03","guid":{"rendered":"https:\/\/blog.chouynard.ca\/?p=1484"},"modified":"2013-12-14T13:28:03","modified_gmt":"2013-12-14T17:28:03","slug":"je-nous-souhaite-une-tempete","status":"publish","type":"post","link":"https:\/\/blog.chouynard.ca\/?p=1484","title":{"rendered":"\u00abJe nous souhaite une temp\u00eate\u00bb"},"content":{"rendered":"<div id=\"attachment_1489\" style=\"width: 310px\" class=\"wp-caption alignleft\"><a href=\"https:\/\/blog.chouynard.ca\/wp-content\/uploads\/2013\/12\/NeigeCouillard.jpg\"><img loading=\"lazy\" decoding=\"async\" aria-describedby=\"caption-attachment-1489\" class=\"size-medium wp-image-1489\" alt=\"\u00abJe nous souhaite une temp\u00eate\u00bb\" src=\"https:\/\/blog.chouynard.ca\/wp-content\/uploads\/2013\/12\/NeigeCouillard-300x214.jpg\" width=\"300\" height=\"214\" srcset=\"https:\/\/blog.chouynard.ca\/wp-content\/uploads\/2013\/12\/NeigeCouillard-300x214.jpg 300w, https:\/\/blog.chouynard.ca\/wp-content\/uploads\/2013\/12\/NeigeCouillard-1024x731.jpg 1024w, https:\/\/blog.chouynard.ca\/wp-content\/uploads\/2013\/12\/NeigeCouillard.jpg 1100w\" sizes=\"auto, (max-width: 300px) 100vw, 300px\" \/><\/a><p id=\"caption-attachment-1489\" class=\"wp-caption-text\">\u00abJe nous souhaite une temp\u00eate\u00bb<\/p><\/div>\n<p>\u00c0 l\u2019approche des F\u00eates, rien de mieux qu\u2019un souhait de nature particuli\u00e8re! Une temp\u00eate. Mais pas n\u2019importe laquelle. Celle dont on parle ici est tir\u00e9 d\u2019une chanson de Alan C\u00f4t\u00e9 que j\u2019appr\u00e9cie tout particuli\u00e8rement pour sa musicalit\u00e9, pour ses paroles bien choisies et bien senties mais aussi et surtout pour son pouvoir de nous transporter dans l\u2019enfance. Cette enfance o\u00f9 il y a des moments magiques. Comme une bonne temp\u00eate d\u2019hiver en p\u00e9riode scolaire. Je me joins donc au Chanteurs du Village (du village de Petite-Vall\u00e9e, s&rsquo;entend), qui interpr\u00e8tent ce petit bijou sur l\u2019album <em>Chanter plus fort que la mer<\/em>, pour nous souhaiter une belle temp\u00eate. Un moment de repos, un r\u00e9pit salvateur dans le brouhaha de d\u00e9cembre.<\/p>\n<p>Le texte complet de la chanson, \u00abC\u2019est cong\u00e9\u00bb, termine cet article pour que tous puissent en appr\u00e9cier l\u2019aspect lyrique. <!--more-->Les amateurs de chanson qu\u00e9b\u00e9coise, particuli\u00e8rement les adeptes du Festival en chanson de Petite-Vall\u00e9e la connaissent peut-\u00eatre ou ils ont achet\u00e9 l\u2019album lors d\u2019un passage dans ce dynamique village de la c\u00f4te nord gasp\u00e9sienne. Malheureusement, tr\u00e8s malheureusement m\u00eame, ce bijou d\u2019album n\u2019est pas vraiment disponible sur le march\u00e9 et ce n\u2019est pas sur le iTune store que vous pourrez le trouver.<\/p>\n<div id=\"attachment_1486\" style=\"width: 650px\" class=\"wp-caption alignleft\"><a href=\"https:\/\/blog.chouynard.ca\/wp-content\/uploads\/2013\/12\/Chanterplusfort.jpeg\"><img loading=\"lazy\" decoding=\"async\" aria-describedby=\"caption-attachment-1486\" class=\"size-large wp-image-1486\" alt=\"Couverture de la pochette du CD\" src=\"https:\/\/blog.chouynard.ca\/wp-content\/uploads\/2013\/12\/Chanterplusfort-1024x462.jpeg\" width=\"640\" height=\"288\" srcset=\"https:\/\/blog.chouynard.ca\/wp-content\/uploads\/2013\/12\/Chanterplusfort-1024x462.jpeg 1024w, https:\/\/blog.chouynard.ca\/wp-content\/uploads\/2013\/12\/Chanterplusfort-300x135.jpeg 300w\" sizes=\"auto, (max-width: 640px) 100vw, 640px\" \/><\/a><p id=\"caption-attachment-1486\" class=\"wp-caption-text\">Couverture de la pochette du CD<\/p><\/div>\n<p>Les personnes vraiment int\u00e9ress\u00e9s \u00e0 se le procurer peuvent toujours tenter leur chance \u00e0 l\u2019adresse figurant dans l\u2019album :<br \/>\nLes Chanteurs du village<br \/>\n51, rue principale, C.P. 1060, Petite-Vall\u00e9e (Qu\u00e9bec) G0E 1Y0<br \/>\nou essayer de les contacter via la page Facebook du <a href=\"https:\/\/www.facebook.com\/festivalenchanson\" target=\"_blank\">Festival en chanson<\/a><br \/>\nJe me compte particuli\u00e8rement chanceux d\u2019avoir pu acqu\u00e9rir cet album lors d\u2019une visite sur place il y a deux ans d\u00e9j\u00e0. On m\u2019avait dit alors qu\u2019il n\u2019en restait que quelques copies disponibles.<\/p>\n<div id=\"attachment_1502\" style=\"width: 310px\" class=\"wp-caption alignleft\"><a href=\"https:\/\/blog.chouynard.ca\/wp-content\/uploads\/2013\/12\/Chanterplusfort1.jpeg\"><img loading=\"lazy\" decoding=\"async\" aria-describedby=\"caption-attachment-1502\" class=\"size-medium wp-image-1502\" alt=\"Couverture du d\u00e9pliant d\u2019information du CD\" src=\"https:\/\/blog.chouynard.ca\/wp-content\/uploads\/2013\/12\/Chanterplusfort1-300x300.jpeg\" width=\"300\" height=\"300\" srcset=\"https:\/\/blog.chouynard.ca\/wp-content\/uploads\/2013\/12\/Chanterplusfort1-300x300.jpeg 300w, https:\/\/blog.chouynard.ca\/wp-content\/uploads\/2013\/12\/Chanterplusfort1-150x150.jpeg 150w, https:\/\/blog.chouynard.ca\/wp-content\/uploads\/2013\/12\/Chanterplusfort1-1024x1024.jpeg 1024w, https:\/\/blog.chouynard.ca\/wp-content\/uploads\/2013\/12\/Chanterplusfort1.jpeg 1398w\" sizes=\"auto, (max-width: 300px) 100vw, 300px\" \/><\/a><p id=\"caption-attachment-1502\" class=\"wp-caption-text\">Couverture du d\u00e9pliant d\u2019information du CD<\/p><\/div>\n<p>\u00c0 ma connaissance, les Chanteurs du village, fond\u00e9 \u00e0 Petite-Vall\u00e9e, n\u2019existe plus comme groupe musical. Il \u00e9tait compos\u00e9 de J\u00e9r\u00f4me B\u00e9land, Alan C\u00f4t\u00e9, Dan Gaudreau, Fany Lebreux, Gilles Lebreux, Jo\u00ebl Lebreux, Marie-Jos\u00e9e Roy et Danielle Vaillancourt. Ils avaient vraiment atteins un niveau de musicalit\u00e9 remarquable dans leur travail de groupe.<br \/>\nMes autres coup de coeur des chansons de cet album vont vers <em>Ma tante Lol\u00e0<\/em>, <em>Pour arriver jusqu\u2019\u00e0 toi<\/em>, <em>Chanter plus fort que la mer<\/em> et <em>Chic-chocs<\/em>. Toutes les autres sont aussi tr\u00e8s belles. Foi des Chouynardises. Disons aussi, en passant, qu\u2019on retrouve la chanson <em>Chic-Chocs<\/em> sur l\u2019album du Festival en chanson <em>Deviens-tu ce que t\u2019as voulu?<\/em> (disponible sur iTune store). Elle est alors chant\u00e9e par Richard S\u00e9guin, avec la participation de Daniel Boucher et Michel Rivard. Je crois aussi me souvenir que cette chanson avait \u00e9t\u00e9 utilis\u00e9e, pour la promotion du Festival. Aussi, j\u2019ai retrouv\u00e9 sur Youtube la chanson <em><a href=\"http:\/\/www.youtube.com\/watch?v=Gl8yxzdz_lI\" target=\"_blank\">Chanter plus fort que la mer<\/a><\/em><\/p>\n<p>Voici donc les paroles de <em>C\u2019est cong\u00e9 <\/em>:<\/p>\n<div id=\"attachment_1495\" style=\"width: 160px\" class=\"wp-caption alignright\"><a href=\"https:\/\/blog.chouynard.ca\/wp-content\/uploads\/2013\/12\/Poudrerie.jpg\"><img loading=\"lazy\" decoding=\"async\" aria-describedby=\"caption-attachment-1495\" class=\"size-thumbnail wp-image-1495\" alt=\"\u00abOn \u00e9tait tous f\u00e9briles \u00c0 la veille d\u2019une temp\u00eate de neige\u00bb\" src=\"https:\/\/blog.chouynard.ca\/wp-content\/uploads\/2013\/12\/Poudrerie-150x150.jpg\" width=\"150\" height=\"150\" \/><\/a><p id=\"caption-attachment-1495\" class=\"wp-caption-text\">\u00abOn \u00e9tait tous f\u00e9briles<br \/>\u00c0 la veille d\u2019une temp\u00eate de neige\u00bb<\/p><\/div>\n<p>On \u00e9tait tous f\u00e9briles<br \/>\n\u00c0 la veille d\u2019une temp\u00eate de neige<br \/>\nOn promettait d\u2019\u00eatre tranquilles<br \/>\nR\u00e9p\u00e9tant le m\u00eame man\u00e8ge<\/p>\n<p>Le nez dans les ch\u00e2ssis<br \/>\nOn comptait les cong\u00e8res en cort\u00e8ge<\/p>\n<p>La moindre poudrerie<br \/>\nNous faisait giguer sous les toits<br \/>\nLes maudites \u00e9claircies<br \/>\nD\u00e9binaient nos regards pantois<\/p>\n<div id=\"attachment_1493\" style=\"width: 160px\" class=\"wp-caption alignright\"><a href=\"https:\/\/blog.chouynard.ca\/wp-content\/uploads\/2013\/12\/NeigeArbres.jpg\"><img loading=\"lazy\" decoding=\"async\" aria-describedby=\"caption-attachment-1493\" class=\"size-thumbnail wp-image-1493\" alt=\"\u00abLes maudites \u00e9claircies D\u00e9binaient nos regards pantois\u00bb\" src=\"https:\/\/blog.chouynard.ca\/wp-content\/uploads\/2013\/12\/NeigeArbres-150x150.jpg\" width=\"150\" height=\"150\" \/><\/a><p id=\"caption-attachment-1493\" class=\"wp-caption-text\">\u00abLes maudites \u00e9claircies<br \/>D\u00e9binaient nos regards pantois\u00bb<\/p><\/div>\n<p>On annonce une temp\u00eate<br \/>\nOn va pas la manquer<br \/>\nUn p\u2019tit air dans la t\u00eate<br \/>\nFaut pas s\u2019la compliquer<\/p>\n<p>Y\u2019a pas d\u2019\u00e9cole aujourd\u2019hui<br \/>\nTous les chemins sont ferm\u00e9s<br \/>\nPas d\u2019\u00e9cole aujourd\u2019hui<br \/>\nC\u2019est cong\u00e9<\/p>\n<p>C\u2019pas facile de dormir<br \/>\n\u00c0 l\u2019approche d\u2019une journ\u00e9e sacr\u00e9e<br \/>\nMoi pour mieux m\u2019assoupir<br \/>\nJe m\u2019offre mon r\u00eaver pr\u00e9f\u00e9r\u00e9<\/p>\n<div id=\"attachment_1497\" style=\"width: 160px\" class=\"wp-caption alignright\"><a href=\"https:\/\/blog.chouynard.ca\/wp-content\/uploads\/2013\/12\/Neigebalcon.jpg\"><img loading=\"lazy\" decoding=\"async\" aria-describedby=\"caption-attachment-1497\" class=\"size-thumbnail wp-image-1497\" alt=\"\u00abEt grand-p\u00e8re comme un ours Grogne : \u00abY\u2019a pas d\u2019\u00e9cole aujourd\u2019hui\u00bb\u00bb\" src=\"https:\/\/blog.chouynard.ca\/wp-content\/uploads\/2013\/12\/Neigebalcon-150x150.jpg\" width=\"150\" height=\"150\" \/><\/a><p id=\"caption-attachment-1497\" class=\"wp-caption-text\">\u00abEt grand-p\u00e8re comme un ours<br \/>Grogne : \u00abY\u2019a pas d\u2019\u00e9cole aujourd\u2019hui\u00bb\u00bb<\/p><\/div>\n<p>De beaux grands chevaux blancs<br \/>\nSur un fond blanc brouillard qui s\u2019enneige<\/p>\n<p>\u00c0 demain pour les courses<br \/>\nL\u2019hiver roule une pelle au ch\u00e2ssis<br \/>\nEt grand-p\u00e8re comme un ours<br \/>\nGrogne : \u00abY\u2019a pas d\u2019\u00e9cole aujourd\u2019hui\u00bb<\/p>\n<p>On va construire un fort<br \/>\nJouer au Monopoly<br \/>\nS\u2019tirailler \u00e0 bras l\u2019corps<br \/>\nGlisser avec Julie, pis Fanny, pis Mathi<\/p>\n<div id=\"attachment_1491\" style=\"width: 160px\" class=\"wp-caption alignright\"><a href=\"https:\/\/blog.chouynard.ca\/wp-content\/uploads\/2013\/12\/Onvaglisser.jpg\"><img loading=\"lazy\" decoding=\"async\" aria-describedby=\"caption-attachment-1491\" class=\"size-thumbnail wp-image-1491\" alt=\"\u00abOn va\u2026Glisser avec Julie, pis Fanny, pis Mathi\u00bb\" src=\"https:\/\/blog.chouynard.ca\/wp-content\/uploads\/2013\/12\/Onvaglisser-150x150.jpg\" width=\"150\" height=\"150\" \/><\/a><p id=\"caption-attachment-1491\" class=\"wp-caption-text\">\u00abOn va\u2026Glisser avec Julie, pis Fanny, pis Mathi\u00bb<\/p><\/div>\n<p>Y\u2019a pas d\u2019\u00e9cole aujourd\u2019hui<br \/>\nTous les chemins sont ferm\u00e9s<br \/>\nPas d\u2019\u00e9cole aujourd\u2019hui<br \/>\nC\u2019est cong\u00e9<\/p>\n<p>Aujourd\u2019hui dans la course<br \/>\nEt le tumulte de nos vies<br \/>\nLe burn out \u00e0 nos trousses<br \/>\nOn fait pas tout c\u2019qu\u2019on a envie<\/p>\n<p>Je nous souhaite une temp\u00eate<br \/>\nLe temps d\u2019se calmer un peu<br \/>\nUn petit air dans la t\u00eate<br \/>\nUn refrain paresseux<\/p>\n<p>Y\u2019a pas d\u2019\u00e9cole aujourd\u2019hui<br \/>\nTous les ch\u2019mins sont ferm\u00e9s<br \/>\nPas d\u2019\u00e9cole aujourd\u2019hui<br \/>\nC\u2019est cong\u00e9<\/p>\n<div id=\"attachment_1498\" style=\"width: 160px\" class=\"wp-caption alignright\"><a href=\"https:\/\/blog.chouynard.ca\/wp-content\/uploads\/2013\/12\/Neigeaumax.jpg\"><img loading=\"lazy\" decoding=\"async\" aria-describedby=\"caption-attachment-1498\" class=\"size-thumbnail wp-image-1498\" alt=\"\u00abJe nous souhaite une temp\u00eate Le temps d\u2019se calmer un peu\u00bb\" src=\"https:\/\/blog.chouynard.ca\/wp-content\/uploads\/2013\/12\/Neigeaumax-150x150.jpg\" width=\"150\" height=\"150\" \/><\/a><p id=\"caption-attachment-1498\" class=\"wp-caption-text\">\u00abJe nous souhaite une temp\u00eate<br \/>Le temps d\u2019se calmer un peu\u00bb<\/p><\/div>\n<p>Souffle le vent du nord<br \/>\nDans la temp\u00eate<br \/>\nDans le temp\u00eate<br \/>\nLe temps s\u2019arr\u00eate<br \/>\nSouffle le temps du nord<br \/>\nAujourd\u2019hui c\u2019est cong\u00e9<\/p>\n","protected":false},"excerpt":{"rendered":"<p>\u00c0 l\u2019approche des F\u00eates, rien de mieux qu\u2019un souhait de nature particuli\u00e8re! Une temp\u00eate. Mais pas n\u2019importe laquelle. Celle dont on parle ici est tir\u00e9 d\u2019une chanson de Alan C\u00f4t\u00e9 que j\u2019appr\u00e9cie tout particuli\u00e8rement pour sa musicalit\u00e9, pour ses paroles bien choisies et bien senties mais aussi et surtout pour son pouvoir de nous transporter dans l\u2019enfance. <a href=\"https:\/\/blog.chouynard.ca\/?p=1484\">Continuer la lecture <span class=\"meta-nav\">&rarr;<\/span><\/a><\/p>\n","protected":false},"author":4,"featured_media":0,"comment_status":"open","ping_status":"open","sticky":false,"template":"","format":"standard","meta":{"ngg_post_thumbnail":0,"footnotes":""},"categories":[115],"tags":[118,50,120,75,117,119,121,116],"class_list":["post-1484","post","type-post","status-publish","format-standard","hentry","category-ecoute","tag-alan-cote","tag-art","tag-chanson","tag-gaspe","tag-hiver","tag-mer","tag-petite-vallee","tag-tempete"],"jetpack_featured_media_url":"","_links":{"self":[{"href":"https:\/\/blog.chouynard.ca\/index.php?rest_route=\/wp\/v2\/posts\/1484","targetHints":{"allow":["GET"]}}],"collection":[{"href":"https:\/\/blog.chouynard.ca\/index.php?rest_route=\/wp\/v2\/posts"}],"about":[{"href":"https:\/\/blog.chouynard.ca\/index.php?rest_route=\/wp\/v2\/types\/post"}],"author":[{"embeddable":true,"href":"https:\/\/blog.chouynard.ca\/index.php?rest_route=\/wp\/v2\/users\/4"}],"replies":[{"embeddable":true,"href":"https:\/\/blog.chouynard.ca\/index.php?rest_route=%2Fwp%2Fv2%2Fcomments&post=1484"}],"version-history":[{"count":13,"href":"https:\/\/blog.chouynard.ca\/index.php?rest_route=\/wp\/v2\/posts\/1484\/revisions"}],"predecessor-version":[{"id":1507,"href":"https:\/\/blog.chouynard.ca\/index.php?rest_route=\/wp\/v2\/posts\/1484\/revisions\/1507"}],"wp:attachment":[{"href":"https:\/\/blog.chouynard.ca\/index.php?rest_route=%2Fwp%2Fv2%2Fmedia&parent=1484"}],"wp:term":[{"taxonomy":"category","embeddable":true,"href":"https:\/\/blog.chouynard.ca\/index.php?rest_route=%2Fwp%2Fv2%2Fcategories&post=1484"},{"taxonomy":"post_tag","embeddable":true,"href":"https:\/\/blog.chouynard.ca\/index.php?rest_route=%2Fwp%2Fv2%2Ftags&post=1484"}],"curies":[{"name":"wp","href":"https:\/\/api.w.org\/{rel}","templated":true}]}}