{"id":1509,"date":"2013-12-25T15:19:44","date_gmt":"2013-12-25T19:19:44","guid":{"rendered":"https:\/\/blog.chouynard.ca\/?p=1509"},"modified":"2014-01-06T17:42:12","modified_gmt":"2014-01-06T21:42:12","slug":"la-foret-noire-du-pere-noel","status":"publish","type":"post","link":"https:\/\/blog.chouynard.ca\/?p=1509","title":{"rendered":"La for\u00eat noire du P\u00e8re No\u00ebl"},"content":{"rendered":"<div id=\"attachment_1511\" style=\"width: 250px\" class=\"wp-caption alignleft\"><a href=\"https:\/\/blog.chouynard.ca\/wp-content\/uploads\/2013\/12\/foretnoire.jpg\"><img loading=\"lazy\" decoding=\"async\" aria-describedby=\"caption-attachment-1511\" class=\"size-medium wp-image-1511\" alt=\"Une petite route de bois, en terre battue, sillonn\u00e9e d\u2019orni\u00e8res profondes au printemps et \u00e0 l\u2019automne et bord\u00e9e d\u2019une dense for\u00eat d\u2019\u00e9pinettes.\" src=\"https:\/\/blog.chouynard.ca\/wp-content\/uploads\/2013\/12\/foretnoire-240x300.jpg\" width=\"240\" height=\"300\" srcset=\"https:\/\/blog.chouynard.ca\/wp-content\/uploads\/2013\/12\/foretnoire-240x300.jpg 240w, https:\/\/blog.chouynard.ca\/wp-content\/uploads\/2013\/12\/foretnoire.jpg 496w\" sizes=\"auto, (max-width: 240px) 100vw, 240px\" \/><\/a><p id=\"caption-attachment-1511\" class=\"wp-caption-text\">Une petite route de bois, en terre battue, sillonn\u00e9e d\u2019orni\u00e8res profondes au printemps et \u00e0 l\u2019automne et bord\u00e9e d\u2019une dense for\u00eat d\u2019\u00e9pinettes.<\/p><\/div>\n<p>Pour souligner ce jour de No\u00ebl, je voudrais partager un souvenir qui m\u2019est revenu r\u00e9cemment, en cette p\u00e9riode de pr\u00e9paratifs des F\u00eates. Quand j\u2019\u00e9tais petit gars, l\u2019\u00e9poque \u00e9tait encore radiophonique. On pr\u00e9f\u00e9rait de beaucoup la neige du dehors \u00e0 celle qui s\u00e9vissait plus souvent qu\u2019autrement \u00e0 la t\u00e9l\u00e9vision noir et blanc. On rentrait les pieds gel\u00e9s, le nez qui coule et les poignets rouges \u00e0 cause de nos mitaines trop courtes, mais <em>mosus<\/em> qu\u2019on aimait \u00e7a jouer dehors \u00e0 cette \u00e9poque. Mais revenons \u00e0 ce souvenir m\u00e9morable de mon enfance. Cette ann\u00e9e-l\u00e0, le soir aux alentours de l\u2019heure du souper, \u00e0 la radio de CHRC New-Carlisle, il y avait une s\u00e9rie qui suivait le P\u00e8re No\u00ebl et d\u00e9crivait son p\u00e9riple pour arriver jusqu\u2019aux demeures de tous les enfants du\u00a0 monde. Surtout, bien s\u00fbr, pour venir chez-moi et chez mes amis du voisinage. Le conte faisait toujours passer le pauvre P\u00e8re No\u00ebl par des endroits dangereux, dans des for\u00eats profondes o\u00f9 les loups hurlaient, o\u00f9 se cachaient des dangers \u00e9pouvantables, o\u00f9 il faisait presque toujours temp\u00eate et o\u00f9, pire encore, il faisait nuit \u00e0 longueur de jour. <!--more-->Et moi, j\u2019avais une peur bleu pour le P\u00e8re No\u00ebl, au point de ne jamais \u00eatre s\u00fbr si je voulais entendre la suite. Mais c\u2019\u00e9tait plus fort que moi et je me collais assid\u00fbment l\u2019oreille au haut-parleur du meuble combin\u00e9 radio-tourne-disques et tremblais pour mon h\u00e9ros qui s\u2019en tirait toujours en d\u00e9but d\u2019\u00e9pisode pour finir par fr\u00f4ler la catastrophe alors qu\u2019on nous donnait rendez-vous au lendemain pour la suite. Pour moi, cette for\u00eat noire, c\u2019\u00e9tait pas tr\u00e8s loin de chez-moi. C\u2019\u00e9tait une route de raccourci, une\u00a0<em>charcotte<\/em>\u00a0 comme on disait, pour \u00e9viter de faire le tour de la pointe de Sandy-Beach et de Haldimand par la route provinciale. Le raccourci pour sa part, c\u2019\u00e9tait une petite route de bois, en terre battue, sillonn\u00e9e d\u2019orni\u00e8res profondes au printemps et \u00e0 l\u2019automne et bord\u00e9e d\u2019une dense for\u00eat d\u2019\u00e9pinettes. Chaque fois que mon p\u00e8re empruntait cette route, je ressentais toujours un sentiment d\u2019ins\u00e9curit\u00e9 mais c\u2019\u00e9tait mon champion de p\u00e8re au volant alors, on est inquiet mais on se soigne. Aujourd\u2019hui, l\u2019endroit n\u2019a plus rien pour apeurer les petits Gasp\u00e9siens des alentours. La <em>charcotte<\/em> est devenue un boulevard en partie \u00e0 quatre voies et va du centre hospitalier \u00e0 l\u2019a\u00e9roport. Et si les contes radiophoniques existaient toujours, o\u00f9 est-ce qu\u2019ils la situeraient, eux, la for\u00eat noire du P\u00e8re No\u00ebl?<a href=\"https:\/\/blog.chouynard.ca\/wp-content\/uploads\/2013\/12\/Decorouge.jpg\"><img loading=\"lazy\" decoding=\"async\" class=\"alignleft size-large wp-image-1514\" alt=\"Decorouge\" src=\"https:\/\/blog.chouynard.ca\/wp-content\/uploads\/2013\/12\/Decorouge-1024x682.jpg\" width=\"640\" height=\"426\" srcset=\"https:\/\/blog.chouynard.ca\/wp-content\/uploads\/2013\/12\/Decorouge-1024x682.jpg 1024w, https:\/\/blog.chouynard.ca\/wp-content\/uploads\/2013\/12\/Decorouge-300x200.jpg 300w\" sizes=\"auto, (max-width: 640px) 100vw, 640px\" \/><\/a><\/p>\n","protected":false},"excerpt":{"rendered":"<p>Souvenir d&rsquo;un conte de No\u00ebl o\u00f9 la peur tenaille l&rsquo;enfance sur les aventures du P\u00e8re No\u00ebl. Autre \u00e9poque, autres peurs! Mais qu&rsquo;est devenu la for\u00eat noire du P\u00e8re No\u00eal? <a href=\"https:\/\/blog.chouynard.ca\/?p=1509\">Continuer la lecture <span class=\"meta-nav\">&rarr;<\/span><\/a><\/p>\n","protected":false},"author":4,"featured_media":0,"comment_status":"open","ping_status":"open","sticky":false,"template":"","format":"standard","meta":{"ngg_post_thumbnail":0,"footnotes":""},"categories":[21,123],"tags":[31,7,75,77,117,122,116],"class_list":["post-1509","post","type-post","status-publish","format-standard","hentry","category-billet-2","category-souvenir","tag-anecdote","tag-billet","tag-gaspe","tag-haldimand","tag-hiver","tag-noel","tag-tempete"],"jetpack_featured_media_url":"","_links":{"self":[{"href":"https:\/\/blog.chouynard.ca\/index.php?rest_route=\/wp\/v2\/posts\/1509","targetHints":{"allow":["GET"]}}],"collection":[{"href":"https:\/\/blog.chouynard.ca\/index.php?rest_route=\/wp\/v2\/posts"}],"about":[{"href":"https:\/\/blog.chouynard.ca\/index.php?rest_route=\/wp\/v2\/types\/post"}],"author":[{"embeddable":true,"href":"https:\/\/blog.chouynard.ca\/index.php?rest_route=\/wp\/v2\/users\/4"}],"replies":[{"embeddable":true,"href":"https:\/\/blog.chouynard.ca\/index.php?rest_route=%2Fwp%2Fv2%2Fcomments&post=1509"}],"version-history":[{"count":9,"href":"https:\/\/blog.chouynard.ca\/index.php?rest_route=\/wp\/v2\/posts\/1509\/revisions"}],"predecessor-version":[{"id":1527,"href":"https:\/\/blog.chouynard.ca\/index.php?rest_route=\/wp\/v2\/posts\/1509\/revisions\/1527"}],"wp:attachment":[{"href":"https:\/\/blog.chouynard.ca\/index.php?rest_route=%2Fwp%2Fv2%2Fmedia&parent=1509"}],"wp:term":[{"taxonomy":"category","embeddable":true,"href":"https:\/\/blog.chouynard.ca\/index.php?rest_route=%2Fwp%2Fv2%2Fcategories&post=1509"},{"taxonomy":"post_tag","embeddable":true,"href":"https:\/\/blog.chouynard.ca\/index.php?rest_route=%2Fwp%2Fv2%2Ftags&post=1509"}],"curies":[{"name":"wp","href":"https:\/\/api.w.org\/{rel}","templated":true}]}}