{"id":1622,"date":"2014-04-28T11:15:54","date_gmt":"2014-04-28T15:15:54","guid":{"rendered":"https:\/\/blog.chouynard.ca\/?p=1622"},"modified":"2014-10-18T16:23:51","modified_gmt":"2014-10-18T20:23:51","slug":"on-a-pas-tous-les-jours-20-ans","status":"publish","type":"post","link":"https:\/\/blog.chouynard.ca\/?p=1622","title":{"rendered":"On n&rsquo;a pas tous les jours 20 ans!"},"content":{"rendered":"<div id=\"attachment_1628\" style=\"width: 235px\" class=\"wp-caption alignright\"><a href=\"https:\/\/blog.chouynard.ca\/wp-content\/uploads\/2014\/04\/Atelier-Pacheco-2014.jpg\"><img loading=\"lazy\" decoding=\"async\" aria-describedby=\"caption-attachment-1628\" class=\"size-medium wp-image-1628\" src=\"https:\/\/blog.chouynard.ca\/wp-content\/uploads\/2014\/04\/Atelier-Pacheco-2014-225x300.jpg\" alt=\"Aux Ateliers Pacheco, chacun y va \u00e0 son propre rythme.\" width=\"225\" height=\"300\" srcset=\"https:\/\/blog.chouynard.ca\/wp-content\/uploads\/2014\/04\/Atelier-Pacheco-2014-225x300.jpg 225w, https:\/\/blog.chouynard.ca\/wp-content\/uploads\/2014\/04\/Atelier-Pacheco-2014-768x1024.jpg 768w\" sizes=\"auto, (max-width: 225px) 100vw, 225px\" \/><\/a><p id=\"caption-attachment-1628\" class=\"wp-caption-text\">Aux Ateliers Pacheco, chacun y va \u00e0 son propre rythme.<\/p><\/div>\n<p>En ce printemps 2014, les Ateliers Pacheco, un lieu d\u2019apprentissage et de d\u00e9veloppement artistique ouvert aux amateurs d\u2019oeuvres picturales et qui a pignon sur rue au Centre No\u00ebl-Br\u00fblart de Sillery, c\u00e9l\u00e8bre ses 20 ans d\u2019existence. Au coeur de cet aventure, Teresa Pacheco, une artiste sensible qui a fait ses classes au Qu\u00e9bec, mais aussi en France et en Italie. Dipl\u00f4m\u00e9e en enseignement des arts plastiques et en arts visuels de l\u2019universit\u00e9 Laval, elle a aussi c\u00f4toy\u00e9 et b\u00e9n\u00e9fici\u00e9 de l\u2019enseignement d&rsquo;artistes renomm\u00e9s tels Francesco Iacurto et Maurice LeBon, entre autres. <a href=\"http:\/\/www.teresapacheco.com\/index.html\" target=\"_blank\">Acc\u00e9der au site de l&rsquo;artiste.<\/a><\/p>\n<p>Artiste mais aussi beaucoup p\u00e9dagogue, madame Pacheco a d\u00e9di\u00e9 une grande part de sa carri\u00e8re \u00e0 la diffusion des connaissances sur la peinture, que ce soit \u00e0 l\u2019huile, \u00e0 l\u2019acrylique ou \u00e0 l\u2019aquarelle. Nombreux sont les artistes en herbe ou confirm\u00e9s qui ont b\u00e9n\u00e9fici\u00e9 du cadre sympathique de ses ateliers. L\u2019aspect particuli\u00e8rement positif de la formule d\u2019apprentissage mis de l\u2019avant \u00e0 cet endroit est que chacun se d\u00e9veloppe \u00e0 son propre rythme, selon ses propres exigences, chacun travaille sur son projet personnel et profite, au fur et \u00e0 mesure, des conseils \u00e9clair\u00e9s du professeur. Qui plus est, la possibilit\u00e9 de c\u00f4toyer au quotidien d\u2019autres personnes, qui sont \u00e0 un stade diff\u00e9rent de leur cheminement artistique, permet des \u00e9changes enrichissants pour tous.<\/p>\n<p>Pour ma part, il y a d\u00e9j\u00e0 plus de trois ans que je fr\u00e9quente r\u00e9guli\u00e8rement les Ateliers Pacheco et j\u2019admets avoir appris beaucoup dans la ma\u00eetrise des trois m\u00e9diums mentionn\u00e9s. Il me fera d\u2019ailleurs plaisir de pr\u00e9senter quelques-unes de mes derni\u00e8res toiles dans le cadre de l\u2019Expo Artistique 2014. <a href=\"https:\/\/blog.chouynard.ca\/wp-content\/uploads\/2014\/04\/expo-2014web.jpeg\"><img loading=\"lazy\" decoding=\"async\" class=\"size-medium wp-image-1630 alignleft\" src=\"https:\/\/blog.chouynard.ca\/wp-content\/uploads\/2014\/04\/expo-2014web-192x300.jpeg\" alt=\"expo 2014web\" width=\"192\" height=\"300\" srcset=\"https:\/\/blog.chouynard.ca\/wp-content\/uploads\/2014\/04\/expo-2014web-192x300.jpeg 192w, https:\/\/blog.chouynard.ca\/wp-content\/uploads\/2014\/04\/expo-2014web-656x1024.jpeg 656w, https:\/\/blog.chouynard.ca\/wp-content\/uploads\/2014\/04\/expo-2014web.jpeg 1599w\" sizes=\"auto, (max-width: 192px) 100vw, 192px\" \/><\/a>Celle-ci permet aux diff\u00e9rents groupes de cr\u00e9ation du Centre No\u00ebl-Br\u00fblart d\u2019exposer les oeuvres r\u00e9alis\u00e9es durant l\u2019ann\u00e9e qui s\u2019ach\u00e8ve. C\u2019est une invitation \u00e0 venir c\u00e9l\u00e9brer les 20 ans des Ateliers Teresa Pacheco au cours de la premi\u00e8re fin de semaine de mai 2014. Le vernissage se fera le vendredi 2 mai \u00e0 19 heures.<\/p>\n<p>Le Centre communautaire No\u00ebl-Br\u00fblart est situ\u00e9 1229, Chanoine Morel, \u00e0 Qu\u00e9bec (G1S 4A9).<\/p>\n","protected":false},"excerpt":{"rendered":"<p>En ce printemps 2014, les Ateliers Pacheco, un lieu d\u2019apprentissage et de d\u00e9veloppement artistique ouvert aux amateurs d\u2019oeuvres picturales et qui a pignon sur rue au Centre No\u00ebl-Br\u00fblart de Sillery, c\u00e9l\u00e8bre ses 20 ans d\u2019existence. <a href=\"https:\/\/blog.chouynard.ca\/?p=1622\">Continuer la lecture <span class=\"meta-nav\">&rarr;<\/span><\/a><\/p>\n","protected":false},"author":4,"featured_media":1628,"comment_status":"open","ping_status":"open","sticky":false,"template":"","format":"standard","meta":{"ngg_post_thumbnail":0,"footnotes":""},"categories":[21,132],"tags":[45,50,40,44,9,55,88],"class_list":["post-1622","post","type-post","status-publish","format-standard","has-post-thumbnail","hentry","category-billet-2","category-experience-picturale","tag-aquarelle","tag-art","tag-arts-visuels","tag-peinture","tag-printemps","tag-quebec","tag-universite-laval"],"jetpack_featured_media_url":"https:\/\/blog.chouynard.ca\/wp-content\/uploads\/2014\/04\/Atelier-Pacheco-2014.jpg","_links":{"self":[{"href":"https:\/\/blog.chouynard.ca\/index.php?rest_route=\/wp\/v2\/posts\/1622","targetHints":{"allow":["GET"]}}],"collection":[{"href":"https:\/\/blog.chouynard.ca\/index.php?rest_route=\/wp\/v2\/posts"}],"about":[{"href":"https:\/\/blog.chouynard.ca\/index.php?rest_route=\/wp\/v2\/types\/post"}],"author":[{"embeddable":true,"href":"https:\/\/blog.chouynard.ca\/index.php?rest_route=\/wp\/v2\/users\/4"}],"replies":[{"embeddable":true,"href":"https:\/\/blog.chouynard.ca\/index.php?rest_route=%2Fwp%2Fv2%2Fcomments&post=1622"}],"version-history":[{"count":14,"href":"https:\/\/blog.chouynard.ca\/index.php?rest_route=\/wp\/v2\/posts\/1622\/revisions"}],"predecessor-version":[{"id":1669,"href":"https:\/\/blog.chouynard.ca\/index.php?rest_route=\/wp\/v2\/posts\/1622\/revisions\/1669"}],"wp:featuredmedia":[{"embeddable":true,"href":"https:\/\/blog.chouynard.ca\/index.php?rest_route=\/wp\/v2\/media\/1628"}],"wp:attachment":[{"href":"https:\/\/blog.chouynard.ca\/index.php?rest_route=%2Fwp%2Fv2%2Fmedia&parent=1622"}],"wp:term":[{"taxonomy":"category","embeddable":true,"href":"https:\/\/blog.chouynard.ca\/index.php?rest_route=%2Fwp%2Fv2%2Fcategories&post=1622"},{"taxonomy":"post_tag","embeddable":true,"href":"https:\/\/blog.chouynard.ca\/index.php?rest_route=%2Fwp%2Fv2%2Ftags&post=1622"}],"curies":[{"name":"wp","href":"https:\/\/api.w.org\/{rel}","templated":true}]}}