{"id":1703,"date":"2015-10-14T12:58:34","date_gmt":"2015-10-14T16:58:34","guid":{"rendered":"https:\/\/blog.chouynard.ca\/?p=1703"},"modified":"2015-10-14T12:58:34","modified_gmt":"2015-10-14T16:58:34","slug":"image-de-la-semaine-14-octobre-2015","status":"publish","type":"post","link":"https:\/\/blog.chouynard.ca\/?p=1703","title":{"rendered":"Image de la semaine &#8211; 14 octobre 2015"},"content":{"rendered":"<p><strong>Le premier Caf\u00e9 du Mus\u00e9e de la civilisation (MCQ)<\/strong><\/p>\n<p>Je vous parle d\u2019un temps. Je vous parle d\u2019un endroit qui n\u2019existe plus. Je vous parle du premier Caf\u00e9 au Mus\u00e9e de la civilisation \u00e0 Qu\u00e9bec.<br \/>\nSitu\u00e9 en sous-sol, dans la partie publique, le Caf\u00e9 des d\u00e9buts du MCQ \u00e9tait ouvert au public et c\u00f4toyait la partie basse de la sculpture de Astri Reusch, \u00abLa d\u00e9b\u00e2cle\u00bb.<\/p>\n<div id=\"attachment_1704\" style=\"width: 650px\" class=\"wp-caption alignright\"><a href=\"https:\/\/blog.chouynard.ca\/wp-content\/uploads\/2015\/10\/CafeMCQ2003a.jpg\"><img loading=\"lazy\" decoding=\"async\" aria-describedby=\"caption-attachment-1704\" class=\"size-large wp-image-1704\" src=\"https:\/\/blog.chouynard.ca\/wp-content\/uploads\/2015\/10\/CafeMCQ2003a-768x1024.jpg\" alt=\"Aux heures de pause, plusieurs employ\u00e9s du MCQ de l\u2019\u00e9poque se rejoignaient au Caf\u00e9 du sous-sol afin de relaxer, savourer un caf\u00e9, fumer, se taquiner, jaser. (Photo de 2003)\" width=\"640\" height=\"853\" srcset=\"https:\/\/blog.chouynard.ca\/wp-content\/uploads\/2015\/10\/CafeMCQ2003a-768x1024.jpg 768w, https:\/\/blog.chouynard.ca\/wp-content\/uploads\/2015\/10\/CafeMCQ2003a-225x300.jpg 225w, https:\/\/blog.chouynard.ca\/wp-content\/uploads\/2015\/10\/CafeMCQ2003a.jpg 1200w\" sizes=\"auto, (max-width: 640px) 100vw, 640px\" \/><\/a><p id=\"caption-attachment-1704\" class=\"wp-caption-text\">Aux heures de pause, plusieurs employ\u00e9s du MCQ de l\u2019\u00e9poque se rejoignaient au Caf\u00e9 du sous-sol afin de relaxer, savourer un caf\u00e9, fumer, se taquiner, jaser. (Photo de 2003)<\/p><\/div>\n<p><!--more--><br \/>\n<!--more-->L\u2019eau faisait partie int\u00e9grante de l&rsquo;\u0153uvre originale et le bruit de cette chute d\u2019un \u00e9tage et l\u2019humidit\u00e9 qu\u2019elle g\u00e9n\u00e9rait ont parfois incommod\u00e9 certains visiteurs du MCQ et du Caf\u00e9.<br \/>\nEn entrant par la porte centrale de la rue Dalhousie et en tournant \u00e0 gauche, on pouvait voir, en surplomb, les tables du Caf\u00e9 et la client\u00e8le qu y \u00e9tait install\u00e9e. Celle-ci comptait aussi beaucoup sur la pr\u00e9sence des employ\u00e9s du Mus\u00e9e car, afin d\u2019en accommoder le personnel, les concessionnaires du Caf\u00e9 ouvraient les portes plus t\u00f4t qu\u2019il n\u2019\u00e9tait requis pour suivre l\u2019horaire de fr\u00e9quentation du Mus\u00e9e.<br \/>\nLa boucane \u00e9tait encore permise \u00e0 cette \u00e9poque r\u00e9volue Aux heures de pause, plusieurs employ\u00e9s du MCQ de l\u2019\u00e9poque se rejoignaient au Caf\u00e9 afin de relaxer, savourer un th\u00e9 ou un caf\u00e9, fumer, se taquiner, jaser.<br \/>\nLes Alain, Andr\u00e9, Camille, Charles, Claude, Denis, Gilles, Guylaine, Jacques, Jeanne, Louis, Luc, Martin, Pierre, Ren\u00e9, Robert, Serge, Victor, Yvon, et j\u2019en passe, s\u2019en souviendront avec plaisir.<\/p>\n","protected":false},"excerpt":{"rendered":"<p>Le premier Caf\u00e9 du Mus\u00e9e de la civilisation (MCQ) Je vous parle d\u2019un temps. Je vous parle d\u2019un endroit qui n\u2019existe plus. Je vous parle du premier Caf\u00e9 au Mus\u00e9e de la civilisation \u00e0 Qu\u00e9bec. Situ\u00e9 en sous-sol, dans la &hellip; <a href=\"https:\/\/blog.chouynard.ca\/?p=1703\">Continuer la lecture <span class=\"meta-nav\">&rarr;<\/span><\/a><\/p>\n","protected":false},"author":4,"featured_media":0,"comment_status":"open","ping_status":"open","sticky":false,"template":"","format":"standard","meta":{"ngg_post_thumbnail":0,"footnotes":""},"categories":[1,145,123],"tags":[50,87,4,55],"class_list":["post-1703","post","type-post","status-publish","format-standard","hentry","category-eclectique","category-photo-de-la-semaine","category-souvenir","tag-art","tag-musee-de-la-civilisation","tag-photo","tag-quebec"],"jetpack_featured_media_url":"","_links":{"self":[{"href":"https:\/\/blog.chouynard.ca\/index.php?rest_route=\/wp\/v2\/posts\/1703","targetHints":{"allow":["GET"]}}],"collection":[{"href":"https:\/\/blog.chouynard.ca\/index.php?rest_route=\/wp\/v2\/posts"}],"about":[{"href":"https:\/\/blog.chouynard.ca\/index.php?rest_route=\/wp\/v2\/types\/post"}],"author":[{"embeddable":true,"href":"https:\/\/blog.chouynard.ca\/index.php?rest_route=\/wp\/v2\/users\/4"}],"replies":[{"embeddable":true,"href":"https:\/\/blog.chouynard.ca\/index.php?rest_route=%2Fwp%2Fv2%2Fcomments&post=1703"}],"version-history":[{"count":5,"href":"https:\/\/blog.chouynard.ca\/index.php?rest_route=\/wp\/v2\/posts\/1703\/revisions"}],"predecessor-version":[{"id":1709,"href":"https:\/\/blog.chouynard.ca\/index.php?rest_route=\/wp\/v2\/posts\/1703\/revisions\/1709"}],"wp:attachment":[{"href":"https:\/\/blog.chouynard.ca\/index.php?rest_route=%2Fwp%2Fv2%2Fmedia&parent=1703"}],"wp:term":[{"taxonomy":"category","embeddable":true,"href":"https:\/\/blog.chouynard.ca\/index.php?rest_route=%2Fwp%2Fv2%2Fcategories&post=1703"},{"taxonomy":"post_tag","embeddable":true,"href":"https:\/\/blog.chouynard.ca\/index.php?rest_route=%2Fwp%2Fv2%2Ftags&post=1703"}],"curies":[{"name":"wp","href":"https:\/\/api.w.org\/{rel}","templated":true}]}}