{"id":1710,"date":"2015-10-20T21:56:39","date_gmt":"2015-10-21T01:56:39","guid":{"rendered":"https:\/\/blog.chouynard.ca\/?p=1710"},"modified":"2015-10-21T11:07:51","modified_gmt":"2015-10-21T15:07:51","slug":"image-de-la-semaine-20-octobre-2015","status":"publish","type":"post","link":"https:\/\/blog.chouynard.ca\/?p=1710","title":{"rendered":"Image de la semaine \u2013 20 octobre 2015"},"content":{"rendered":"<p><strong>Comme un crabe qui s\u2019accroche!<\/strong><\/p>\n<p>En ce lendemain d\u2019\u00e9lections canadiennes o\u00f9 une \u00abvague\u00bb lib\u00e9rale, dite \u00abrouge\u00bb a balay\u00e9 le pays, \u00e0 tout le moins dans sa partie orientale, une image ressortie d\u2019un voyage ancien dans ladite partie est du pays revient \u00e0 la m\u00e9moire.<\/p>\n<div id=\"attachment_1712\" style=\"width: 650px\" class=\"wp-caption aligncenter\"><a href=\"https:\/\/blog.chouynard.ca\/wp-content\/uploads\/2015\/10\/CrabBFundy.jpg\"><img loading=\"lazy\" decoding=\"async\" aria-describedby=\"caption-attachment-1712\" class=\"size-large wp-image-1712\" src=\"https:\/\/blog.chouynard.ca\/wp-content\/uploads\/2015\/10\/CrabBFundy-1024x679.jpg\" alt=\"Petit crabe canadien de la baie de Fundy qui s\u2019accroche d\u00e9sesp\u00e9r\u00e9ment \u00e0 un cordage orange usag\u00e9\" width=\"640\" height=\"424\" srcset=\"https:\/\/blog.chouynard.ca\/wp-content\/uploads\/2015\/10\/CrabBFundy-1024x679.jpg 1024w, https:\/\/blog.chouynard.ca\/wp-content\/uploads\/2015\/10\/CrabBFundy-300x199.jpg 300w, https:\/\/blog.chouynard.ca\/wp-content\/uploads\/2015\/10\/CrabBFundy.jpg 1544w\" sizes=\"auto, (max-width: 640px) 100vw, 640px\" \/><\/a><p id=\"caption-attachment-1712\" class=\"wp-caption-text\">Petit crabe canadien et son fil d&rsquo;Ariane sur une plage de la baie de Fundy<\/p><\/div>\n<p>Ce petit crabe canadien de la baie de Fundy, en ce 4 septembre 2004, s\u2019accrochait d\u00e9sesp\u00e9r\u00e9ment \u00e0 ce cordage orange usag\u00e9. Il l&rsquo;avait rencontr\u00e9 par hasard sur sa route en qu\u00eate d\u2019aventures ou, soyons plus r\u00e9alistes, de survie. Le filin ne mesurait pas deux m\u00e8tres. Il n\u2019allait nulle part. L\u2019animal cependant ne semblait pas s\u2019en soucier outre mesure. Il s\u2019y accrochait bien fermement m\u00eame lorsque, probablement \u00e0 sa grande surprise, un jeune passant saisissait brusquement le c\u00e2ble, le soulevait et le d\u00e9pla\u00e7ait, lui faisant faire des vols saugrenus au dessus de la plage humide.<br \/>\nLes \u00e9lecteurs ne sont-ils pas un peu comme ce petit crustac\u00e9?<!--more--><br \/>\n\u00c0 d\u00e9faut de savoir un tant soit peu vers o\u00f9 s\u2019en va sa soci\u00e9t\u00e9, parce qu\u2019il se rend compte qu&rsquo;une direction conservatrice, dite \u00abbleue\u00bb ne l\u2019am\u00e8ne pas \u00e0 destination, ni ne le m\u00e8ne de la mani\u00e8re dont il esp\u00e8re,&#8230; \u00e0 d\u00e9faut de pouvoir questionner en profondeur et de r\u00e9former la soi-disant d\u00e9mocratie qui g\u00e8re le syst\u00e8me et qui permettrait de d\u00e9l\u00e9guer avec plus de justesse et de justice la responsabilit\u00e9 \u00e0 des leaders comp\u00e9tents,&#8230; \u00e0 d\u00e9faut de savoir vraiment vers qui se tourner pour remettre avec confiance la destin\u00e9e du pays \u00e0 des gens qui sauraient vers o\u00f9 aller, ou du moins \u00e0 des gens qui auraient une vision \u00e9clair\u00e9e de comment conduire la barque et qui auraient les capacit\u00e9s intellectuelles et morales de la conduire vers un port idyllique, certains vont s\u2019accrocher \u00e0 des r\u00eaves aux contours plus prosa\u00efques. Comme ceux qui se sont accroch\u00e9s au r\u00eave qu\u2019avait provoqu\u00e9 une pr\u00e9c\u00e9dente vague \u00aborange\u00bb.<br \/>\nD\u2019autres, plus intuitifs peut-\u00eatre, ou plus a l\u2019\u00e9coute, \u00e0 l\u2019\u00e9coute de leur environnement mais aussi, beaucoup, semble-t-il, \u00e0 l\u2019\u00e9coute des m\u00e9dias et des sondages, vont fa\u00e7onner un nouveau r\u00eave et donner vie \u00e0 une nouvelle vague.<br \/>\nCependant, comme disait un vieux capitaine: \u00abAu bout du compte, toutes les vagues finissent par s\u2019\u00e9craser sur un rocher ou par s\u2019\u00e9chouer sur un rivage\u00bb. Souhaitons en attendant que la vague permettra de surfer vers des horizons plus lumineux.<\/p>\n","protected":false},"excerpt":{"rendered":"<p>Comme un crabe qui s\u2019accroche! En ce lendemain d\u2019\u00e9lections canadiennes o\u00f9 une \u00abvague\u00bb lib\u00e9rale, dite \u00abrouge\u00bb a balay\u00e9 le pays, \u00e0 tout le moins dans sa partie orientale, une image ressortie d\u2019un voyage ancien dans ladite partie est du pays &hellip; <a href=\"https:\/\/blog.chouynard.ca\/?p=1710\">Continuer la lecture <span class=\"meta-nav\">&rarr;<\/span><\/a><\/p>\n","protected":false},"author":4,"featured_media":0,"comment_status":"open","ping_status":"open","sticky":false,"template":"","format":"standard","meta":{"ngg_post_thumbnail":0,"footnotes":""},"categories":[21,1,145],"tags":[148,149,147,76,78],"class_list":["post-1710","post","type-post","status-publish","format-standard","hentry","category-billet-2","category-eclectique","category-photo-de-la-semaine","tag-baie-de-fundy","tag-democratie-vague","tag-fable","tag-plage","tag-politique"],"jetpack_featured_media_url":"","_links":{"self":[{"href":"https:\/\/blog.chouynard.ca\/index.php?rest_route=\/wp\/v2\/posts\/1710","targetHints":{"allow":["GET"]}}],"collection":[{"href":"https:\/\/blog.chouynard.ca\/index.php?rest_route=\/wp\/v2\/posts"}],"about":[{"href":"https:\/\/blog.chouynard.ca\/index.php?rest_route=\/wp\/v2\/types\/post"}],"author":[{"embeddable":true,"href":"https:\/\/blog.chouynard.ca\/index.php?rest_route=\/wp\/v2\/users\/4"}],"replies":[{"embeddable":true,"href":"https:\/\/blog.chouynard.ca\/index.php?rest_route=%2Fwp%2Fv2%2Fcomments&post=1710"}],"version-history":[{"count":17,"href":"https:\/\/blog.chouynard.ca\/index.php?rest_route=\/wp\/v2\/posts\/1710\/revisions"}],"predecessor-version":[{"id":1728,"href":"https:\/\/blog.chouynard.ca\/index.php?rest_route=\/wp\/v2\/posts\/1710\/revisions\/1728"}],"wp:attachment":[{"href":"https:\/\/blog.chouynard.ca\/index.php?rest_route=%2Fwp%2Fv2%2Fmedia&parent=1710"}],"wp:term":[{"taxonomy":"category","embeddable":true,"href":"https:\/\/blog.chouynard.ca\/index.php?rest_route=%2Fwp%2Fv2%2Fcategories&post=1710"},{"taxonomy":"post_tag","embeddable":true,"href":"https:\/\/blog.chouynard.ca\/index.php?rest_route=%2Fwp%2Fv2%2Ftags&post=1710"}],"curies":[{"name":"wp","href":"https:\/\/api.w.org\/{rel}","templated":true}]}}