{"id":1760,"date":"2015-11-19T11:38:02","date_gmt":"2015-11-19T15:38:02","guid":{"rendered":"https:\/\/blog.chouynard.ca\/?p=1760"},"modified":"2015-11-19T11:43:05","modified_gmt":"2015-11-19T15:43:05","slug":"image-de-la-semaine-18-novembre-2015","status":"publish","type":"post","link":"https:\/\/blog.chouynard.ca\/?p=1760","title":{"rendered":"Image de la semaine &#8211; 18 novembre 2015"},"content":{"rendered":"<p><strong>De Saint Jacques \u00e0 Santiago : un p\u00e8lerinage manqu\u00e9<\/strong><\/p>\n<p>Dans la foul\u00e9e des malheureux \u00e9v\u00e9nements qui se sont pass\u00e9s \u00e0 Paris en 2015, les \u00abJe suis Charlie\u00bb, \u00abJe suis Paris\u00bb et autres, comment ne pas parler de la ville Lumi\u00e8re et de ses attraits?<\/p>\n<div id=\"attachment_1761\" style=\"width: 650px\" class=\"wp-caption alignright\"><a href=\"https:\/\/blog.chouynard.ca\/wp-content\/uploads\/2015\/11\/TourStJacqParis1989_1.jpg\"><img loading=\"lazy\" decoding=\"async\" aria-describedby=\"caption-attachment-1761\" class=\"size-large wp-image-1761\" src=\"https:\/\/blog.chouynard.ca\/wp-content\/uploads\/2015\/11\/TourStJacqParis1989_1-683x1024.jpg\" alt=\"Ancien clocher de l\u2019\u00e9glise Saint-Jacques-de-la-Boucherie, la tour Saint-Jacques s\u2019\u00e9l\u00e8ve dans un square qui porte son nom, tout pr\u00e8s de l\u2019Ile de la Cit\u00e9, au c\u0153ur de Paris.\" width=\"640\" height=\"960\" srcset=\"https:\/\/blog.chouynard.ca\/wp-content\/uploads\/2015\/11\/TourStJacqParis1989_1-683x1024.jpg 683w, https:\/\/blog.chouynard.ca\/wp-content\/uploads\/2015\/11\/TourStJacqParis1989_1-200x300.jpg 200w\" sizes=\"auto, (max-width: 640px) 100vw, 640px\" \/><\/a><p id=\"caption-attachment-1761\" class=\"wp-caption-text\">Ancien clocher de l\u2019\u00e9glise Saint-Jacques-de-la-Boucherie, la tour Saint-Jacques s\u2019\u00e9l\u00e8ve dans un square qui porte son nom, tout pr\u00e8s de l\u2019Ile de la Cit\u00e9, au c\u0153ur de Paris . Photo de 1989<\/p><\/div>\n<p>La tour Saint-Jacques par exemple, ce magnifique clocher solitaire qui s\u2019\u00e9l\u00e8ve, rue de Rivoli, dans le\u00a0 premier arrondissement. Exemple architectural peu commun, il fut \u00e9rig\u00e9 au d\u00e9but du 16e si\u00e8cle comme partie de l&rsquo;\u00e9glise Saint-Jacques-de-la-Boucherie. Un nom qui ram\u00e8ne vite l\u2019esprit aux attentats islamistes mentionn\u00e9s. Lien fortuit cependant puisque le nom aurait simplement \u00e9t\u00e9 attribu\u00e9 pour souligner l\u2019implication de la corporation des bouchers de l\u2019\u00e9poque \u00e0 la construction de l\u2019\u00e9difice.<!--more--><br \/>\nIl est int\u00e9ressant de noter que ce lieu fut un endroit de rassemblement pour les p\u00e8lerins qui partaient sur le chemin de Compostelle en passant par la ville de Tours. Un p\u00e8lerinage, quel beau moment pour r\u00e9fl\u00e9chir sur soi, sur la vie, sur le sens de son propre passage sur terre.Il y a fort \u00e0 parier que les pauvres \u00eatres qui ont sacrifi\u00e9 leur vie et celle d\u2019innocentes victimes dans les tristes \u00e9v\u00e9nements de Paris n\u2019ont pas fait le p\u00e8lerinage \u00e0 Compostelle. Peut-\u00eatre ont-ils choisi d\u2019autre p\u00e8lerinages, en des lieux plus difficiles. En des lieux qui les ont convaincus qu\u2019il fallait se r\u00e9volter contre les in\u00e9galit\u00e9s sans nom qu\u2019on rencontre sur la terre, sur la r\u00e9partition incroyablement injuste des richesses mise \u00e0 la disposition des humains. Qui les ont convaincu que s\u2019ils n\u2019\u00e9taient pas pr\u00eats \u00e0 la donner en luttant pour changer les choses, leur vie valait tr\u00e8s peu. Que des vies, il y en avait des meilleures.<br \/>\nC\u2019est malheureusement ce \u00e0 quoi s\u2019\u00e9vertue trop souvent les religions. Convaincre les pauvres \u00eatres qu\u2019ils seront s\u00fbrement beaucoup mieux dans une vie future. Difficile d\u2019acheter, dans ces conditions, que l\u2019Islam n\u2019est pour rien dans ce conflit immonde qui est en train de se d\u00e9ployer peu \u00e0 peu autour de nous.<\/p>\n","protected":false},"excerpt":{"rendered":"<p>De Saint Jacques \u00e0 Santiago : un p\u00e8lerinage manqu\u00e9 Dans la foul\u00e9e des malheureux \u00e9v\u00e9nements qui se sont pass\u00e9s \u00e0 Paris en 2015, les \u00abJe suis Charlie\u00bb, \u00abJe suis Paris\u00bb et autres, comment ne pas parler de la ville Lumi\u00e8re &hellip; <a href=\"https:\/\/blog.chouynard.ca\/?p=1760\">Continuer la lecture <span class=\"meta-nav\">&rarr;<\/span><\/a><\/p>\n","protected":false},"author":4,"featured_media":0,"comment_status":"open","ping_status":"open","sticky":false,"template":"","format":"standard","meta":{"ngg_post_thumbnail":0,"footnotes":""},"categories":[21,1,145],"tags":[163,166,165,108,162,164,69],"class_list":["post-1760","post","type-post","status-publish","format-standard","hentry","category-billet-2","category-eclectique","category-photo-de-la-semaine","tag-architecture","tag-attentats","tag-compostelle","tag-islam","tag-paris","tag-pelerinage","tag-religion"],"jetpack_featured_media_url":"","_links":{"self":[{"href":"https:\/\/blog.chouynard.ca\/index.php?rest_route=\/wp\/v2\/posts\/1760","targetHints":{"allow":["GET"]}}],"collection":[{"href":"https:\/\/blog.chouynard.ca\/index.php?rest_route=\/wp\/v2\/posts"}],"about":[{"href":"https:\/\/blog.chouynard.ca\/index.php?rest_route=\/wp\/v2\/types\/post"}],"author":[{"embeddable":true,"href":"https:\/\/blog.chouynard.ca\/index.php?rest_route=\/wp\/v2\/users\/4"}],"replies":[{"embeddable":true,"href":"https:\/\/blog.chouynard.ca\/index.php?rest_route=%2Fwp%2Fv2%2Fcomments&post=1760"}],"version-history":[{"count":5,"href":"https:\/\/blog.chouynard.ca\/index.php?rest_route=\/wp\/v2\/posts\/1760\/revisions"}],"predecessor-version":[{"id":1765,"href":"https:\/\/blog.chouynard.ca\/index.php?rest_route=\/wp\/v2\/posts\/1760\/revisions\/1765"}],"wp:attachment":[{"href":"https:\/\/blog.chouynard.ca\/index.php?rest_route=%2Fwp%2Fv2%2Fmedia&parent=1760"}],"wp:term":[{"taxonomy":"category","embeddable":true,"href":"https:\/\/blog.chouynard.ca\/index.php?rest_route=%2Fwp%2Fv2%2Fcategories&post=1760"},{"taxonomy":"post_tag","embeddable":true,"href":"https:\/\/blog.chouynard.ca\/index.php?rest_route=%2Fwp%2Fv2%2Ftags&post=1760"}],"curies":[{"name":"wp","href":"https:\/\/api.w.org\/{rel}","templated":true}]}}