{"id":1769,"date":"2015-11-25T12:58:53","date_gmt":"2015-11-25T16:58:53","guid":{"rendered":"https:\/\/blog.chouynard.ca\/?p=1769"},"modified":"2015-12-13T11:05:35","modified_gmt":"2015-12-13T15:05:35","slug":"image-de-la-semaine-25-novembre-2015","status":"publish","type":"post","link":"https:\/\/blog.chouynard.ca\/?p=1769","title":{"rendered":"Image de la semaine &#8211; 25 novembre 2015"},"content":{"rendered":"<p><strong>Au couchant suivra le levant<\/strong><\/p>\n<p>Quoi de mieux parfois que de prendre le temps d\u2019appr\u00e9cier la tomb\u00e9e du jour et le soleil couchant pour rel\u00e2cher un peu la tension int\u00e9rieure, r\u00e9fl\u00e9chir et faire le point sur les derniers jours, sur le jour qui s\u2019ach\u00e8ve?<\/p>\n<div id=\"attachment_1770\" style=\"width: 650px\" class=\"wp-caption aligncenter\"><a href=\"https:\/\/blog.chouynard.ca\/wp-content\/uploads\/2015\/11\/CouchantSaskatoon_1.jpg\"><img loading=\"lazy\" decoding=\"async\" aria-describedby=\"caption-attachment-1770\" class=\"size-large wp-image-1770\" src=\"https:\/\/blog.chouynard.ca\/wp-content\/uploads\/2015\/11\/CouchantSaskatoon_1-1024x768.jpg\" alt=\"Fin de jour tr\u00e8s illumin\u00e9 sur les prairies canadiennes, plus pr\u00e9cis\u00e9ment en p\u00e9riph\u00e9rie de Saskatoon, Saskatchewan. Photo prise en juin 2005\" width=\"640\" height=\"480\" srcset=\"https:\/\/blog.chouynard.ca\/wp-content\/uploads\/2015\/11\/CouchantSaskatoon_1-1024x768.jpg 1024w, https:\/\/blog.chouynard.ca\/wp-content\/uploads\/2015\/11\/CouchantSaskatoon_1-300x225.jpg 300w\" sizes=\"auto, (max-width: 640px) 100vw, 640px\" \/><\/a><p id=\"caption-attachment-1770\" class=\"wp-caption-text\">Fin de jour tr\u00e8s illumin\u00e9e sur les prairies canadiennes, plus pr\u00e9cis\u00e9ment en p\u00e9riph\u00e9rie de Saskatoon, Saskatchewan. Photo prise en juin 2005<\/p><\/div>\n<p>Celui propos\u00e9 ici, \u00e0 d\u00e9faut de la vrai chose qui dispara\u00eet souvent trop rapidement, a l\u2019avantage de pouvoir se savourer \u00e0 loisir. Il offre aussi, \u00e0 la droite de l\u2019image, une silhouette peu banale. Structure quasi fantomatique, ce squelette d\u2019un tepee am\u00e9rindien ne manque de rappeler \u00e0 l\u2019observateur le sort mis\u00e9rable qu\u2019ont connu les civilisations autochtones qui peuplaient le pays \u00e0 l\u2019arriv\u00e9e des blancs europ\u00e9ens. <!--more-->Ils n\u2019avaient ni l\u2019organisation sociale ni les avanc\u00e9es technologiques pour faire face aux envahisseurs. Nous connaissons les r\u00e9sultats de l\u2019acculturation progressive qu\u2019ils ont subie. On peut comprendre (et d\u00e9fendre, ou non) le contexte et les conditions de l\u2019\u00e9poque de leur d\u00e9route initiale. On comprendra beaucoup plus difficilement et on peinera \u00e0 d\u00e9fendre les pauvres conditions sociales et humaine que plusieurs d\u2019entre eux doivent vivent aujourd\u2019hui, en plein 21e si\u00e8cle. Car, si le Canada continue d\u2019accueillir chaque ann\u00e9e, et avec succ\u00e8s, des milliers d\u2019immigrants provenant des origines les plus diverses, il ne parvient pas \u00e0 offrir \u00e0 ses premiers peuples, de mani\u00e8re acceptable pour eux, des milieux de vie \u00e0 la\u00a0 hauteur des immenses ressources collectives dont il dispose. Nous souhaitons fortement que les engagements gouvernementaux r\u00e9cents laissent esp\u00e9rer qu\u2019un redressement de la situation se dessine vraiment \u00e0 l\u2019horizon et qu\u2019un jour nouveau plus serein est destin\u00e9 \u00e0 nos fr\u00e8res am\u00e9rindiens.<\/p>\n","protected":false},"excerpt":{"rendered":"<p>Au couchant suivra le levant Quoi de mieux parfois que de prendre le temps d\u2019appr\u00e9cier la tomb\u00e9e du jour et le soleil couchant pour rel\u00e2cher un peu la tension int\u00e9rieure, r\u00e9fl\u00e9chir et faire le point sur les derniers jours, sur &hellip; <a href=\"https:\/\/blog.chouynard.ca\/?p=1769\">Continuer la lecture <span class=\"meta-nav\">&rarr;<\/span><\/a><\/p>\n","protected":false},"author":4,"featured_media":0,"comment_status":"open","ping_status":"open","sticky":false,"template":"","format":"standard","meta":{"ngg_post_thumbnail":0,"footnotes":""},"categories":[1,145],"tags":[171,170,167,168,169,4],"class_list":["post-1769","post","type-post","status-publish","format-standard","hentry","category-eclectique","category-photo-de-la-semaine","tag-21e-siecle","tag-acculturation","tag-amerindiens","tag-canada","tag-couchant","tag-photo"],"jetpack_featured_media_url":"","_links":{"self":[{"href":"https:\/\/blog.chouynard.ca\/index.php?rest_route=\/wp\/v2\/posts\/1769","targetHints":{"allow":["GET"]}}],"collection":[{"href":"https:\/\/blog.chouynard.ca\/index.php?rest_route=\/wp\/v2\/posts"}],"about":[{"href":"https:\/\/blog.chouynard.ca\/index.php?rest_route=\/wp\/v2\/types\/post"}],"author":[{"embeddable":true,"href":"https:\/\/blog.chouynard.ca\/index.php?rest_route=\/wp\/v2\/users\/4"}],"replies":[{"embeddable":true,"href":"https:\/\/blog.chouynard.ca\/index.php?rest_route=%2Fwp%2Fv2%2Fcomments&post=1769"}],"version-history":[{"count":6,"href":"https:\/\/blog.chouynard.ca\/index.php?rest_route=\/wp\/v2\/posts\/1769\/revisions"}],"predecessor-version":[{"id":1795,"href":"https:\/\/blog.chouynard.ca\/index.php?rest_route=\/wp\/v2\/posts\/1769\/revisions\/1795"}],"wp:attachment":[{"href":"https:\/\/blog.chouynard.ca\/index.php?rest_route=%2Fwp%2Fv2%2Fmedia&parent=1769"}],"wp:term":[{"taxonomy":"category","embeddable":true,"href":"https:\/\/blog.chouynard.ca\/index.php?rest_route=%2Fwp%2Fv2%2Fcategories&post=1769"},{"taxonomy":"post_tag","embeddable":true,"href":"https:\/\/blog.chouynard.ca\/index.php?rest_route=%2Fwp%2Fv2%2Ftags&post=1769"}],"curies":[{"name":"wp","href":"https:\/\/api.w.org\/{rel}","templated":true}]}}