{"id":1803,"date":"2015-12-24T13:06:24","date_gmt":"2015-12-24T17:06:24","guid":{"rendered":"https:\/\/blog.chouynard.ca\/?p=1803"},"modified":"2015-12-24T13:06:24","modified_gmt":"2015-12-24T17:06:24","slug":"image-de-la-semaine-23-decembre-2015","status":"publish","type":"post","link":"https:\/\/blog.chouynard.ca\/?p=1803","title":{"rendered":"Image de la semaine &#8211; 23 d\u00e9cembre 2015"},"content":{"rendered":"<p><strong>Un ch\u0153ur au c\u0153ur<\/strong><\/p>\n<p>Parmi les id\u00e9es originales mises de l\u2019avant pour c\u00e9l\u00e9brer le dixi\u00e8me anniversaire de l\u2019ouverture du Mus\u00e9e de la civilisation de Qu\u00e9bec, en 1998, il y eut celle de former une chorale parmi les employ\u00e9s afin de donner un concert lors des c\u00e9r\u00e9monies destin\u00e9es \u00e0 souligner l\u2019\u00e9v\u00e9nement. La naissance du Ch\u0153ur du Mus\u00e9e de la civilisation venait d\u2019\u00eatre consacr\u00e9e.<\/p>\n<div id=\"attachment_1804\" style=\"width: 650px\" class=\"wp-caption aligncenter\"><a href=\"https:\/\/blog.chouynard.ca\/wp-content\/uploads\/2015\/12\/ChoeurMusee1998A.jpeg\"><img loading=\"lazy\" decoding=\"async\" aria-describedby=\"caption-attachment-1804\" class=\"size-large wp-image-1804\" src=\"https:\/\/blog.chouynard.ca\/wp-content\/uploads\/2015\/12\/ChoeurMusee1998A-1024x702.jpeg\" alt=\"Premier concert du Ch\u0153ur du Mus\u00e9e de la civilisation offert au c\u0153ur m\u00eame de l\u2019\u00e9tablissement, dans le hall du Mus\u00e9e en 1998. L\u2019image n\u2019est pas de qualit\u00e9 mais elle saura probablement soulever de doux souvenirs chez ceux qui ont eu la chance d\u2019y participer.\" width=\"640\" height=\"439\" srcset=\"https:\/\/blog.chouynard.ca\/wp-content\/uploads\/2015\/12\/ChoeurMusee1998A-1024x702.jpeg 1024w, https:\/\/blog.chouynard.ca\/wp-content\/uploads\/2015\/12\/ChoeurMusee1998A-300x206.jpeg 300w\" sizes=\"auto, (max-width: 640px) 100vw, 640px\" \/><\/a><p id=\"caption-attachment-1804\" class=\"wp-caption-text\">Premier concert du Ch\u0153ur du Mus\u00e9e de la civilisation offert au c\u0153ur m\u00eame de l\u2019\u00e9tablissement, dans le hall du Mus\u00e9e \u00e0 l&rsquo;occasion du 10e anniversaire de l&rsquo;ouverture. L\u2019image n\u2019est pas de bonne qualit\u00e9 mais elle saura probablement soulever de doux souvenirs, surtout chez ceux qui ont eu la chance d\u2019y participer. Photo de l&rsquo;automne 1998<\/p><\/div>\n<p>Cependant, il fallait quand m\u00eame atteindre une puissance sonore convaincante. De plus, plusieurs des volontaires de la premi\u00e8re heure n\u2019avaient que peu ou pas d\u2019exp\u00e9rience de choriste. <!--more-->Une invitation \u00e0 participer a alors \u00e9t\u00e9 faite au groupe des Amis du Mus\u00e9e afin de grossir les rangs. C\u2019est ainsi qu\u2019une trentaine de personnes, divis\u00e9e en quatre pupitres, deux de femmes et deux d\u2019hommes sont finalement mont\u00e9s sur sc\u00e8ne, apr\u00e8s \u00e0 peine quelques mois de pratiques hebdomadaires. Heureusement, on a fait appel \u00e0 une chef de ch\u0153ur exp\u00e9riment\u00e9e afin de guider les choristes: <a href=\"http:\/\/www.mus.ulaval.ca\/notice.php?id=36\" target=\"_blank\">Jos\u00e9e Vaillancourt<\/a>, aujourd\u2019hui \u00e0 l\u2019Universit\u00e9 Laval, s\u2019est donn\u00e9e beaucoup de mal et a su canaliser les forces de chacun afin que les concerts offerts \u00e0 l\u2019automne 1998 deviennent des succ\u00e8s notables. Des succ\u00e8s tels que cette chorale existe toujours dix-huit ans plus tard et poursuit sa tradition de donner quelques concerts \u00e0 l\u2019automne. Comme \u00e0 chaque ann\u00e9e, aujourd\u2019hui, les prestations sont offertes \u00e0 la Chapelle du Mus\u00e9e de l\u2019Am\u00e9rique francophone, un lieu original qui offre en plus un niveau acoustique plus que satisfaisant. Comme chaque ann\u00e9e, le Ch\u0153ur du Mus\u00e9e (<a href=\"https:\/\/www.mcq.org\/fr\/choeur-du-musee-de-la-civilisation\" target=\"_blank\">voir son site<\/a>) s&rsquo;inspire des th\u00e9matiques offertes au Mus\u00e9e pour pr\u00e9parer ses concerts. Et comme les repr\u00e9sentations annuelles sont \u00e0 l&rsquo;automne, avant les F\u00eates, on avait l&rsquo;habitude, \u00e0 l&rsquo;\u00e9poque de parler du concert de No\u00ebl de la chorale.<\/p>\n<p>Joyeux No\u00ebl et heureuses F\u00eates \u00e0 tous les visiteurs des Chouynardises etc.<\/p>\n","protected":false},"excerpt":{"rendered":"<p>Un ch\u0153ur au c\u0153ur Parmi les id\u00e9es originales mises de l\u2019avant pour c\u00e9l\u00e9brer le dixi\u00e8me anniversaire de l\u2019ouverture du Mus\u00e9e de la civilisation de Qu\u00e9bec, en 1998, il y eut celle de former une chorale parmi les employ\u00e9s afin de &hellip; <a href=\"https:\/\/blog.chouynard.ca\/?p=1803\">Continuer la lecture <span class=\"meta-nav\">&rarr;<\/span><\/a><\/p>\n","protected":false},"author":4,"featured_media":0,"comment_status":"open","ping_status":"open","sticky":false,"template":"","format":"standard","meta":{"ngg_post_thumbnail":0,"footnotes":""},"categories":[1,145],"tags":[181,87,102,88],"class_list":["post-1803","post","type-post","status-publish","format-standard","hentry","category-eclectique","category-photo-de-la-semaine","tag-choeur-du-musee","tag-musee-de-la-civilisation","tag-musique","tag-universite-laval"],"jetpack_featured_media_url":"","_links":{"self":[{"href":"https:\/\/blog.chouynard.ca\/index.php?rest_route=\/wp\/v2\/posts\/1803","targetHints":{"allow":["GET"]}}],"collection":[{"href":"https:\/\/blog.chouynard.ca\/index.php?rest_route=\/wp\/v2\/posts"}],"about":[{"href":"https:\/\/blog.chouynard.ca\/index.php?rest_route=\/wp\/v2\/types\/post"}],"author":[{"embeddable":true,"href":"https:\/\/blog.chouynard.ca\/index.php?rest_route=\/wp\/v2\/users\/4"}],"replies":[{"embeddable":true,"href":"https:\/\/blog.chouynard.ca\/index.php?rest_route=%2Fwp%2Fv2%2Fcomments&post=1803"}],"version-history":[{"count":6,"href":"https:\/\/blog.chouynard.ca\/index.php?rest_route=\/wp\/v2\/posts\/1803\/revisions"}],"predecessor-version":[{"id":1817,"href":"https:\/\/blog.chouynard.ca\/index.php?rest_route=\/wp\/v2\/posts\/1803\/revisions\/1817"}],"wp:attachment":[{"href":"https:\/\/blog.chouynard.ca\/index.php?rest_route=%2Fwp%2Fv2%2Fmedia&parent=1803"}],"wp:term":[{"taxonomy":"category","embeddable":true,"href":"https:\/\/blog.chouynard.ca\/index.php?rest_route=%2Fwp%2Fv2%2Fcategories&post=1803"},{"taxonomy":"post_tag","embeddable":true,"href":"https:\/\/blog.chouynard.ca\/index.php?rest_route=%2Fwp%2Fv2%2Ftags&post=1803"}],"curies":[{"name":"wp","href":"https:\/\/api.w.org\/{rel}","templated":true}]}}