{"id":1822,"date":"2016-01-01T13:21:18","date_gmt":"2016-01-01T17:21:18","guid":{"rendered":"https:\/\/blog.chouynard.ca\/?p=1822"},"modified":"2016-01-01T13:21:18","modified_gmt":"2016-01-01T17:21:18","slug":"image-de-la-semaine-31-decembre-2015","status":"publish","type":"post","link":"https:\/\/blog.chouynard.ca\/?p=1822","title":{"rendered":"Image de la semaine  &#8211; 31 d\u00e9cembre 2015"},"content":{"rendered":"<p><b>En vadrouille au Mont Comi<\/b><\/p>\n<p>Le temps des F\u00eates de fin d&rsquo;ann\u00e9e donne souvent l&rsquo;opportunit\u00e9 d&rsquo;organiser des rencontres avec les gens qu&rsquo;on appr\u00e9cie mais qu&rsquo;on voit moins.<\/p>\n<div id=\"attachment_1820\" style=\"width: 650px\" class=\"wp-caption aligncenter\"><a href=\"https:\/\/blog.chouynard.ca\/wp-content\/uploads\/2015\/12\/11MontComi2014.jpg\"><img loading=\"lazy\" decoding=\"async\" aria-describedby=\"caption-attachment-1820\" class=\"size-large wp-image-1820\" src=\"https:\/\/blog.chouynard.ca\/wp-content\/uploads\/2015\/12\/11MontComi2014-1024x768.jpg\" alt=\"Fin du jour inspirant aux abords du mont Comi qu'on entrevoit \u00e0 gauche. Photo de d\u00e9cembre 2014\" width=\"640\" height=\"480\" srcset=\"https:\/\/blog.chouynard.ca\/wp-content\/uploads\/2015\/12\/11MontComi2014-1024x768.jpg 1024w, https:\/\/blog.chouynard.ca\/wp-content\/uploads\/2015\/12\/11MontComi2014-300x225.jpg 300w\" sizes=\"auto, (max-width: 640px) 100vw, 640px\" \/><\/a><p id=\"caption-attachment-1820\" class=\"wp-caption-text\">Fin du jour inspirant aux abords du mont Comi dont on entrevoit la silhouette au fond. Photo de d\u00e9cembre 2014<\/p><\/div>\n<p>Dans notre famille, comme dans bien d&rsquo;autre \u00e9videmment, m\u00eame si \u00e7a devient chaque ann\u00e9e plus difficile, on peut encore penser r\u00e9unir bon nombre des membres de la tribu \u00e9largie. Quels moments privil\u00e9gi\u00e9s pour renouer avec les siens, avec les amiti\u00e9s profondes et lointaines que la vie de chacun emporte vers des horizons diff\u00e9rents. La famille, le noyau que la nature nous offre et sur lequel chacun construit sa famille \u00e9largie, quelle forteresse qui permet de se sentir appuy\u00e9 et en s\u00e9curit\u00e9 mais aussi quel creuset permettant d&rsquo;\u00e9changer, de valider, de fortifier les id\u00e9es et d&rsquo;assurer une meilleure confiance individuelle et collective.<br \/>\n\u00c0 la fin de l&rsquo;ann\u00e9e 2014, la chance a \u00e9t\u00e9 donn\u00e9 \u00e0 plusieurs membres de notre famille de c\u00e9l\u00e9brer le passage vers 2015 dans un grand chalet du Mont Comi pr\u00e8s de Rimouski. L&rsquo;endroit offre aussi un centre de ski de bonne r\u00e9putation o\u00f9 les activit\u00e9s hivernales sont nombreuses.<br \/>\nMerci la vie et, \u00e0 tous les visiteurs des Chouynardises etc., une merveilleuse ann\u00e9e 2016 remplie de sant\u00e9, d&rsquo;amiti\u00e9 et de belles rencontres de famille!<\/p>\n<p>&nbsp;<\/p>\n","protected":false},"excerpt":{"rendered":"<p>En vadrouille au Mont Comi Le temps des F\u00eates de fin d&rsquo;ann\u00e9e donne souvent l&rsquo;opportunit\u00e9 d&rsquo;organiser des rencontres avec les gens qu&rsquo;on appr\u00e9cie mais qu&rsquo;on voit moins. Dans notre famille, comme dans bien d&rsquo;autre \u00e9videmment, m\u00eame si \u00e7a devient chaque &hellip; <a href=\"https:\/\/blog.chouynard.ca\/?p=1822\">Continuer la lecture <span class=\"meta-nav\">&rarr;<\/span><\/a><\/p>\n","protected":false},"author":4,"featured_media":0,"comment_status":"open","ping_status":"open","sticky":false,"template":"","format":"standard","meta":{"ngg_post_thumbnail":0,"footnotes":""},"categories":[30,1,145],"tags":[182,152,117,183,98],"class_list":["post-1822","post","type-post","status-publish","format-standard","hentry","category-cest-la-vie","category-eclectique","category-photo-de-la-semaine","tag-amitie","tag-famille","tag-hiver","tag-mont-comi","tag-sante"],"jetpack_featured_media_url":"","_links":{"self":[{"href":"https:\/\/blog.chouynard.ca\/index.php?rest_route=\/wp\/v2\/posts\/1822","targetHints":{"allow":["GET"]}}],"collection":[{"href":"https:\/\/blog.chouynard.ca\/index.php?rest_route=\/wp\/v2\/posts"}],"about":[{"href":"https:\/\/blog.chouynard.ca\/index.php?rest_route=\/wp\/v2\/types\/post"}],"author":[{"embeddable":true,"href":"https:\/\/blog.chouynard.ca\/index.php?rest_route=\/wp\/v2\/users\/4"}],"replies":[{"embeddable":true,"href":"https:\/\/blog.chouynard.ca\/index.php?rest_route=%2Fwp%2Fv2%2Fcomments&post=1822"}],"version-history":[{"count":4,"href":"https:\/\/blog.chouynard.ca\/index.php?rest_route=\/wp\/v2\/posts\/1822\/revisions"}],"predecessor-version":[{"id":1826,"href":"https:\/\/blog.chouynard.ca\/index.php?rest_route=\/wp\/v2\/posts\/1822\/revisions\/1826"}],"wp:attachment":[{"href":"https:\/\/blog.chouynard.ca\/index.php?rest_route=%2Fwp%2Fv2%2Fmedia&parent=1822"}],"wp:term":[{"taxonomy":"category","embeddable":true,"href":"https:\/\/blog.chouynard.ca\/index.php?rest_route=%2Fwp%2Fv2%2Fcategories&post=1822"},{"taxonomy":"post_tag","embeddable":true,"href":"https:\/\/blog.chouynard.ca\/index.php?rest_route=%2Fwp%2Fv2%2Ftags&post=1822"}],"curies":[{"name":"wp","href":"https:\/\/api.w.org\/{rel}","templated":true}]}}