{"id":1947,"date":"2016-10-30T14:31:54","date_gmt":"2016-10-30T18:31:54","guid":{"rendered":"https:\/\/blog.chouynard.ca\/?p=1947"},"modified":"2016-10-30T14:33:02","modified_gmt":"2016-10-30T18:33:02","slug":"image-de-la-semaine-30-octobre-2016","status":"publish","type":"post","link":"https:\/\/blog.chouynard.ca\/?p=1947","title":{"rendered":"Image de la semaine &#8211; 30 octobre  2016"},"content":{"rendered":"<p><strong>La lecture et le Beaujolais<br \/>\n<\/strong><\/p>\n<p>\u00c0 l\u2019automne de 1989, profitant d\u2019un r\u00e9pit d\u2019une semaine en France, au d\u00e9part de Paris et au volant d\u2019une voiture de location, le cap est rapidement fix\u00e9 au sud. L\u2019hiver n\u2019allait pas tarder, de retour au pays, et il semblait normal de tenter de faire provision d\u2019un maximum de temp\u00e9rature douce.<\/p>\n<div id=\"attachment_1949\" style=\"width: 5695px\" class=\"wp-caption aligncenter\"><a href=\"https:\/\/blog.chouynard.ca\/?attachment_id=1949\" rel=\"attachment wp-att-1949\"><img loading=\"lazy\" decoding=\"async\" aria-describedby=\"caption-attachment-1949\" class=\"size-full wp-image-1949\" src=\"https:\/\/blog.chouynard.ca\/wp-content\/uploads\/2016\/10\/VigneBourgogne1989.jpeg\" alt=\"Prise dans la r\u00e9gion bourguignonne il y a pr\u00e8s de 30 ans, l\u2019information pr\u00e9cise concernant ce village de cette photo n\u2019est pas disponible. Serait-ce Quinci\u00e9 en Beaujolais? Que ceux qui savent se manifestent.\" width=\"5685\" height=\"4061\" srcset=\"https:\/\/blog.chouynard.ca\/wp-content\/uploads\/2016\/10\/VigneBourgogne1989.jpeg 5685w, https:\/\/blog.chouynard.ca\/wp-content\/uploads\/2016\/10\/VigneBourgogne1989-300x214.jpeg 300w, https:\/\/blog.chouynard.ca\/wp-content\/uploads\/2016\/10\/VigneBourgogne1989-768x549.jpeg 768w, https:\/\/blog.chouynard.ca\/wp-content\/uploads\/2016\/10\/VigneBourgogne1989-1024x731.jpeg 1024w\" sizes=\"auto, (max-width: 5685px) 100vw, 5685px\" \/><\/a><p id=\"caption-attachment-1949\" class=\"wp-caption-text\">Photo <strong>prise<\/strong> dans la r\u00e9gion bourguignonne il y a pr\u00e8s de 30 ans, l\u2019information pr\u00e9cise concernant ce village de cette photo n\u2019est pas disponible. Serait-ce <strong>Quinci\u00e9 en Beaujolais<\/strong>? Que ceux qui savent se manifestent.<\/p><\/div>\n<p><!--more-->Autre objectif important, atteindre la C\u00f4te d&rsquo;Azur pour se planter les pieds dans la Mer M\u00e9diterran\u00e9e, comme dans une d\u00e9marche initiatique, pour enfin r\u00e9aliser un r\u00eave profond\u00e9ment enfoui, comme un arch\u00e9type qui remonte des profondeurs du moi. Ou n\u2019\u00e9tait-ce qu\u2019un r\u00eave construit au fil des nombreuses lectures c\u00e9l\u00e9brant la grande mer intercontinentale si souvent chant\u00e9e dans la litt\u00e9rature? Qui sait?<br \/>\nD\u2019autre part, je ne pouvais passer ailleurs que dans la c\u00e9l\u00e8bre r\u00e9gion de Bourgogne et particuli\u00e8rement dans le Beaujolais. Sauf que cette fois, je sais ce qui m\u2019y conduit. Le vin, bien s\u00fbr, mais pas juste le vin comme breuvage ou nectar divin. En fait, c\u2019est plut\u00f4t une construction mentale qui s\u2019est d\u00e9velopp\u00e9e \u00e0 la lecture de tr\u00e8s (trop) nombreuses aventures du c\u00e9l\u00e8bre commissaire San-Antonio (voir note de la fin). Donc, le commissaire San-Antonio a comme adjoint un \u00eatre pittoresque et plus grand que nature d\u00e9nomm\u00e9 B\u00e9rurier dont le langage truculent force d&rsquo;irr\u00e9sistibles sourires. Et surtout, le B\u00e9rurier ne manque pas un occasion d\u2019<em>\u00e9cluser une boutanche de beaujolpif<\/em>. Le fil des aventures de ces larrons a d\u00e9velopp\u00e9 ce go\u00fbt quasi incontr\u00f4lable de connaitre le pays o\u00f9 poussent ces vignes magiques! Quel pays agr\u00e9able, long\u00e9 par la Sa\u00f4ne, vallonn\u00e9e tout en douceur et offrant des villages typiques et des paysages champ\u00eatres o\u00f9 la vigne est omnipr\u00e9sente.<br \/>\nComme quoi la lecture de romans apporte parfois au lecteur des richesses qui d\u00e9passent de beaucoup le simple cadre de l\u2019histoire narr\u00e9e.<\/p>\n<p>Note : San-Antonio est d\u2019abord un des pseudonymes de l\u2019auteur fran\u00e7ais Fr\u00e9d\u00e9ric Dard mais c\u2019est aussi et surtout un de ses personnages principaux dont il a racont\u00e9 les aventures (175 romans en tout parait-il) sous ce pseudonyme. Fr\u00e9d\u00e9ric Dard joue adroitement avec le langage mais certains lecteurs lui reprochent d\u2019abuser de l\u2019argot fran\u00e7ais et des formules argotiques dont, je l&rsquo;admets, on risque de devoir faire un certain apprentissage avant d\u2019appr\u00e9cier pleinement l\u2019univers de ses h\u00e9ros. N\u2019emp\u00eache qu&rsquo;en 1964 L\u2019histoire de France vue par San-Antonio se serait vendu \u00e0 350 000 exemplaires en France seulement. Je l&rsquo;ai <em>bouquin\u00e9 y a bien des piges pis j&rsquo;ai kiff\u00e9 pour<\/em> ces histoires. <em>Vachement<\/em> bien!<\/p>\n<p>&nbsp;<\/p>\n","protected":false},"excerpt":{"rendered":"<p>Courte histoire d&rsquo;un p\u00e9riple en France et de romans de San-Antonio qui conduisent jusqu&rsquo;en Beaujolais. Le village de la photo hebdomadaire est-il Quinci\u00e9 en Beaujolais??? <a href=\"https:\/\/blog.chouynard.ca\/?p=1947\">Continuer la lecture <span class=\"meta-nav\">&rarr;<\/span><\/a><\/p>\n","protected":false},"author":4,"featured_media":0,"comment_status":"open","ping_status":"open","sticky":false,"template":"","format":"standard","meta":{"ngg_post_thumbnail":0,"footnotes":""},"categories":[1,34,145],"tags":[209,210,212,125,65,211,203],"class_list":["post-1947","post","type-post","status-publish","format-standard","hentry","category-eclectique","category-compte-rendu-de-lecture","category-photo-de-la-semaine","tag-beaujolais","tag-france","tag-frederic-dard","tag-mediterranee","tag-roman","tag-san-antonio","tag-vin"],"jetpack_featured_media_url":"","_links":{"self":[{"href":"https:\/\/blog.chouynard.ca\/index.php?rest_route=\/wp\/v2\/posts\/1947","targetHints":{"allow":["GET"]}}],"collection":[{"href":"https:\/\/blog.chouynard.ca\/index.php?rest_route=\/wp\/v2\/posts"}],"about":[{"href":"https:\/\/blog.chouynard.ca\/index.php?rest_route=\/wp\/v2\/types\/post"}],"author":[{"embeddable":true,"href":"https:\/\/blog.chouynard.ca\/index.php?rest_route=\/wp\/v2\/users\/4"}],"replies":[{"embeddable":true,"href":"https:\/\/blog.chouynard.ca\/index.php?rest_route=%2Fwp%2Fv2%2Fcomments&post=1947"}],"version-history":[{"count":9,"href":"https:\/\/blog.chouynard.ca\/index.php?rest_route=\/wp\/v2\/posts\/1947\/revisions"}],"predecessor-version":[{"id":1957,"href":"https:\/\/blog.chouynard.ca\/index.php?rest_route=\/wp\/v2\/posts\/1947\/revisions\/1957"}],"wp:attachment":[{"href":"https:\/\/blog.chouynard.ca\/index.php?rest_route=%2Fwp%2Fv2%2Fmedia&parent=1947"}],"wp:term":[{"taxonomy":"category","embeddable":true,"href":"https:\/\/blog.chouynard.ca\/index.php?rest_route=%2Fwp%2Fv2%2Fcategories&post=1947"},{"taxonomy":"post_tag","embeddable":true,"href":"https:\/\/blog.chouynard.ca\/index.php?rest_route=%2Fwp%2Fv2%2Ftags&post=1947"}],"curies":[{"name":"wp","href":"https:\/\/api.w.org\/{rel}","templated":true}]}}