{"id":1960,"date":"2016-11-09T13:52:04","date_gmt":"2016-11-09T17:52:04","guid":{"rendered":"https:\/\/blog.chouynard.ca\/?p=1960"},"modified":"2016-11-17T16:01:02","modified_gmt":"2016-11-17T20:01:02","slug":"image-de-la-semaine-9-novembre-2016","status":"publish","type":"post","link":"https:\/\/blog.chouynard.ca\/?p=1960","title":{"rendered":"Image de la semaine &#8211; 9 novembre  2016"},"content":{"rendered":"<p><strong>Revenir \u00e0 la base<\/strong><\/p>\n<p>R\u00e9cemment,\u00a0 pour marquer le changement de saison, on a remplac\u00e9 l\u2019image de l\u2019ent\u00eate des <em>Chouynardises etc.<\/em> Du coup, on a enlev\u00e9 l\u2019acc\u00e8s \u00e0 la photo de ciel et d\u2019eau qui a orn\u00e9 le cybercarnet durant tout l\u2019\u00e9t\u00e9. Comme on nous a signal\u00e9 avec regret cette perte d\u2019acc\u00e8s, la revoici donc, au complet cette fois, pour le plaisir de ceux qui en auront le go\u00fbt.<\/p>\n<div id=\"attachment_1962\" style=\"width: 3274px\" class=\"wp-caption aligncenter\"><a href=\"https:\/\/blog.chouynard.ca\/?attachment_id=1962\" rel=\"attachment wp-att-1962\"><img loading=\"lazy\" decoding=\"async\" aria-describedby=\"caption-attachment-1962\" class=\"size-full wp-image-1962\" src=\"https:\/\/blog.chouynard.ca\/wp-content\/uploads\/2016\/11\/BaseBleu2016.jpg\" alt=\"Base bleue, photographie prise le long d\u2019un sentier p\u00e9destre de la Base de plein air de Sainte-Foy, \u00e0 Qu\u00e9bec au printemps 2016\" width=\"3264\" height=\"2448\" srcset=\"https:\/\/blog.chouynard.ca\/wp-content\/uploads\/2016\/11\/BaseBleu2016.jpg 3264w, https:\/\/blog.chouynard.ca\/wp-content\/uploads\/2016\/11\/BaseBleu2016-300x225.jpg 300w, https:\/\/blog.chouynard.ca\/wp-content\/uploads\/2016\/11\/BaseBleu2016-768x576.jpg 768w, https:\/\/blog.chouynard.ca\/wp-content\/uploads\/2016\/11\/BaseBleu2016-1024x768.jpg 1024w\" sizes=\"auto, (max-width: 3264px) 100vw, 3264px\" \/><\/a><p id=\"caption-attachment-1962\" class=\"wp-caption-text\">Base bleue, photographie prise le long d\u2019un sentier p\u00e9destre de la Base de plein air de Sainte-Foy, \u00e0 Qu\u00e9bec au printemps 2016<\/p><\/div>\n<p>Cette photo donne par ailleurs l\u2019occasion de pr\u00e9senter bri\u00e8vement l\u2019endroit o\u00f9 elle a \u00e9t\u00e9 prise : la Base de plein air de Sainte-Foy dans la ville de Qu\u00e9bec. Le lieux est situ\u00e9 entre le Boulevard Hamel et l\u2019autoroute 40, dans l\u2019axe nord-sud et entre les boulevards Duplessis et Henri 4 dans l\u2019autre axe. Son adresse officielle est le 3180 rue Laberge.<!--more--><br \/>\nCe grand parc est un lieu d\u2019activit\u00e9s de plein air, ouvert \u00e0 longueur d\u2019ann\u00e9e, au c\u0153ur de l\u2019agglom\u00e9ration urbaine, ce qui en fait un espace particuli\u00e8rement recherch\u00e9 des citadins mais aussi des nombreux visiteurs de la r\u00e9gion. Durant la belle saison, son grand lac (Laberge) permet les activit\u00e9s aquatiques de promenade en canot, en kayak ou en p\u00e9dalo. Sur le petit lac artificiel voisin, une large section, avec plage de sable et surveillance adapt\u00e9e, est r\u00e9serv\u00e9e \u00e0 la baignade. Tout pr\u00e8s, se trouvent des terrains de volleyball et une zone familiale avec tables de pique-nique. Ces derni\u00e8res sont d\u2019ailleurs aussi disponibles un peu partout sur l\u2019ensemble du site. La base de plein air permet aussi de belles promenades en milieu bois\u00e9 (beaucoup d\u2019\u00e9rables notamment) ou en milieu humide. Des trottoirs de bois ont aussi \u00e9t\u00e9 construits pour permettre de circuler et d\u2019admirer la tourbi\u00e8re \u00e0 la flore particuli\u00e8rement riche et int\u00e9ressante qui se trouve du c\u00f4t\u00e9 nord. En tout, quelques cinq kilom\u00e8tres de pistes sont accessibles. Avec sa diversit\u00e9 de milieux on imagine facilement que les amateurs d\u2019ornithologie sont aussi bien servis \u00e0 la base de plein air. En hiver, ce parc urbain est aussi disponible pour la promenade p\u00e9destre, le ski de fond, la raquette et la glissade.<br \/>\n\u00c0 la pr\u00e9sentation de cet univers si attrayant me revient \u00e0 l\u2019esprit que j\u2019ai r\u00e9alis\u00e9 deux \u0153uvres picturales \u00e0 partir de photos prises \u00e0 la base de plein air. J\u2019en profite pour en partager une avec les visiteurs des <em>Chouynardises etc<\/em>. Il s\u2019agit d\u2019une \u0153uvre peinte \u00e0 l\u2019acrylique en 2015.<\/p>\n<div id=\"attachment_1964\" style=\"width: 2931px\" class=\"wp-caption aligncenter\"><a href=\"https:\/\/blog.chouynard.ca\/?attachment_id=1964\" rel=\"attachment wp-att-1964\"><img loading=\"lazy\" decoding=\"async\" aria-describedby=\"caption-attachment-1964\" class=\"size-full wp-image-1964\" src=\"https:\/\/blog.chouynard.ca\/wp-content\/uploads\/2016\/11\/Sous-bois.jpg\" alt=\"Sous-bois, dimensions 12 x 24 pouces, \u0153uvre peinte \u00e0 l\u2019acrylique et r\u00e9alis\u00e9e par ych en 2015 \u00e0 l\u2019Atelier Pachecho du Centre Brulart \u00e0 Qu\u00e9bec. Inspir\u00e9 d\u2019un paysage croqu\u00e9 dans la nature de la Base de plein air de Sainte-Foy.\" width=\"2921\" height=\"1704\" srcset=\"https:\/\/blog.chouynard.ca\/wp-content\/uploads\/2016\/11\/Sous-bois.jpg 2921w, https:\/\/blog.chouynard.ca\/wp-content\/uploads\/2016\/11\/Sous-bois-300x175.jpg 300w, https:\/\/blog.chouynard.ca\/wp-content\/uploads\/2016\/11\/Sous-bois-768x448.jpg 768w, https:\/\/blog.chouynard.ca\/wp-content\/uploads\/2016\/11\/Sous-bois-1024x597.jpg 1024w\" sizes=\"auto, (max-width: 2921px) 100vw, 2921px\" \/><\/a><p id=\"caption-attachment-1964\" class=\"wp-caption-text\"><strong>Sous-bois<\/strong>, dimensions 12 x 24 pouces, \u0153uvre peinte \u00e0 l\u2019acrylique et r\u00e9alis\u00e9e par <strong>YCh <\/strong>en 2015 \u00e0 l\u2019Atelier Pacheco du Centre Brulart \u00e0 Qu\u00e9bec. Inspir\u00e9e d\u2019un paysage croqu\u00e9 dans la nature de la Base de plein air de Sainte-Foy.<\/p><\/div>\n<p>&nbsp;<\/p>\n<p>&nbsp;<\/p>\n<p>&nbsp;<\/p>\n<p>&nbsp;<\/p>\n","protected":false},"excerpt":{"rendered":"<p>Quelques mots de pr\u00e9sentation (et une photo) de la Base de plein air de Sainte-Foy \u00e0 Qu\u00e9bec. On y pr\u00e9sente m\u00eame une reproduction d&rsquo;une toile de YCh inspir\u00e9e d&rsquo;un paysage de ce m\u00eame endroit&#8230; <a href=\"https:\/\/blog.chouynard.ca\/?p=1960\">Continuer la lecture <span class=\"meta-nav\">&rarr;<\/span><\/a><\/p>\n","protected":false},"author":4,"featured_media":0,"comment_status":"open","ping_status":"open","sticky":false,"template":"","format":"standard","meta":{"ngg_post_thumbnail":0,"footnotes":""},"categories":[1,132,145],"tags":[43,56,133,4,213,9,55,144],"class_list":["post-1960","post","type-post","status-publish","format-standard","hentry","category-eclectique","category-experience-picturale","category-photo-de-la-semaine","tag-ateliers-t-pacheco","tag-equipement-urbain","tag-peinture-acrylique","tag-photo","tag-plein-air","tag-printemps","tag-quebec","tag-toile-ych"],"jetpack_featured_media_url":"","_links":{"self":[{"href":"https:\/\/blog.chouynard.ca\/index.php?rest_route=\/wp\/v2\/posts\/1960","targetHints":{"allow":["GET"]}}],"collection":[{"href":"https:\/\/blog.chouynard.ca\/index.php?rest_route=\/wp\/v2\/posts"}],"about":[{"href":"https:\/\/blog.chouynard.ca\/index.php?rest_route=\/wp\/v2\/types\/post"}],"author":[{"embeddable":true,"href":"https:\/\/blog.chouynard.ca\/index.php?rest_route=\/wp\/v2\/users\/4"}],"replies":[{"embeddable":true,"href":"https:\/\/blog.chouynard.ca\/index.php?rest_route=%2Fwp%2Fv2%2Fcomments&post=1960"}],"version-history":[{"count":9,"href":"https:\/\/blog.chouynard.ca\/index.php?rest_route=\/wp\/v2\/posts\/1960\/revisions"}],"predecessor-version":[{"id":1980,"href":"https:\/\/blog.chouynard.ca\/index.php?rest_route=\/wp\/v2\/posts\/1960\/revisions\/1980"}],"wp:attachment":[{"href":"https:\/\/blog.chouynard.ca\/index.php?rest_route=%2Fwp%2Fv2%2Fmedia&parent=1960"}],"wp:term":[{"taxonomy":"category","embeddable":true,"href":"https:\/\/blog.chouynard.ca\/index.php?rest_route=%2Fwp%2Fv2%2Fcategories&post=1960"},{"taxonomy":"post_tag","embeddable":true,"href":"https:\/\/blog.chouynard.ca\/index.php?rest_route=%2Fwp%2Fv2%2Ftags&post=1960"}],"curies":[{"name":"wp","href":"https:\/\/api.w.org\/{rel}","templated":true}]}}