{"id":2010,"date":"2017-01-22T17:05:36","date_gmt":"2017-01-22T21:05:36","guid":{"rendered":"https:\/\/blog.chouynard.ca\/?p=2010"},"modified":"2017-01-22T17:10:09","modified_gmt":"2017-01-22T21:10:09","slug":"image-de-la-semaine-22-janvier-2017","status":"publish","type":"post","link":"https:\/\/blog.chouynard.ca\/?p=2010","title":{"rendered":"Image de la semaine &#8211; 22 janvier  2017"},"content":{"rendered":"<p>OVNI SOIT QUI MAL Y PENSE!<\/p>\n<p>\u00c0 notre \u00e9poque de scepticisme g\u00e9n\u00e9ralis\u00e9, voir apparaitre une forme ou un objet scintillant dans le ciel n\u2019est g\u00e9n\u00e9ralement pas per\u00e7u comme la mat\u00e9rialisation d\u2019une force surnaturelle. Quoique\u2026 certains se permettent encore de raconter \u00e0 la veill\u00e9e, la fois que\u2026<\/p>\n<div id=\"attachment_2011\" style=\"width: 650px\" class=\"wp-caption alignleft\"><a href=\"https:\/\/blog.chouynard.ca\/?attachment_id=2011\" rel=\"attachment wp-att-2011\"><img loading=\"lazy\" decoding=\"async\" aria-describedby=\"caption-attachment-2011\" class=\"size-large wp-image-2011\" src=\"https:\/\/blog.chouynard.ca\/wp-content\/uploads\/2017\/01\/Circumzenithal2-1024x732.jpg\" alt=\"\" width=\"640\" height=\"458\" srcset=\"https:\/\/blog.chouynard.ca\/wp-content\/uploads\/2017\/01\/Circumzenithal2-1024x732.jpg 1024w, https:\/\/blog.chouynard.ca\/wp-content\/uploads\/2017\/01\/Circumzenithal2-300x214.jpg 300w, https:\/\/blog.chouynard.ca\/wp-content\/uploads\/2017\/01\/Circumzenithal2-768x549.jpg 768w\" sizes=\"auto, (max-width: 640px) 100vw, 640px\" \/><\/a><p id=\"caption-attachment-2011\" class=\"wp-caption-text\">Dominant le joli village de Cap-Chat en Gasp\u00e9sie, le soleil cr\u00e9e ce grand arc lumineux qui semble s\u2019\u00e9lever au dessus du golfe Saint-Laurent. On voit aussi, au loin, dans le brouillard, le fameux cap qui a donn\u00e9 sont nom \u00e0 la municipalit\u00e9. Photo de f\u00e9vrier 2015.<\/p><\/div>\n<p>Je me souviens comme \u00e7a d\u2019un ph\u00e9nom\u00e8ne tr\u00e8s bizarre aper\u00e7u, par un bel apr\u00e8s midi ensoleill\u00e9 d\u2019\u00e9t\u00e9, dans la r\u00e9gion des Cantons de l\u2019est au Qu\u00e9bec. Fin des ann\u00e9es 1970, ciel bleu, avec quelques nuages, soleil resplendissant sur une campagne chaudement baign\u00e9e de lumi\u00e8re. Il est vers les 15 heures. <!--more-->Je m\u2019arr\u00eate en bordure d\u2019une route campagnarde pour faire quelques clich\u00e9s d\u2019un quelconque ph\u00e9nom\u00e8ne du patrimoine ethnologique qui caract\u00e9rise l\u2019occupation de la r\u00e9gion. La r\u00e9alit\u00e9 du ph\u00e9nom\u00e8ne ethnologique en question m\u2019\u00e9chappe compl\u00e8tement aujourd\u2019hui. Ce dont je me souviens plus clairement cependant ce sont ces boules lumineuses de forme plut\u00f4t oblongue, ultra-brillantes, qui semblaient flotter \u00e0 hauteur des nuages et se d\u00e9pla\u00e7aient doucement. Trois ou quatre d\u2019entre elles, d\u00e9pendant des moments, se d\u00e9pla\u00e7aient sans avoir l\u2019air de le faire ensemble en coordination. De plus, aucune ombre cr\u00e9\u00e9 par les passages nuageux ne paraissait les affecter. Finalement elles ont disparues de mani\u00e8re myst\u00e9rieuses comme aspir\u00e9e par une autre dimension. Ces images ont marqu\u00e9es mon imagination. J\u2019ai attendu avec un l\u00e9ger espoir et un peu d\u2019appr\u00e9hension les nouvelles du soir pour savoir si on en ferait \u00e9tat. Rien. Silence abyssal et d\u00e9primant. J\u2019avais r\u00eav\u00e9? Trop de soleil? Peu importe. Je reste avec mon t\u00e9moignage pour ce qu\u2019il vaut, une histoire de bonhomme sept heures \u00e0 raconter aux enfants. N\u2019emp\u00eache\u2026!<\/p>\n<p>Plus pr\u00e8s de nous, j\u2019ai cette fois eu la chance de photographier un ph\u00e9nom\u00e8ne c\u00e9leste document\u00e9, l\u2019arc circumz\u00e9nital. Celui-ci, qui fait partie des photom\u00e9t\u00e9ores, est un ph\u00e9nom\u00e8ne optique que l\u2019on peut voir dans l\u2019atmosph\u00e8re terrestre, caus\u00e9 par la lumi\u00e8re du soleil ou de la&nbsp; lune. Je me trouvais ainsi sur un parcours que je connais bien pour l\u2019avoir fait des centaines de fois, soit le circuit entre Gasp\u00e9, mon lieu d\u2019origine, et Qu\u00e9bec&nbsp; o\u00f9 je demeure actuellement. En arrivant pr\u00e8s du village de Cap-Chat, par un apr\u00e8s midi de f\u00e9vrier, j\u2019ai donc aper\u00e7u cette belle projection atmosph\u00e9rique qui ressemble presque \u00e0 un arc en ciel mais dans un angle diff\u00e9rent. Pour peu que l\u2019imagination se d\u00e9bride, on pourrait supposer que cet arc soit un bouclier magique qui sert \u00e0 prot\u00e9ger les habitants de forces myst\u00e9rieuses qui leur voudraient du mal. Hi Hi Hi!<\/p>\n<p>Je profite enfin de cet article pour pr\u00e9senter un autre photom\u00e9t\u00e9ore que j\u2019ai eu la chance de voir flotter dans l\u2019atmosph\u00e8re il y a maintenant quelques ann\u00e9es, cette fois au dessus du Vieux-Qu\u00e9bec. J\u2019\u00e9tais sur la route quotidienne que j\u2019empruntais le plus souvent pour me rendre \u00e0 mon lieu de travail, le Mus\u00e9e de la civilisation. Descendant de l\u2019autobus sur l\u2019Avenue Honor\u00e9-Mercier, pr\u00e8s de la Place d\u2019Youville, je passais la Porte Saint-Jean et traversais le quartier latin, un lieu presque mythique pour moi o\u00f9 je me suis toujours senti chez moi. Je descendais alors la rue Saint-Jean jusqu\u2019\u00e0 la rue Couillard que j\u2019empruntais jusqu\u2019\u00e0&nbsp; la rue Saint-Flavien o\u00f9 je tournais \u00e0 gauche vers les remparts et les escaliers pour rejoindre la Ville Basse.<\/p>\n<div id=\"attachment_2012\" style=\"width: 650px\" class=\"wp-caption alignleft\"><a href=\"https:\/\/blog.chouynard.ca\/?attachment_id=2012\" rel=\"attachment wp-att-2012\"><img loading=\"lazy\" decoding=\"async\" aria-describedby=\"caption-attachment-2012\" class=\"size-large wp-image-2012\" src=\"https:\/\/blog.chouynard.ca\/wp-content\/uploads\/2017\/01\/Circumzenithal1-1024x731.jpg\" alt=\"\" width=\"640\" height=\"457\" srcset=\"https:\/\/blog.chouynard.ca\/wp-content\/uploads\/2017\/01\/Circumzenithal1-1024x731.jpg 1024w, https:\/\/blog.chouynard.ca\/wp-content\/uploads\/2017\/01\/Circumzenithal1-300x214.jpg 300w, https:\/\/blog.chouynard.ca\/wp-content\/uploads\/2017\/01\/Circumzenithal1-768x549.jpg 768w, https:\/\/blog.chouynard.ca\/wp-content\/uploads\/2017\/01\/Circumzenithal1.jpg 1564w\" sizes=\"auto, (max-width: 640px) 100vw, 640px\" \/><\/a><p id=\"caption-attachment-2012\" class=\"wp-caption-text\">Cet arc circumz\u00e9nithal tr\u00e8s particulier flottait au dessus du Vieux-Qu\u00e9bec. La photo a \u00e9t\u00e9 prise de la rue Saint-Flavien en avril 2008.<\/p><\/div>\n<p>C\u2019est sur Saint-Flavien que, levant les yeux au ciel, j\u2019ai remarqu\u00e9 un arc circumz\u00e9nithal particuli\u00e8rement bien dessin\u00e9 dans un ciel matinal tr\u00e8s clair. Bizarrement ou pas, ses cornes pointaient vers le haut. Mon jour de chance! Loto-Qu\u00e9bec (ou ses annonces) m\u2019aurait probablement sugg\u00e9r\u00e9 de prendre un billet de loterie en apprenant que j\u2019avais eu cette bonne fortune de contempler ce photom\u00e9t\u00e9ore. Mais comme je suis l\u2019agnostique que je suis, j\u2019ai encore une fois pr\u00e9f\u00e9r\u00e9 la simplicit\u00e9 \u00e0 l\u2019opulence. Re- hi hi hi!<\/p>\n","protected":false},"excerpt":{"rendered":"<p>Les photom\u00e9t\u00e9ores sont des ph\u00e9nom\u00e8nes optiques que l\u2019on peut voir dans l\u2019atmosph\u00e8re terrestre, caus\u00e9 par la lumi\u00e8re du soleil ou de la  lune. On en pr\u00e9sente ici deux exemples, un pris \u00e0 Cap-Chat et l&rsquo;autre au dessus du Vieux-Qu\u00e9bec <a href=\"https:\/\/blog.chouynard.ca\/?p=2010\">Continuer la lecture <span class=\"meta-nav\">&rarr;<\/span><\/a><\/p>\n","protected":false},"author":4,"featured_media":0,"comment_status":"open","ping_status":"open","sticky":false,"template":"","format":"standard","meta":{"ngg_post_thumbnail":0,"footnotes":""},"categories":[1,145],"tags":[229,231,230,75,195,87,156,228],"class_list":["post-2010","post","type-post","status-publish","format-standard","hentry","category-eclectique","category-photo-de-la-semaine","tag-arc-circumzenital","tag-bonhomme-sept-heures","tag-cap-chat","tag-gaspe","tag-golfe-st-laurent","tag-musee-de-la-civilisation","tag-patrimoine","tag-photometeore"],"jetpack_featured_media_url":"","_links":{"self":[{"href":"https:\/\/blog.chouynard.ca\/index.php?rest_route=\/wp\/v2\/posts\/2010","targetHints":{"allow":["GET"]}}],"collection":[{"href":"https:\/\/blog.chouynard.ca\/index.php?rest_route=\/wp\/v2\/posts"}],"about":[{"href":"https:\/\/blog.chouynard.ca\/index.php?rest_route=\/wp\/v2\/types\/post"}],"author":[{"embeddable":true,"href":"https:\/\/blog.chouynard.ca\/index.php?rest_route=\/wp\/v2\/users\/4"}],"replies":[{"embeddable":true,"href":"https:\/\/blog.chouynard.ca\/index.php?rest_route=%2Fwp%2Fv2%2Fcomments&post=2010"}],"version-history":[{"count":4,"href":"https:\/\/blog.chouynard.ca\/index.php?rest_route=\/wp\/v2\/posts\/2010\/revisions"}],"predecessor-version":[{"id":2016,"href":"https:\/\/blog.chouynard.ca\/index.php?rest_route=\/wp\/v2\/posts\/2010\/revisions\/2016"}],"wp:attachment":[{"href":"https:\/\/blog.chouynard.ca\/index.php?rest_route=%2Fwp%2Fv2%2Fmedia&parent=2010"}],"wp:term":[{"taxonomy":"category","embeddable":true,"href":"https:\/\/blog.chouynard.ca\/index.php?rest_route=%2Fwp%2Fv2%2Fcategories&post=2010"},{"taxonomy":"post_tag","embeddable":true,"href":"https:\/\/blog.chouynard.ca\/index.php?rest_route=%2Fwp%2Fv2%2Ftags&post=2010"}],"curies":[{"name":"wp","href":"https:\/\/api.w.org\/{rel}","templated":true}]}}