{"id":2018,"date":"2017-02-07T19:40:25","date_gmt":"2017-02-07T23:40:25","guid":{"rendered":"https:\/\/blog.chouynard.ca\/?p=2018"},"modified":"2017-02-07T19:40:25","modified_gmt":"2017-02-07T23:40:25","slug":"image-de-la-semaine-7-fevrier-2017","status":"publish","type":"post","link":"https:\/\/blog.chouynard.ca\/?p=2018","title":{"rendered":"Image de la semaine &#8211; 7 f\u00e9vrier  2017"},"content":{"rendered":"<p><strong>Ce jardin de givre<\/strong><\/p>\n<p>Le mois de f\u00e9vrier est d\u00e9j\u00e0 parmi nous. C\u2019est pour moi un des mois sombre du calendrier. C\u2019est un mois qui, juste \u00e0 y penser, fait frissonner. C\u2019est en effet, avec janvier, le mois par excellence des grands froids de saison. Oui, le mois de f\u00e9vrier peut porter un peu \u00e0 la d\u00e9presse et m\u00eame \u00e0 la d\u00e9tresse. \u00c0 voir tous ces d\u00e9cors de givre qui ornent naturellement plusieurs carreaux, de nos maisons, de nos tambours, comment de pas sentir un petit passage sombre dans nos esprits?<\/p>\n<div id=\"attachment_2019\" style=\"width: 650px\" class=\"wp-caption aligncenter\"><a href=\"https:\/\/blog.chouynard.ca\/?attachment_id=2019\" rel=\"attachment wp-att-2019\"><img loading=\"lazy\" decoding=\"async\" aria-describedby=\"caption-attachment-2019\" class=\"size-large wp-image-2019\" src=\"https:\/\/blog.chouynard.ca\/wp-content\/uploads\/2017\/02\/JardinGivre-768x1024.jpg\" alt=\"\" width=\"640\" height=\"853\" srcset=\"https:\/\/blog.chouynard.ca\/wp-content\/uploads\/2017\/02\/JardinGivre-768x1024.jpg 768w, https:\/\/blog.chouynard.ca\/wp-content\/uploads\/2017\/02\/JardinGivre-225x300.jpg 225w\" sizes=\"auto, (max-width: 640px) 100vw, 640px\" \/><\/a><p id=\"caption-attachment-2019\" class=\"wp-caption-text\">La cr\u00e9ation spontan\u00e9e qui se pose et se fige \u00e0 l\u2019occasion dans certaines fen\u00eatres sous l\u2019action du froid intense et de traces d\u2019humidit\u00e9 ont parfois de quoi inspirer des artistes. Photo prise en 2014<\/p><\/div>\n<p>Apr\u00e8s tout, le manque quotidien de lumi\u00e8re naturelle est commenc\u00e9 depuis plusieurs semaines. Quant \u00e0 l\u2019allongement des jours, il parait encore superficiel.<br \/>\nMais ne sont-elles pas magnifiques ces fen\u00eatres remplies de givre? <!--more-->La spontan\u00e9it\u00e9 de leur apparition et l\u2019ing\u00e9niosit\u00e9 et la diversit\u00e9 des motifs propos\u00e9s sont pour moi comme une \u0153uvre de g\u00e9nie de la nature. Cependant, il existe une dualit\u00e9 certaine entre l\u2019aspect imaginatif et lumineux de cette cr\u00e9ation naturelle et le moment de l\u2019ann\u00e9e, bien terne, o\u00f9 nous arrivent ces jardins de givres. Cette dualit\u00e9, cette rencontre de forces oppos\u00e9es a-t-elle inspir\u00e9 \u00c9mile Nelligan? Son po\u00e8me, soir d\u2019hiver, est particuli\u00e8rement \u00e9mouvant et m\u00eame d\u00e9rangeant. Je ne peux m\u2019emp\u00eacher de le proposer ci-apr\u00e8s :<\/p>\n<p style=\"text-align: center;\">Soir d\u2019hiver<\/p>\n<p style=\"text-align: center;\">Ah ! comme la neige a neig\u00e9 !<br \/>\nMa vitre est un jardin de givre.<br \/>\nAh ! comme la neige a neig\u00e9 !<br \/>\nQu\u2019est-ce que le spasme de vivre<br \/>\n\u00c0 la douleur que j\u2019ai, que j\u2019ai !<\/p>\n<p style=\"text-align: center;\">Tous les \u00e9tangs gisent gel\u00e9s,<br \/>\nMon \u00e2me est noire : O\u00f9 vis-je ? O\u00f9 vais-je ?<br \/>\nTous ses espoirs gisent gel\u00e9s :<br \/>\nJe suis la nouvelle Norv\u00e8ge<br \/>\nD\u2019o\u00f9 les blonds ciels s\u2019en sont all\u00e9s.<\/p>\n<p style=\"text-align: center;\">Pleurez, oiseaux de f\u00e9vrier,<br \/>\nAu sinistre frisson des choses,<br \/>\nPleurez, oiseaux de f\u00e9vrier,<br \/>\nPleurez mes pleurs, pleurez mes roses,<br \/>\nAux branches du gen\u00e9vrier.<\/p>\n<p style=\"text-align: center;\">Ah ! comme la neige a neig\u00e9 !<br \/>\nMa vitre est un jardin de givre.<br \/>\nAh ! comme la neige a neig\u00e9 !<br \/>\nQu\u2019est-ce que le spasme de vivre<br \/>\n\u00c0 tout l\u2019ennui que j\u2019ai, que j\u2019ai !&#8230;<\/p>\n<p>Cette oeuvre \u00e0 \u00e9t\u00e9 compos\u00e9e en 1898 alors que l\u2019auteur n\u2019avait que 19 ans. Elle a \u00e9t\u00e9 publi\u00e9&nbsp; dans : <em>\u0152uvres po\u00e9tiques compl\u00e8tes I : Po\u00e9sies compl\u00e8tes 1896-1941, nouv. \u00e9d. enti\u00e8rement refondue d\u2019apr\u00e8s l\u2019\u00e9d. crit. de 1991, pr\u00e9par\u00e9e par R\u00e9jean Robidoux et Paul Wyczynski, Montr\u00e9al, Biblioth\u00e8que qu\u00e9b\u00e9coise, 2007, p. 215.<\/em><br \/>\nJe l\u2019ai reprise de l\u2019<a href=\"http:\/\/agora.qc.ca\/documents\/neige--soir_dhiver_par_emile_nelligan\" target=\"_blank\">Encyclop\u00e9die de l\u2019Agora<\/a>.<br \/>\nL\u2019ann\u00e9e suivante Nelligan sera intern\u00e9, ce qui mettra fin \u00e0 son \u0153uvre po\u00e9tique.<br \/>\nCe po\u00e8me est triste. Tr\u00e8s triste.<br \/>\nIl laisse un go\u00fbt amers, un go\u00fbt de f\u00e9vrier, un go\u00fbt de noirceur, un gout de mal-\u00eatre.<br \/>\nMais il me laisse aussi une question \u00e0 laquelle je ne trouve pas de r\u00e9ponse :<br \/>\nLe \u00abQu\u2019est-ce que\u2026\u00bb \u00e0 la quatri\u00e8me ligne du premier et du quatri\u00e8me paragraphe ne devrait-il pas introduire une interrogation?<br \/>\nEt si celle-ci se lisait ainsi : \u00abQu\u2019est-ce que le spasme de vivre?\u00bb<br \/>\nLes vers qui suivent pourraient \u00eatre :<br \/>\n\u00abAh, la douleur que j\u2019ai, que j\u2019ai !\u00bb<br \/>\n\u00abAh, tout l\u2019ennui que j\u2019ai, que j\u2019ai !\u00bb<br \/>\nEnfin, une id\u00e9e comme \u00e7a d\u2019un qui a surtout des questions\u2026<br \/>\nLe mois de f\u00e9vrier est ENFIN parmi nous! Pour le voir positivement, on pourrait se dire que c\u2019est un petit mois court et donc que mars n\u2019est plus trop loin&#8230;<\/p>\n","protected":false},"excerpt":{"rendered":"<p>Oui, f\u00e9vrier peut porter un peu \u00e0 la d\u00e9presse et m\u00eame \u00e0 la d\u00e9tresse. \u00c0 voir tous ces d\u00e9cors de givre qui ornent plusieurs carreaux des maisons, des tambours, comment de pas sentir un petit passage sombre dans nos esprits? \u00abComme la neige a neig\u00e9\u00bb disait Nelligan. <a href=\"https:\/\/blog.chouynard.ca\/?p=2018\">Continuer la lecture <span class=\"meta-nav\">&rarr;<\/span><\/a><\/p>\n","protected":false},"author":4,"featured_media":0,"comment_status":"open","ping_status":"open","sticky":false,"template":"","format":"standard","meta":{"ngg_post_thumbnail":0,"footnotes":""},"categories":[1,145],"tags":[234,232,117,190,184,233,235],"class_list":["post-2018","post","type-post","status-publish","format-standard","hentry","category-eclectique","category-photo-de-la-semaine","tag-creation","tag-givre","tag-hiver","tag-jardin","tag-neige","tag-nelligan","tag-poesie"],"jetpack_featured_media_url":"","_links":{"self":[{"href":"https:\/\/blog.chouynard.ca\/index.php?rest_route=\/wp\/v2\/posts\/2018","targetHints":{"allow":["GET"]}}],"collection":[{"href":"https:\/\/blog.chouynard.ca\/index.php?rest_route=\/wp\/v2\/posts"}],"about":[{"href":"https:\/\/blog.chouynard.ca\/index.php?rest_route=\/wp\/v2\/types\/post"}],"author":[{"embeddable":true,"href":"https:\/\/blog.chouynard.ca\/index.php?rest_route=\/wp\/v2\/users\/4"}],"replies":[{"embeddable":true,"href":"https:\/\/blog.chouynard.ca\/index.php?rest_route=%2Fwp%2Fv2%2Fcomments&post=2018"}],"version-history":[{"count":4,"href":"https:\/\/blog.chouynard.ca\/index.php?rest_route=\/wp\/v2\/posts\/2018\/revisions"}],"predecessor-version":[{"id":2023,"href":"https:\/\/blog.chouynard.ca\/index.php?rest_route=\/wp\/v2\/posts\/2018\/revisions\/2023"}],"wp:attachment":[{"href":"https:\/\/blog.chouynard.ca\/index.php?rest_route=%2Fwp%2Fv2%2Fmedia&parent=2018"}],"wp:term":[{"taxonomy":"category","embeddable":true,"href":"https:\/\/blog.chouynard.ca\/index.php?rest_route=%2Fwp%2Fv2%2Fcategories&post=2018"},{"taxonomy":"post_tag","embeddable":true,"href":"https:\/\/blog.chouynard.ca\/index.php?rest_route=%2Fwp%2Fv2%2Ftags&post=2018"}],"curies":[{"name":"wp","href":"https:\/\/api.w.org\/{rel}","templated":true}]}}