{"id":2045,"date":"2017-10-09T14:39:10","date_gmt":"2017-10-09T18:39:10","guid":{"rendered":"https:\/\/blog.chouynard.ca\/?p=2045"},"modified":"2020-03-04T15:38:10","modified_gmt":"2020-03-04T20:38:10","slug":"image-de-la-semaine-9-octobre-2017","status":"publish","type":"post","link":"https:\/\/blog.chouynard.ca\/?p=2045","title":{"rendered":"Image de la semaine &#8211; 9 octobre  2017"},"content":{"rendered":"<p><strong>Les belles couleurs d\u2019automne<\/strong><\/p>\n<p>La nature de cette saison automnale offre tellement de belles couleurs qu\u2019il est difficile de ne pas en profiter au maximum, surtout lorsque la lumi\u00e8re est belle et que le ciel est d\u2019un bleu \u00e0 couper le souffle.<\/p>\n<div id=\"attachment_2046\" style=\"width: 650px\" class=\"wp-caption aligncenter\"><a href=\"https:\/\/blog.chouynard.ca\/?attachment_id=2046\" rel=\"attachment wp-att-2046\"><img loading=\"lazy\" decoding=\"async\" aria-describedby=\"caption-attachment-2046\" class=\"size-large wp-image-2046\" src=\"https:\/\/blog.chouynard.ca\/wp-content\/uploads\/2017\/10\/AutomneALislet1-1024x768.jpg\" alt=\"\" width=\"640\" height=\"480\" srcset=\"https:\/\/blog.chouynard.ca\/wp-content\/uploads\/2017\/10\/AutomneALislet1-1024x768.jpg 1024w, https:\/\/blog.chouynard.ca\/wp-content\/uploads\/2017\/10\/AutomneALislet1-300x225.jpg 300w, https:\/\/blog.chouynard.ca\/wp-content\/uploads\/2017\/10\/AutomneALislet1-768x576.jpg 768w\" sizes=\"auto, (max-width: 640px) 100vw, 640px\" \/><\/a><p id=\"caption-attachment-2046\" class=\"wp-caption-text\">Ces magnifiques coloris de la for\u00eat bor\u00e9ale qu\u00e9b\u00e9coise ont \u00e9t\u00e9 capt\u00e9s dans la r\u00e9gion c\u00f4toyant l\u2019estuaire moyen du Saint-Laurent, plus particuli\u00e8rement \u00e0 l\u2019Islet, pr\u00e8s de la r\u00e9put\u00e9e Auberge des Glacis. Photo prise en octobre 2017<\/p><\/div>\n<p>On pourrait m\u00eame dire qu\u2019il faut alors se rincer l\u2019\u0153il des couleurs gaillardes et optimistes que prennent les feuillus surtout si on pense que sous peu, les temps gris de novembre&nbsp; viendront rafraichir les ardeurs. Il est bien connu que le manque de lumi\u00e8re de la portion tardive de l\u2019automne peut affecter n\u00e9gativement plusieurs personnes. <!--more-->Les horloges biologiques de l\u2019\u00eatre humain sont encore mal connues mais il semble qu\u2019on fasse de s\u00e9rieux progr\u00e8s dans ce domaine. \u00c0 preuve, le Prix Nobel de M\u00e9decine 2017 vient d\u2019\u00eatre attribu\u00e9 aux chercheurs Jeffrey C. Hall, Michael Rosbash et Michael W. Young pour leurs travaux permettant de mieux comprendre les m\u00e9canismes mol\u00e9culaires qui contr\u00f4lent les rythmes circadiens. En d\u2019autres mots, on parle ici de l\u2019horloge biologique interne qui permet aux organismes vivants, dont les humains, de s\u2019adapter \u00e0 l\u2019enchainement des jours et des nuits. Circadien&nbsp; vient d\u2019ailleurs de l\u2019expression latine Circa Diem qui signifie \u00abautour de la journ\u00e9e\u00bb. <a href=\"http:\/\/www.atlantico.fr\/decryptage\/rythmes-circadiens-que-recherches-couronnees-prix-nobel-medecine-changent-comprehension-profonde-notre-quotidien-philippe-3186920.html\" target=\"_blank\" rel=\"noopener noreferrer\">Pour en savoir d\u2019avantage<\/a> sur la recherche des laur\u00e9ats sur les rythmes circadiens.<\/p>\n","protected":false},"excerpt":{"rendered":"<p>Quels sont les liens entres les belles couleurs d&rsquo;automne et le Prix Nobel de la M\u00e9decine 2017? <a href=\"https:\/\/blog.chouynard.ca\/?p=2045\">Continuer la lecture <span class=\"meta-nav\">&rarr;<\/span><\/a><\/p>\n","protected":false},"author":4,"featured_media":0,"comment_status":"open","ping_status":"open","sticky":false,"template":"","format":"standard","meta":{"ngg_post_thumbnail":0,"footnotes":""},"categories":[1,145],"tags":[241,245,242,246,243,244],"class_list":["post-2045","post","type-post","status-publish","format-standard","hentry","category-eclectique","category-photo-de-la-semaine","tag-automne","tag-circadien","tag-lislet","tag-lumiere","tag-medecine","tag-nobel"],"jetpack_featured_media_url":"","_links":{"self":[{"href":"https:\/\/blog.chouynard.ca\/index.php?rest_route=\/wp\/v2\/posts\/2045","targetHints":{"allow":["GET"]}}],"collection":[{"href":"https:\/\/blog.chouynard.ca\/index.php?rest_route=\/wp\/v2\/posts"}],"about":[{"href":"https:\/\/blog.chouynard.ca\/index.php?rest_route=\/wp\/v2\/types\/post"}],"author":[{"embeddable":true,"href":"https:\/\/blog.chouynard.ca\/index.php?rest_route=\/wp\/v2\/users\/4"}],"replies":[{"embeddable":true,"href":"https:\/\/blog.chouynard.ca\/index.php?rest_route=%2Fwp%2Fv2%2Fcomments&post=2045"}],"version-history":[{"count":7,"href":"https:\/\/blog.chouynard.ca\/index.php?rest_route=\/wp\/v2\/posts\/2045\/revisions"}],"predecessor-version":[{"id":2434,"href":"https:\/\/blog.chouynard.ca\/index.php?rest_route=\/wp\/v2\/posts\/2045\/revisions\/2434"}],"wp:attachment":[{"href":"https:\/\/blog.chouynard.ca\/index.php?rest_route=%2Fwp%2Fv2%2Fmedia&parent=2045"}],"wp:term":[{"taxonomy":"category","embeddable":true,"href":"https:\/\/blog.chouynard.ca\/index.php?rest_route=%2Fwp%2Fv2%2Fcategories&post=2045"},{"taxonomy":"post_tag","embeddable":true,"href":"https:\/\/blog.chouynard.ca\/index.php?rest_route=%2Fwp%2Fv2%2Ftags&post=2045"}],"curies":[{"name":"wp","href":"https:\/\/api.w.org\/{rel}","templated":true}]}}