{"id":2091,"date":"2018-06-25T13:27:19","date_gmt":"2018-06-25T17:27:19","guid":{"rendered":"https:\/\/blog.chouynard.ca\/?p=2091"},"modified":"2018-07-06T12:25:40","modified_gmt":"2018-07-06T16:25:40","slug":"image-de-la-semaine-25-juin-2018","status":"publish","type":"post","link":"https:\/\/blog.chouynard.ca\/?p=2091","title":{"rendered":"Image de la semaine &#8211; 25 juin  2018"},"content":{"rendered":"<p><strong>Hommage \u00e0 la f\u00eate<\/strong><\/p>\n<p>La f\u00eate de la Saint-Jean est un moment privil\u00e9gi\u00e9 du calendrier social du Qu\u00e9bec. Cette f\u00eate existe toutefois en de tr\u00e8s nombreux endroits de la plan\u00e8te.<\/p>\n<div id=\"attachment_2093\" style=\"width: 650px\" class=\"wp-caption aligncenter\"><a href=\"https:\/\/blog.chouynard.ca\/?attachment_id=2093\" rel=\"attachment wp-att-2093\"><img loading=\"lazy\" decoding=\"async\" aria-describedby=\"caption-attachment-2093\" class=\"size-large wp-image-2093\" src=\"https:\/\/blog.chouynard.ca\/wp-content\/uploads\/2018\/06\/biciDecorNola-1024x751.jpg\" alt=\"\" width=\"640\" height=\"469\" srcset=\"https:\/\/blog.chouynard.ca\/wp-content\/uploads\/2018\/06\/biciDecorNola-1024x751.jpg 1024w, https:\/\/blog.chouynard.ca\/wp-content\/uploads\/2018\/06\/biciDecorNola-300x220.jpg 300w, https:\/\/blog.chouynard.ca\/wp-content\/uploads\/2018\/06\/biciDecorNola-768x563.jpg 768w, https:\/\/blog.chouynard.ca\/wp-content\/uploads\/2018\/06\/biciDecorNola.jpg 1416w\" sizes=\"auto, (max-width: 640px) 100vw, 640px\" \/><\/a><p id=\"caption-attachment-2093\" class=\"wp-caption-text\">Dans certaines villes comme la Nouvelle-Orl\u00e9ans, la f\u00eate semble un mouvement perp\u00e9tuel qui dure l\u2019ann\u00e9e durant. Photo prise en 2004<\/p><\/div>\n<p>Lorsqu\u2019on \u00e9voque ledit saint Jean, c\u2019est qu\u2019on se trouve dans le giron de l\u2019esprit chr\u00e9tien. C\u2019est en effet une f\u00eate qui a \u00e9t\u00e9 transmise dans l\u2019histoire moderne occidentale par la tradition religieuse. Cependant, semble-t-il que ce fut pour l\u2019\u00c9glise, une mani\u00e8re de r\u00e9cup\u00e9rer les f\u00eates plus pa\u00efennes qui ont de tous temps entour\u00e9es le solstice d\u2019\u00e9t\u00e9, marquant le passage des jours les plus longs de l\u2019ann\u00e9e.<!--more--><br \/>\nC\u2019est s\u00fbr que les jours qui rallongent et qui donnent plus de chaleur et plus de lumi\u00e8re \u00e0 la nature, offrent une occasion bien sp\u00e9ciale de c\u00e9l\u00e9brer. Au Qu\u00e9bec, bien que nous ayons quelques carnavals divers en saison froide, c\u2019est d\u00e9finitivement l\u2019\u00e9t\u00e9 que les innombrables festivals sur tout le territoire entra\u00eenent la population vers la f\u00eate. Et, la plupart du temps, la saison s\u2019enclenche avec cette belle f\u00eate de la Saint-Jean, la f\u00eate nationale de tous les Qu\u00e9b\u00e9cois.<\/p>\n","protected":false},"excerpt":{"rendered":"<p>Hommage \u00e0 la f\u00eate La f\u00eate de la Saint-Jean est un moment privil\u00e9gi\u00e9 du calendrier social du Qu\u00e9bec. Cette f\u00eate existe toutefois en de tr\u00e8s nombreux endroits de la plan\u00e8te. Lorsqu\u2019on \u00e9voque ledit saint Jean, c\u2019est qu\u2019on se trouve dans &hellip; <a href=\"https:\/\/blog.chouynard.ca\/?p=2091\">Continuer la lecture <span class=\"meta-nav\">&rarr;<\/span><\/a><\/p>\n","protected":false},"author":4,"featured_media":0,"comment_status":"open","ping_status":"open","sticky":false,"template":"","format":"standard","meta":{"ngg_post_thumbnail":0,"footnotes":""},"categories":[1,145],"tags":[219,252,251,53,55,69],"class_list":["post-2091","post","type-post","status-publish","format-standard","hentry","category-eclectique","category-photo-de-la-semaine","tag-culture","tag-ete","tag-fete","tag-nouvelle-orleans","tag-quebec","tag-religion"],"jetpack_featured_media_url":"","_links":{"self":[{"href":"https:\/\/blog.chouynard.ca\/index.php?rest_route=\/wp\/v2\/posts\/2091","targetHints":{"allow":["GET"]}}],"collection":[{"href":"https:\/\/blog.chouynard.ca\/index.php?rest_route=\/wp\/v2\/posts"}],"about":[{"href":"https:\/\/blog.chouynard.ca\/index.php?rest_route=\/wp\/v2\/types\/post"}],"author":[{"embeddable":true,"href":"https:\/\/blog.chouynard.ca\/index.php?rest_route=\/wp\/v2\/users\/4"}],"replies":[{"embeddable":true,"href":"https:\/\/blog.chouynard.ca\/index.php?rest_route=%2Fwp%2Fv2%2Fcomments&post=2091"}],"version-history":[{"count":5,"href":"https:\/\/blog.chouynard.ca\/index.php?rest_route=\/wp\/v2\/posts\/2091\/revisions"}],"predecessor-version":[{"id":2103,"href":"https:\/\/blog.chouynard.ca\/index.php?rest_route=\/wp\/v2\/posts\/2091\/revisions\/2103"}],"wp:attachment":[{"href":"https:\/\/blog.chouynard.ca\/index.php?rest_route=%2Fwp%2Fv2%2Fmedia&parent=2091"}],"wp:term":[{"taxonomy":"category","embeddable":true,"href":"https:\/\/blog.chouynard.ca\/index.php?rest_route=%2Fwp%2Fv2%2Fcategories&post=2091"},{"taxonomy":"post_tag","embeddable":true,"href":"https:\/\/blog.chouynard.ca\/index.php?rest_route=%2Fwp%2Fv2%2Ftags&post=2091"}],"curies":[{"name":"wp","href":"https:\/\/api.w.org\/{rel}","templated":true}]}}