{"id":2104,"date":"2018-07-10T14:56:32","date_gmt":"2018-07-10T18:56:32","guid":{"rendered":"https:\/\/blog.chouynard.ca\/?p=2104"},"modified":"2018-07-10T14:56:32","modified_gmt":"2018-07-10T18:56:32","slug":"image-de-la-semaine-10-juillet-2018","status":"publish","type":"post","link":"https:\/\/blog.chouynard.ca\/?p=2104","title":{"rendered":"Image de la semaine &#8211; 10 juillet  2018"},"content":{"rendered":"<p><strong>De l\u2019Isle \u00e0 l\u2019\u00cele<\/strong><\/p>\n<p>Du continent, rejoindre ou sortir d\u2019une \u00eele a quasi toujours pos\u00e9 une probl\u00e9matique plus ou moins grande. De nos jours, on pense tout de suite aux Montr\u00e9alais et aux r\u00e9sidents de la grande banlieue, qui peinent plus souvent qu\u2019autrement pour s\u2019y rendre ou en sortir. On y pense d\u2019autant plus facilement que des ponts sont en chantier, que ces gens ont le poids du nombre au Qu\u00e9bec et que les principaux m\u00e9dias du Qu\u00e9bec y sont install\u00e9s. \u00c0 la ville de Qu\u00e9bec,&nbsp; c\u2019est le \u00abtroisi\u00e8me lien\u00bb ou, moins fr\u00e9quemment, le pont de l\u2019\u00cele d\u2019Orl\u00e9ans qu\u2019\u00e9voquent souvent les m\u00e9dias pour des raisons similaires. Oui les liens de ce genre sont importants et l\u2019ont \u00e9t\u00e9 de tout temps!<\/p>\n<div id=\"attachment_2105\" style=\"width: 650px\" class=\"wp-caption aligncenter\"><a href=\"https:\/\/blog.chouynard.ca\/?attachment_id=2105\" rel=\"attachment wp-att-2105\"><img loading=\"lazy\" decoding=\"async\" aria-describedby=\"caption-attachment-2105\" class=\"size-large wp-image-2105\" src=\"https:\/\/blog.chouynard.ca\/wp-content\/uploads\/2018\/07\/BacIsleVerte1985-1024x694.jpeg\" alt=\"\" width=\"640\" height=\"434\" srcset=\"https:\/\/blog.chouynard.ca\/wp-content\/uploads\/2018\/07\/BacIsleVerte1985-1024x694.jpeg 1024w, https:\/\/blog.chouynard.ca\/wp-content\/uploads\/2018\/07\/BacIsleVerte1985-300x203.jpeg 300w, https:\/\/blog.chouynard.ca\/wp-content\/uploads\/2018\/07\/BacIsleVerte1985-768x521.jpeg 768w\" sizes=\"auto, (max-width: 640px) 100vw, 640px\" \/><\/a><p id=\"caption-attachment-2105\" class=\"wp-caption-text\">Ces bacs renvers\u00e9s offrent une sc\u00e8ne des plus communes pr\u00e8s du quai de l\u2019Isle-verte il y une trentaine d\u2019ann\u00e9es. Photo de 1985<\/p><\/div>\n<p>Toutefois, dans de plus petites \u00eeles, avec une population plus modeste, la probl\u00e9matique d\u2019acc\u00e8s peut \u00eatre diff\u00e9rente mais souvent tr\u00e8s complexe. <!--more-->Par exemple, au fil du temps, les habitants de l\u2019\u00cele-Verte situ\u00e9e dans le Bas-Saint-Laurent ont relev\u00e9 le d\u00e9fi du passage entre la c\u00f4te et leur village de diff\u00e9rentes mani\u00e8res. L\u2019\u00eele, petite municipalit\u00e9 du nom de Notre-Dame-des-Sept-Douleurs, est situ\u00e9e en face du village de l\u2019Isle-Verte. Le tout se trouve \u00e0 une vingtaine de kilom\u00e8tres \u00e0 l\u2019est de Rivi\u00e8re-du-Loup. Quelques quatre kilom\u00e8tres s\u00e9parent l\u2019\u00cele-Verte de l\u2019Isle-Verte. Autrefois, la circulation estivale entre les deux endroits \u00e9tait assur\u00e9e par des embarcations diverses. Parmi celles-ci, on retrouvait beaucoup de bacs de bois \u00e0 fond plat, de plus ou moins grandes dimensions. Dans ces bacs, on pouvait facilement entasser toutes sortes de marchandises. Les traditions se perdent.<\/p>\n<div id=\"attachment_2108\" style=\"width: 650px\" class=\"wp-caption aligncenter\"><a href=\"https:\/\/blog.chouynard.ca\/?attachment_id=2108\" rel=\"attachment wp-att-2108\"><img loading=\"lazy\" decoding=\"async\" aria-describedby=\"caption-attachment-2108\" class=\"size-large wp-image-2108\" src=\"https:\/\/blog.chouynard.ca\/wp-content\/uploads\/2018\/07\/BacIVerte2017-1024x768.jpg\" alt=\"\" width=\"640\" height=\"480\" srcset=\"https:\/\/blog.chouynard.ca\/wp-content\/uploads\/2018\/07\/BacIVerte2017-1024x768.jpg 1024w, https:\/\/blog.chouynard.ca\/wp-content\/uploads\/2018\/07\/BacIVerte2017-300x225.jpg 300w, https:\/\/blog.chouynard.ca\/wp-content\/uploads\/2018\/07\/BacIVerte2017-768x576.jpg 768w\" sizes=\"auto, (max-width: 640px) 100vw, 640px\" \/><\/a><p id=\"caption-attachment-2108\" class=\"wp-caption-text\">La r\u00e9alit\u00e9 du bac a fond plat est tout autre de nos jours o\u00f9 le seul sp\u00e9cimen qu\u2019il a \u00e9t\u00e9 possible de voir r\u00e9cemment est cette triste \u00e9pave gisant sur l\u2019Ile-verte. Photo de 2017<\/p><\/div>\n<p>Aujourd\u2019hui, il est bien plus facile d\u2019utiliser le traversier m\u00eame si l\u2019horaire de celui-ci est li\u00e9 aux mar\u00e9es. Et comme l\u2019hiver ne permet pas de l\u2019utiliser, on \u00e9rige toujours le pont de glace lorsque la chose est possible et on se rabat sur l\u2019h\u00e9licopt\u00e8re.<br \/>\nPour les amateurs de plein air, une autre fa\u00e7on, un peu originale de se rendre \u00e0 l\u2019\u00cele-Verte est de participer au fameux \u00ab<a href=\"https:\/\/labouette.com\/accueil\" target=\"_blank\" rel=\"noopener noreferrer\">Sentier de la bouette<\/a>\u00bb. Une fois par \u00e9t\u00e9 il est ainsi possible de traverser \u00e0 pied en s\u00e9curit\u00e9 jusque dans l\u2019\u00eele. Cette randonn\u00e9e, qui se termine l\u00e0-bas par une f\u00eate joyeuse, en est \u00e0 sa trenti\u00e8me \u00e9dition. Pour cette ann\u00e9e 2018, il faut faire vite pour prendre ses dispositions puisque l\u2019\u00e9quip\u00e9e se passe le 14 juillet prochain. De plus, l&rsquo;artiste Paul Pich\u00e9 sera de la f\u00eate qui s\u2019ensuivra! Pour ceux qui voudraient en savoir plus sur l\u2019\u00cele-Verte et ses merveilleux attraits, dont la pr\u00e9sence du plus vieux phare sur le Saint-Laurent, <a href=\"http:\/\/www.ileverte-tourisme.com\/accueil\/\" target=\"_blank\" rel=\"noopener noreferrer\">suivre ce lien.<\/a><\/p>\n","protected":false},"excerpt":{"rendered":"<p>De l\u2019Isle \u00e0 l\u2019\u00cele Du continent, rejoindre ou sortir d\u2019une \u00eele a quasi toujours pos\u00e9 une probl\u00e9matique plus ou moins grande. De nos jours, on pense tout de suite aux Montr\u00e9alais et aux r\u00e9sidents de la grande banlieue, qui peinent &hellip; <a href=\"https:\/\/blog.chouynard.ca\/?p=2104\">Continuer la lecture <span class=\"meta-nav\">&rarr;<\/span><\/a><\/p>\n","protected":false},"author":4,"featured_media":0,"comment_status":"open","ping_status":"open","sticky":false,"template":"","format":"standard","meta":{"ngg_post_thumbnail":0,"footnotes":""},"categories":[1,145],"tags":[254,255,253,256,138,55],"class_list":["post-2104","post","type-post","status-publish","format-standard","hentry","category-eclectique","category-photo-de-la-semaine","tag-embarcation","tag-fleuve-saint-laurent","tag-ile-verte","tag-phare","tag-pont","tag-quebec"],"jetpack_featured_media_url":"","_links":{"self":[{"href":"https:\/\/blog.chouynard.ca\/index.php?rest_route=\/wp\/v2\/posts\/2104","targetHints":{"allow":["GET"]}}],"collection":[{"href":"https:\/\/blog.chouynard.ca\/index.php?rest_route=\/wp\/v2\/posts"}],"about":[{"href":"https:\/\/blog.chouynard.ca\/index.php?rest_route=\/wp\/v2\/types\/post"}],"author":[{"embeddable":true,"href":"https:\/\/blog.chouynard.ca\/index.php?rest_route=\/wp\/v2\/users\/4"}],"replies":[{"embeddable":true,"href":"https:\/\/blog.chouynard.ca\/index.php?rest_route=%2Fwp%2Fv2%2Fcomments&post=2104"}],"version-history":[{"count":5,"href":"https:\/\/blog.chouynard.ca\/index.php?rest_route=\/wp\/v2\/posts\/2104\/revisions"}],"predecessor-version":[{"id":2111,"href":"https:\/\/blog.chouynard.ca\/index.php?rest_route=\/wp\/v2\/posts\/2104\/revisions\/2111"}],"wp:attachment":[{"href":"https:\/\/blog.chouynard.ca\/index.php?rest_route=%2Fwp%2Fv2%2Fmedia&parent=2104"}],"wp:term":[{"taxonomy":"category","embeddable":true,"href":"https:\/\/blog.chouynard.ca\/index.php?rest_route=%2Fwp%2Fv2%2Fcategories&post=2104"},{"taxonomy":"post_tag","embeddable":true,"href":"https:\/\/blog.chouynard.ca\/index.php?rest_route=%2Fwp%2Fv2%2Ftags&post=2104"}],"curies":[{"name":"wp","href":"https:\/\/api.w.org\/{rel}","templated":true}]}}