{"id":2128,"date":"2018-08-07T13:04:26","date_gmt":"2018-08-07T17:04:26","guid":{"rendered":"https:\/\/blog.chouynard.ca\/?p=2128"},"modified":"2018-08-07T13:04:26","modified_gmt":"2018-08-07T17:04:26","slug":"image-de-la-semaine-7-aout-2018","status":"publish","type":"post","link":"https:\/\/blog.chouynard.ca\/?p=2128","title":{"rendered":"Image de la semaine &#8211; 7 ao\u00fbt 2018"},"content":{"rendered":"<p><strong>Pour aider \u00e0 patienter<\/strong><\/p>\n<p>L\u2019\u00e9t\u00e9 est chaud. Plus qu\u2019\u00e0 l\u2019habitude semble-t-il. On profite de l\u2019opportunit\u00e9. On est bien. On a chaud. Les nuits sont chaudes. On a m\u00eame parfois trop chaud. Difficile de r\u00e9sister pour certains. Plusieurs vont m\u00eame jusqu\u2019\u00e0 s\u2019en plaindre. Pour ceux qui auraient tendance \u00e0 l\u2019oublier sous le coup de la canicule, cette r\u00e9alit\u00e9 n\u2019est pas l\u00e0 pour durer. En effet, si on se fie au pass\u00e9 la chaleur ne durera pas toujours, bien au contraire.<\/p>\n<div id=\"attachment_2130\" style=\"width: 650px\" class=\"wp-caption aligncenter\"><a href=\"https:\/\/blog.chouynard.ca\/?attachment_id=2130\" rel=\"attachment wp-att-2130\"><img loading=\"lazy\" decoding=\"async\" aria-describedby=\"caption-attachment-2130\" class=\"size-large wp-image-2130\" src=\"https:\/\/blog.chouynard.ca\/wp-content\/uploads\/2018\/08\/BrancheGivre-1-1024x768.jpg\" alt=\"\" width=\"640\" height=\"480\" srcset=\"https:\/\/blog.chouynard.ca\/wp-content\/uploads\/2018\/08\/BrancheGivre-1-1024x768.jpg 1024w, https:\/\/blog.chouynard.ca\/wp-content\/uploads\/2018\/08\/BrancheGivre-1-300x225.jpg 300w, https:\/\/blog.chouynard.ca\/wp-content\/uploads\/2018\/08\/BrancheGivre-1-768x576.jpg 768w\" sizes=\"auto, (max-width: 640px) 100vw, 640px\" \/><\/a><p id=\"caption-attachment-2130\" class=\"wp-caption-text\">Comme \u00e0 l\u2019habitude la neige, le givre et le froid reviendront encore en 2018. Sur la photo, un petit jardin communautaire urbain se recroqueville sous les flocons du d\u00e9but d\u00e9cembre. Photo de 2010<\/p><\/div>\n<p>Dans quelques semaines voire deux ou trois mois, le temps frisquet nous rattrapera et s\u2019installera avec nous pour de longs mois. Patientons!<\/p>\n","protected":false},"excerpt":{"rendered":"<p>Pour aider \u00e0 patienter L\u2019\u00e9t\u00e9 est chaud. Plus qu\u2019\u00e0 l\u2019habitude semble-t-il. On profite de l\u2019opportunit\u00e9. On est bien. On a chaud. Les nuits sont chaudes. On a m\u00eame parfois trop chaud. Difficile de r\u00e9sister pour certains. Plusieurs vont m\u00eame jusqu\u2019\u00e0 &hellip; <a href=\"https:\/\/blog.chouynard.ca\/?p=2128\">Continuer la lecture <span class=\"meta-nav\">&rarr;<\/span><\/a><\/p>\n","protected":false},"author":4,"featured_media":0,"comment_status":"open","ping_status":"open","sticky":false,"template":"","format":"standard","meta":{"ngg_post_thumbnail":0,"footnotes":""},"categories":[145],"tags":[252,232,117,190],"class_list":["post-2128","post","type-post","status-publish","format-standard","hentry","category-photo-de-la-semaine","tag-ete","tag-givre","tag-hiver","tag-jardin"],"jetpack_featured_media_url":"","_links":{"self":[{"href":"https:\/\/blog.chouynard.ca\/index.php?rest_route=\/wp\/v2\/posts\/2128","targetHints":{"allow":["GET"]}}],"collection":[{"href":"https:\/\/blog.chouynard.ca\/index.php?rest_route=\/wp\/v2\/posts"}],"about":[{"href":"https:\/\/blog.chouynard.ca\/index.php?rest_route=\/wp\/v2\/types\/post"}],"author":[{"embeddable":true,"href":"https:\/\/blog.chouynard.ca\/index.php?rest_route=\/wp\/v2\/users\/4"}],"replies":[{"embeddable":true,"href":"https:\/\/blog.chouynard.ca\/index.php?rest_route=%2Fwp%2Fv2%2Fcomments&post=2128"}],"version-history":[{"count":2,"href":"https:\/\/blog.chouynard.ca\/index.php?rest_route=\/wp\/v2\/posts\/2128\/revisions"}],"predecessor-version":[{"id":2132,"href":"https:\/\/blog.chouynard.ca\/index.php?rest_route=\/wp\/v2\/posts\/2128\/revisions\/2132"}],"wp:attachment":[{"href":"https:\/\/blog.chouynard.ca\/index.php?rest_route=%2Fwp%2Fv2%2Fmedia&parent=2128"}],"wp:term":[{"taxonomy":"category","embeddable":true,"href":"https:\/\/blog.chouynard.ca\/index.php?rest_route=%2Fwp%2Fv2%2Fcategories&post=2128"},{"taxonomy":"post_tag","embeddable":true,"href":"https:\/\/blog.chouynard.ca\/index.php?rest_route=%2Fwp%2Fv2%2Ftags&post=2128"}],"curies":[{"name":"wp","href":"https:\/\/api.w.org\/{rel}","templated":true}]}}