{"id":2144,"date":"2018-08-31T15:55:24","date_gmt":"2018-08-31T19:55:24","guid":{"rendered":"https:\/\/blog.chouynard.ca\/?p=2144"},"modified":"2018-09-03T12:36:02","modified_gmt":"2018-09-03T16:36:02","slug":"image-de-la-semaine-31-aout-2018","status":"publish","type":"post","link":"https:\/\/blog.chouynard.ca\/?p=2144","title":{"rendered":"Image de la semaine &#8211; 31 ao\u00fbt 2018"},"content":{"rendered":"<p><strong>R\u00eaver encore, mais juste en face<\/strong><\/p>\n<p>La r\u00e9gion charlevoisienne fait parfois r\u00eaver pour ses paysages remarquables et ses belles montagnes. La r\u00e9gion du Bas-Saint-Laurent, situ\u00e9e juste en face, de l\u2019autre c\u00f4t\u00e9 du fleuve Saint-Laurent, a aussi de quoi combler les attentes des vacanciers comme des r\u00e9sidents.<\/p>\n<div id=\"attachment_2147\" style=\"width: 650px\" class=\"wp-caption aligncenter\"><a href=\"https:\/\/blog.chouynard.ca\/?attachment_id=2147\" rel=\"attachment wp-att-2147\"><img loading=\"lazy\" decoding=\"async\" aria-describedby=\"caption-attachment-2147\" class=\"size-large wp-image-2147\" src=\"https:\/\/blog.chouynard.ca\/wp-content\/uploads\/2018\/08\/RayonsCharlevoix2012-1-1024x768.jpg\" alt=\"\" width=\"640\" height=\"480\" srcset=\"https:\/\/blog.chouynard.ca\/wp-content\/uploads\/2018\/08\/RayonsCharlevoix2012-1-1024x768.jpg 1024w, https:\/\/blog.chouynard.ca\/wp-content\/uploads\/2018\/08\/RayonsCharlevoix2012-1-300x225.jpg 300w, https:\/\/blog.chouynard.ca\/wp-content\/uploads\/2018\/08\/RayonsCharlevoix2012-1-768x576.jpg 768w\" sizes=\"auto, (max-width: 640px) 100vw, 640px\" \/><\/a><p id=\"caption-attachment-2147\" class=\"wp-caption-text\">Vue de Rivi\u00e8re-du-Loup, les montagnes de Charlevoix se d\u00e9coupent de mani\u00e8re blafarde dans ces superbes rayons d\u2019or entrecoup\u00e9es de pieds-de-vent. Photo de 2012<\/p><\/div>\n<p>Les \u00eeles et les villages c\u00f4tiers, comme ceux de l\u2019arri\u00e8re pays d\u2019ailleurs, regorgent de particularit\u00e9s, de ressources et de talents dont il convient de mentionner les attraits. Prenons en comme exemple le cas du territoire L\u2019Isle-Verte\/\u00eele Verte dont on a parl\u00e9 dans les pages de ce carnet \u00e9clectique il y a quelques semaines (<a href=\"https:\/\/blog.chouynard.ca\/?p=2104\" target=\"_blank\" rel=\"noopener\">voir l\u2019article<\/a>). Ce n\u2019est qu\u2019un exemple parmi tant et tant d\u2019autres de tout ce qu\u2019il y a \u00e0 d\u00e9couvrir l\u00e0-bas. Nous y reviendrons s\u00fbrement plus longuement un jour. <!--more-->Pour l\u2019heure, j\u2019ai encore ce souvenir d\u2019un \u00e9t\u00e9 o\u00f9 j\u2019ai s\u00e9journ\u00e9 trois semaines dans un camping \u00e0 Rivi\u00e8re-du-Loup. J\u2019y allais pour un cours d\u2019\u00e9t\u00e9 au CEGEP de l\u2019endroit, vers la fin des ann\u00e9es 1960. Un cours de litt\u00e9rature, qu\u00e9b\u00e9coise probablement, pour lequel, j\u2019avoue, je n\u2019ai pas trop de souvenirs pr\u00e9cis. Je me souviens davantage de ces moments de lecture et de r\u00eaverie sur le camping ainsi que des balades pi\u00e9tonnes dans la villes. Pour&nbsp; l&rsquo;occasion, ma m\u00e8re m\u2019avait pr\u00eat\u00e9 sa tente roulotte dans laquelle je dormais, j\u2019\u00e9tudiais et me faisais \u00e0 manger. L\u2019\u00e9t\u00e9 avait \u00e9t\u00e9 passablement beau mais ce qui m\u2019avait frapp\u00e9, c\u00f4t\u00e9 temp\u00e9rature, c\u2019est le vent presque omnipr\u00e9sent \u00e0 cause de la proximit\u00e9 du fleuve. Il ne ventait jamais autant dans le Bassin de Gasp\u00e9! M\u00eame si j\u2019appr\u00e9ciais beaucoup ce s\u00e9jour \u00e0 Rivi\u00e8re-du-Loup je m\u2019empressais le vendredi midi venu, apr\u00e8s le cours du matin, de sauter dans ma voiture afin de regagner rapidement ma r\u00e9gion, ma famille et mes amis.<\/p>\n","protected":false},"excerpt":{"rendered":"<p>R\u00eaver encore, mais juste en face La r\u00e9gion charlevoisienne fait parfois r\u00eaver pour ses paysages remarquables et ses belles montagnes. La r\u00e9gion du Bas-Saint-Laurent, situ\u00e9e juste en face, de l\u2019autre c\u00f4t\u00e9 du fleuve Saint-Laurent, a aussi de quoi combler les &hellip; <a href=\"https:\/\/blog.chouynard.ca\/?p=2144\">Continuer la lecture <span class=\"meta-nav\">&rarr;<\/span><\/a><\/p>\n","protected":false},"author":4,"featured_media":0,"comment_status":"open","ping_status":"open","sticky":false,"template":"","format":"standard","meta":{"ngg_post_thumbnail":0,"footnotes":""},"categories":[1,145],"tags":[265,255,75,253,173,266,267],"class_list":["post-2144","post","type-post","status-publish","format-standard","hentry","category-eclectique","category-photo-de-la-semaine","tag-bas-st-laurent","tag-fleuve-saint-laurent","tag-gaspe","tag-ile-verte","tag-lecture","tag-riviere-du-loup","tag-vent"],"jetpack_featured_media_url":"","_links":{"self":[{"href":"https:\/\/blog.chouynard.ca\/index.php?rest_route=\/wp\/v2\/posts\/2144","targetHints":{"allow":["GET"]}}],"collection":[{"href":"https:\/\/blog.chouynard.ca\/index.php?rest_route=\/wp\/v2\/posts"}],"about":[{"href":"https:\/\/blog.chouynard.ca\/index.php?rest_route=\/wp\/v2\/types\/post"}],"author":[{"embeddable":true,"href":"https:\/\/blog.chouynard.ca\/index.php?rest_route=\/wp\/v2\/users\/4"}],"replies":[{"embeddable":true,"href":"https:\/\/blog.chouynard.ca\/index.php?rest_route=%2Fwp%2Fv2%2Fcomments&post=2144"}],"version-history":[{"count":7,"href":"https:\/\/blog.chouynard.ca\/index.php?rest_route=\/wp\/v2\/posts\/2144\/revisions"}],"predecessor-version":[{"id":2358,"href":"https:\/\/blog.chouynard.ca\/index.php?rest_route=\/wp\/v2\/posts\/2144\/revisions\/2358"}],"wp:attachment":[{"href":"https:\/\/blog.chouynard.ca\/index.php?rest_route=%2Fwp%2Fv2%2Fmedia&parent=2144"}],"wp:term":[{"taxonomy":"category","embeddable":true,"href":"https:\/\/blog.chouynard.ca\/index.php?rest_route=%2Fwp%2Fv2%2Fcategories&post=2144"},{"taxonomy":"post_tag","embeddable":true,"href":"https:\/\/blog.chouynard.ca\/index.php?rest_route=%2Fwp%2Fv2%2Ftags&post=2144"}],"curies":[{"name":"wp","href":"https:\/\/api.w.org\/{rel}","templated":true}]}}