{"id":2169,"date":"2018-11-20T11:34:04","date_gmt":"2018-11-20T15:34:04","guid":{"rendered":"https:\/\/blog.chouynard.ca\/?p=2169"},"modified":"2018-11-20T11:34:16","modified_gmt":"2018-11-20T15:34:16","slug":"image-de-la-semaine-20-novembre-2018","status":"publish","type":"post","link":"https:\/\/blog.chouynard.ca\/?p=2169","title":{"rendered":"Image de la semaine &#8211; 20 novembre 2018"},"content":{"rendered":"<p><strong>Installation artistique dans le Vieux Montr\u00e9al?<\/strong><\/p>\n<p>Une promenade r\u00e9cente dans le Vieux Montr\u00e9al m\u2019a rappel\u00e9 l\u2019omnipr\u00e9sence des c\u00f4nes orange dans la vie quotidienne des Montr\u00e9alais. En effet, tout pr\u00e8s du Mus\u00e9e de Pointe-\u00e0-Calli\u00e8re et du Centaur Theatre sur la rue transversale St-Fran\u00e7ois-Xavier la vision de cette multitude de tourelles orange plus ou moins sym\u00e9triquement dispos\u00e9es de chaque c\u00f4t\u00e9 de la rue m\u2019a interpel\u00e9 de curieuse mani\u00e8re.<\/p>\n<div id=\"attachment_2171\" style=\"width: 650px\" class=\"wp-caption aligncenter\"><a href=\"https:\/\/blog.chouynard.ca\/?attachment_id=2171\" rel=\"attachment wp-att-2171\"><img loading=\"lazy\" decoding=\"async\" aria-describedby=\"caption-attachment-2171\" class=\"size-large wp-image-2171\" src=\"https:\/\/blog.chouynard.ca\/wp-content\/uploads\/2018\/11\/ConeOrngMtl2018-1-1024x768.jpg\" alt=\"\" width=\"640\" height=\"480\" srcset=\"https:\/\/blog.chouynard.ca\/wp-content\/uploads\/2018\/11\/ConeOrngMtl2018-1-1024x768.jpg 1024w, https:\/\/blog.chouynard.ca\/wp-content\/uploads\/2018\/11\/ConeOrngMtl2018-1-300x225.jpg 300w, https:\/\/blog.chouynard.ca\/wp-content\/uploads\/2018\/11\/ConeOrngMtl2018-1-768x576.jpg 768w\" sizes=\"auto, (max-width: 640px) 100vw, 640px\" \/><\/a><p id=\"caption-attachment-2171\" class=\"wp-caption-text\">La rue St-Fran\u00e7ois-Xavier dans le Vieux-Montr\u00e9al et son \u00abinstallation\u00bb de c\u00f4nes orange. Photo de 2018<\/p><\/div>\n<p>Et s\u2019il s\u2019agissait d\u2019une installation artistique?<br \/>\n\u00c0 Montr\u00e9al ce serait tr\u00e8s possible. S\u00e9rieux!<br \/>\nLa faune artistique de la m\u00e9tropole (comme souvent dans les grandes cit\u00e9s je suppose) fait g\u00e9n\u00e9ralement preuve d\u2019une imagination d\u00e9bordante.<!--more--><br \/>\nL\u2019image de cette autre curieuse installation, remarqu\u00e9e en 2012 en face du Mus\u00e9e des Beaux-Arts (MBAM), toujours \u00e0 Montr\u00e9al, m\u2019est alors revenu \u00e0 l\u2019esprit.<\/p>\n<div id=\"attachment_2174\" style=\"width: 650px\" class=\"wp-caption aligncenter\"><a href=\"https:\/\/blog.chouynard.ca\/?attachment_id=2174\" rel=\"attachment wp-att-2174\"><img loading=\"lazy\" decoding=\"async\" aria-describedby=\"caption-attachment-2174\" class=\"size-large wp-image-2174\" src=\"https:\/\/blog.chouynard.ca\/wp-content\/uploads\/2018\/11\/InstMBAB2012-1024x675.jpg\" alt=\"\" width=\"640\" height=\"422\" srcset=\"https:\/\/blog.chouynard.ca\/wp-content\/uploads\/2018\/11\/InstMBAB2012-1024x675.jpg 1024w, https:\/\/blog.chouynard.ca\/wp-content\/uploads\/2018\/11\/InstMBAB2012-300x198.jpg 300w, https:\/\/blog.chouynard.ca\/wp-content\/uploads\/2018\/11\/InstMBAB2012-768x506.jpg 768w\" sizes=\"auto, (max-width: 640px) 100vw, 640px\" \/><\/a><p id=\"caption-attachment-2174\" class=\"wp-caption-text\">L\u2019installation de rectangles jaunes dite \u00abTom I\u00bb de l\u2019Avenue du Mus\u00e9e, pr\u00e8s du MBAM. Photo de 2012<\/p><\/div>\n<p>Oui, il y a constance dans l\u2019imagination. Ah! ces artistes. Ils font vraiment feu de tous bois. Le cas des \u00abboules de Montr\u00e9al\u00bb, rue Sainte-Catherine, est une autre expression de cette cr\u00e9ativit\u00e9 d\u00e9bordante.<\/p>\n<div id=\"attachment_2175\" style=\"width: 650px\" class=\"wp-caption aligncenter\"><a href=\"https:\/\/blog.chouynard.ca\/?attachment_id=2175\" rel=\"attachment wp-att-2175\"><img loading=\"lazy\" decoding=\"async\" aria-describedby=\"caption-attachment-2175\" class=\"size-large wp-image-2175\" src=\"https:\/\/blog.chouynard.ca\/wp-content\/uploads\/2018\/11\/BoulesMTL2013-1024x512.jpg\" alt=\"\" width=\"640\" height=\"320\" srcset=\"https:\/\/blog.chouynard.ca\/wp-content\/uploads\/2018\/11\/BoulesMTL2013-1024x512.jpg 1024w, https:\/\/blog.chouynard.ca\/wp-content\/uploads\/2018\/11\/BoulesMTL2013-300x150.jpg 300w, https:\/\/blog.chouynard.ca\/wp-content\/uploads\/2018\/11\/BoulesMTL2013-768x384.jpg 768w\" sizes=\"auto, (max-width: 640px) 100vw, 640px\" \/><\/a><p id=\"caption-attachment-2175\" class=\"wp-caption-text\">Dans l\u2019est de la m\u00e9tropole, au dessus de la rue Sainte-Catherine, une installation dont plusieurs sont fiers, les \u00abboules roses\u00bb. Photo de 2013<\/p><\/div>\n<p>Recherche faite, oh surprise, ces deux installations sont li\u00e9es. Plus beaucoup que moins d\u2019ailleurs puisqu\u2019il s\u2019agit de deux \u0153uvres de l\u2019architecte Claude Cormier (et associ\u00e9s). Celle du MBAM dite \u00abTom I\u00bb en 2012, a \u00e9t\u00e9 reprise au moins jusqu\u2019\u00e0 l\u2019\u00e9dition Tom IV. Le projet des boules a port\u00e9 le nom de \u00abBoules roses\u00bb (2011-2016) et a ensuite \u00e9t\u00e9 revamp\u00e9 sous le titre \u00ab18 nuances de gai\u00bb. Pour en savoir plus sur les nombreux projets urbains de Claude Cormier, <a href=\"https:\/\/www.claudecormier.com\/\" target=\"_blank\" rel=\"noopener\">voir ici<\/a>.<br \/>\nJe doute maintenant que la soi-disante installation de la rue St-Fran\u00e7ois-Xavier soit li\u00e9e aux deux autres mais peut-\u00eatre un jour le c\u00f4ne de circulation inspirera le sieur Cormier. Un article du \u00abDevoir\u00bb sur le sujet au printemps 2018, \u00abL\u2019amour inavou\u00e9 des Qu\u00e9b\u00e9cois pour les c\u00f4nes orange\u00bb, est d\u2019ailleurs tr\u00e8s r\u00e9v\u00e9lateur et, pourquoi pas\u2026inspirant. <a href=\"https:\/\/www.ledevoir.com\/societe\/transports-urbanisme\/524276\/a-force-d-autoderision-le-cone-orange-est-devenu-une-icone-aimee-des-quebecois\" target=\"_blank\" rel=\"noopener\">Lire cet article ici<\/a>.<\/p>\n","protected":false},"excerpt":{"rendered":"<p>Installation artistique dans le Vieux Montr\u00e9al? Une promenade r\u00e9cente dans le Vieux Montr\u00e9al m\u2019a rappel\u00e9 l\u2019omnipr\u00e9sence des c\u00f4nes orange dans la vie quotidienne des Montr\u00e9alais. En effet, tout pr\u00e8s du Mus\u00e9e de Pointe-\u00e0-Calli\u00e8re et du Centaur Theatre sur la rue &hellip; <a href=\"https:\/\/blog.chouynard.ca\/?p=2169\">Continuer la lecture <span class=\"meta-nav\">&rarr;<\/span><\/a><\/p>\n","protected":false},"author":4,"featured_media":0,"comment_status":"open","ping_status":"open","sticky":false,"template":"","format":"standard","meta":{"ngg_post_thumbnail":0,"footnotes":""},"categories":[1,145],"tags":[40,270,105,25],"class_list":["post-2169","post","type-post","status-publish","format-standard","hentry","category-eclectique","category-photo-de-la-semaine","tag-arts-visuels","tag-installation","tag-montreal","tag-musee-des-beaux-arts"],"jetpack_featured_media_url":"","_links":{"self":[{"href":"https:\/\/blog.chouynard.ca\/index.php?rest_route=\/wp\/v2\/posts\/2169","targetHints":{"allow":["GET"]}}],"collection":[{"href":"https:\/\/blog.chouynard.ca\/index.php?rest_route=\/wp\/v2\/posts"}],"about":[{"href":"https:\/\/blog.chouynard.ca\/index.php?rest_route=\/wp\/v2\/types\/post"}],"author":[{"embeddable":true,"href":"https:\/\/blog.chouynard.ca\/index.php?rest_route=\/wp\/v2\/users\/4"}],"replies":[{"embeddable":true,"href":"https:\/\/blog.chouynard.ca\/index.php?rest_route=%2Fwp%2Fv2%2Fcomments&post=2169"}],"version-history":[{"count":5,"href":"https:\/\/blog.chouynard.ca\/index.php?rest_route=\/wp\/v2\/posts\/2169\/revisions"}],"predecessor-version":[{"id":2178,"href":"https:\/\/blog.chouynard.ca\/index.php?rest_route=\/wp\/v2\/posts\/2169\/revisions\/2178"}],"wp:attachment":[{"href":"https:\/\/blog.chouynard.ca\/index.php?rest_route=%2Fwp%2Fv2%2Fmedia&parent=2169"}],"wp:term":[{"taxonomy":"category","embeddable":true,"href":"https:\/\/blog.chouynard.ca\/index.php?rest_route=%2Fwp%2Fv2%2Fcategories&post=2169"},{"taxonomy":"post_tag","embeddable":true,"href":"https:\/\/blog.chouynard.ca\/index.php?rest_route=%2Fwp%2Fv2%2Ftags&post=2169"}],"curies":[{"name":"wp","href":"https:\/\/api.w.org\/{rel}","templated":true}]}}