{"id":2183,"date":"2018-11-30T20:15:12","date_gmt":"2018-12-01T00:15:12","guid":{"rendered":"https:\/\/blog.chouynard.ca\/?p=2183"},"modified":"2018-12-01T15:36:07","modified_gmt":"2018-12-01T19:36:07","slug":"image-de-la-semaine-1er-decembre-2018","status":"publish","type":"post","link":"https:\/\/blog.chouynard.ca\/?p=2183","title":{"rendered":"Image de la semaine &#8211; 30 novembre 2018"},"content":{"rendered":"<p><strong>Le cygne et le lac<\/strong><\/p>\n<p>Piotr Illyich Tcha\u00efkovski affectionnait-il les longues promenades au bord d\u2019un grand lac russe peupl\u00e9 de grands cygnes blancs lorsqu\u2019il eut l\u2019inspiration de cr\u00e9er la fameuse musique du ballet Le lac des cygnes (Lebedino\u00efe ozero en russe)?<\/p>\n<div id=\"attachment_2185\" style=\"width: 650px\" class=\"wp-caption aligncenter\"><a href=\"https:\/\/blog.chouynard.ca\/?attachment_id=2185\" rel=\"attachment wp-att-2185\"><img loading=\"lazy\" decoding=\"async\" aria-describedby=\"caption-attachment-2185\" class=\"size-large wp-image-2185\" src=\"https:\/\/blog.chouynard.ca\/wp-content\/uploads\/2018\/11\/CygneLausanne1989-1-1024x652.jpeg\" alt=\"\" width=\"640\" height=\"408\" srcset=\"https:\/\/blog.chouynard.ca\/wp-content\/uploads\/2018\/11\/CygneLausanne1989-1-1024x652.jpeg 1024w, https:\/\/blog.chouynard.ca\/wp-content\/uploads\/2018\/11\/CygneLausanne1989-1-300x191.jpeg 300w, https:\/\/blog.chouynard.ca\/wp-content\/uploads\/2018\/11\/CygneLausanne1989-1-768x489.jpeg 768w\" sizes=\"auto, (max-width: 640px) 100vw, 640px\" \/><\/a><p id=\"caption-attachment-2185\" class=\"wp-caption-text\">Un cygne tubercule (Cygnus olor) nage sur les eaux calmes du L\u00e9man pr\u00e8s de Lausanne. Connaissant la cordialit\u00e9 l\u00e9gendaire des Lausannois, on pourrait croire qu\u2019il l\u00e8ve les ailes en signe de salutation. Ou il a une crampe d\u2019avoir vol\u00e9 r\u00e9cemment puisque c\u2019est l&rsquo;un des plus lourds oiseaux capables de voler, les m\u00e2les pesant en moyenne environ 10,2&nbsp;kg. Photo de 1989<\/p><\/div>\n<p>Peut-\u00eatre son inspiration venait-elle plut\u00f4t du mythe grec de Leda, \u00e9pouse du roi de Sparte, que Zeus, le dieu des dieux, avait su combl\u00e9 apr\u00e8s avoir pris la forme d\u2019un cygne. Hummm! Elle n\u2019\u00e9tait s\u00fbrement pas facile \u00e0 s\u00e9duire la Leda. N\u2019emp\u00eache, ils eurent deux enfants, H\u00e9l\u00e8ne et Pollux, tandis que Castor leur fr\u00e8re est n\u00e9 du roi. Un cygne\u2026 quand m\u00eame\u2026un cygne blanc probablement. Plus majestueux! Synonyme de puret\u00e9 pour plusieurs. <!--more-->Dans l\u2019histoire du ballet de Piotr Illyich, il y a les deux et vous devinez probablement que le bon c\u2019est le blanc. L\u2019autre c\u2019est le ratoureux. Ou la ratoureuse, puisque les cygnes du ballet repr\u00e9sente des femmes. Le cygne blanc, c\u2019est la vedette, la belle princesse Odette. Elle est ensorcel\u00e9e le jour sous cette forme tandis que la volaille noire, c\u2019est la vile Odile, fille du sorcier. Remarquer, cela fait tr\u00e8s dix-neuvi\u00e8me n\u2019est ce pas, mais c\u2019est la musique surtout qui est exceptionnelle. Du moins \u00e0 mon go\u00fbt personnel.<br \/>\nLe Lac, pour sa part, dans l\u2019histoire du ballet, aurait \u00e9t\u00e9 form\u00e9 par les royales larmes des inconsolables parents de la fillette Odette.<br \/>\nRien a voir avec le lac L\u00e9man qui apparait sur la photo de la semaine. Cette vaste \u00e9tendue d\u2019eau de pr\u00e8s de 80 kilom\u00e8tres de longueur s\u00e9pare la France et la Suisse. Et encore, qui sait? Tchaikovshi n\u2019avait-il pas une m\u00e8re d\u2019origine fran\u00e7aise? N\u2019a-il pas eu tr\u00e8s jeune une gouvernante suisse? Que de hasard, que de liens inattendues!<br \/>\n\u00c0 la fin des ann\u00e9es 1980, la pr\u00e9paration d\u2019une exposition devant souligner la renaissance de l\u2019olympisme moderne pour le Mus\u00e9e de la civilisation de Qu\u00e9bec m\u2019am\u00e8ne \u00e0 Lausanne. En pleine r\u00e9gion romande de la Suisse, cette ville francophone borde le superbe L\u00e9man. C\u2019\u00e9tait et c\u2019est toujours le si\u00e8ge du Comit\u00e9 International Olympique (CIO). Le Mus\u00e9e Olympique que nous connaissons aujourd\u2019hui n\u2019a pas encore vu le jour (1993). Il est en pr\u00e9paration et les mus\u00e9ologues de l\u2019\u00e9poque nous accueillent chaleureusement et nous introduisent aux collections de leurs r\u00e9serves afin d\u2019autoriser quelques pr\u00eats. L\u2019exposition Sport et Olympisme a \u00e9t\u00e9 pr\u00e9sent\u00e9e \u00e0 l\u2019\u00e9t\u00e9 1990 au Mus\u00e9e de la civilisation. Et c\u2019est pas pour dire\u2026 le pr\u00e9sident du CIO de l\u2019\u00e9poque, le Catalan Juan Antonio Samaranch s\u2019est d\u00e9plac\u00e9 pour en souligner l\u2019ouverture. Russie, Suisse, France, Catalogne, Qu\u00e9bec, le Mus\u00e9e de la civilisation nous fera toujours voyager.<\/p>\n","protected":false},"excerpt":{"rendered":"<p>Le cygne et le lac Piotr Illyich Tcha\u00efkovski affectionnait-il les longues promenades au bord d\u2019un grand lac russe peupl\u00e9 de grands cygnes blancs lorsqu\u2019il eut l\u2019inspiration de cr\u00e9er la fameuse musique du ballet Le lac des cygnes (Lebedino\u00efe ozero en &hellip; <a href=\"https:\/\/blog.chouynard.ca\/?p=2183\">Continuer la lecture <span class=\"meta-nav\">&rarr;<\/span><\/a><\/p>\n","protected":false},"author":4,"featured_media":0,"comment_status":"open","ping_status":"open","sticky":false,"template":"","format":"standard","meta":{"ngg_post_thumbnail":0,"footnotes":""},"categories":[1,145],"tags":[274,278,41,210,276,277,87,102,275,272,271],"class_list":["post-2183","post","type-post","status-publish","format-standard","hentry","category-eclectique","category-photo-de-la-semaine","tag-catalogne","tag-cygne","tag-exposition","tag-france","tag-lausanne","tag-leman","tag-musee-de-la-civilisation","tag-musique","tag-mythologie","tag-suisse","tag-tchaikovski"],"jetpack_featured_media_url":"","_links":{"self":[{"href":"https:\/\/blog.chouynard.ca\/index.php?rest_route=\/wp\/v2\/posts\/2183","targetHints":{"allow":["GET"]}}],"collection":[{"href":"https:\/\/blog.chouynard.ca\/index.php?rest_route=\/wp\/v2\/posts"}],"about":[{"href":"https:\/\/blog.chouynard.ca\/index.php?rest_route=\/wp\/v2\/types\/post"}],"author":[{"embeddable":true,"href":"https:\/\/blog.chouynard.ca\/index.php?rest_route=\/wp\/v2\/users\/4"}],"replies":[{"embeddable":true,"href":"https:\/\/blog.chouynard.ca\/index.php?rest_route=%2Fwp%2Fv2%2Fcomments&post=2183"}],"version-history":[{"count":3,"href":"https:\/\/blog.chouynard.ca\/index.php?rest_route=\/wp\/v2\/posts\/2183\/revisions"}],"predecessor-version":[{"id":2188,"href":"https:\/\/blog.chouynard.ca\/index.php?rest_route=\/wp\/v2\/posts\/2183\/revisions\/2188"}],"wp:attachment":[{"href":"https:\/\/blog.chouynard.ca\/index.php?rest_route=%2Fwp%2Fv2%2Fmedia&parent=2183"}],"wp:term":[{"taxonomy":"category","embeddable":true,"href":"https:\/\/blog.chouynard.ca\/index.php?rest_route=%2Fwp%2Fv2%2Fcategories&post=2183"},{"taxonomy":"post_tag","embeddable":true,"href":"https:\/\/blog.chouynard.ca\/index.php?rest_route=%2Fwp%2Fv2%2Ftags&post=2183"}],"curies":[{"name":"wp","href":"https:\/\/api.w.org\/{rel}","templated":true}]}}