{"id":2212,"date":"2019-01-07T19:13:50","date_gmt":"2019-01-07T23:13:50","guid":{"rendered":"https:\/\/blog.chouynard.ca\/?p=2212"},"modified":"2019-01-07T19:13:50","modified_gmt":"2019-01-07T23:13:50","slug":"image-de-la-semaine-7-janvier-2019","status":"publish","type":"post","link":"https:\/\/blog.chouynard.ca\/?p=2212","title":{"rendered":"Image de la semaine &#8211; 7 janvier 2019"},"content":{"rendered":"<p><strong>Un peu de lumi\u00e8re svp<br \/>\n<\/strong><\/p>\n<p>La lumi\u00e8re, on le sait, est ce qui nous permet de concr\u00e9tiser la vision, de voir les choses qui nous entourent. Sans lumi\u00e8re, pas de perception visuelle, pas de couleur. Et quelle meilleure lumi\u00e8re que celle qui nous vient de notre \u00e9toile. Le soleil ne nous donne pas seulement la lumi\u00e8re, il est aussi source de chaleur et d\u2019\u00e9nergie.<\/p>\n<div id=\"attachment_2213\" style=\"width: 650px\" class=\"wp-caption aligncenter\"><a href=\"https:\/\/blog.chouynard.ca\/?attachment_id=2213\" rel=\"attachment wp-att-2213\"><img loading=\"lazy\" decoding=\"async\" aria-describedby=\"caption-attachment-2213\" class=\"size-large wp-image-2213\" src=\"https:\/\/blog.chouynard.ca\/wp-content\/uploads\/2019\/01\/LumiereBaie_2018-1024x768.jpg\" alt=\"\" width=\"640\" height=\"480\" srcset=\"https:\/\/blog.chouynard.ca\/wp-content\/uploads\/2019\/01\/LumiereBaie_2018-1024x768.jpg 1024w, https:\/\/blog.chouynard.ca\/wp-content\/uploads\/2019\/01\/LumiereBaie_2018-300x225.jpg 300w, https:\/\/blog.chouynard.ca\/wp-content\/uploads\/2019\/01\/LumiereBaie_2018-768x576.jpg 768w\" sizes=\"auto, (max-width: 640px) 100vw, 640px\" \/><\/a><p id=\"caption-attachment-2213\" class=\"wp-caption-text\">Comme elle attire, la lumi\u00e8re! Le couchant donne souvent une clart\u00e9 magnifique comme ici durant l\u2019\u00e9t\u00e9 sur la baie de Gasp\u00e9. Photo prise en 2018<\/p><\/div>\n<p>Mais la lumi\u00e8re ne se limite pas seulement a fournir un constat purement visuel. Au del\u00e0 de la perception physique, la lumi\u00e8re nous donne aussi souvent l\u2019occasion d\u2019\u00aby voir clair\u00bb. Cette derni\u00e8re expression am\u00e8ne une dimension additionnelle. Elle sous-entend qu\u2019au del\u00e0 du constat premier, une connaissance plus compl\u00e8te voire une compr\u00e9hension v\u00e9ritable d\u2019une chose ou d\u2019un ph\u00e9nom\u00e8ne devient accessible. Cette volont\u00e9 d\u2019y voir clair n\u2019est pas nouvelle. Il y a quelques si\u00e8cles en Europe, <!--more-->l\u2019insupportable oppression des pouvoirs religieux et politiques, fut \u00e0 l\u2019origine d\u2019un mouvement fort important dans l\u2019histoire des soci\u00e9t\u00e9s modernes : les Lumi\u00e8res. On dit aussi philosophie des Lumi\u00e8res ou Si\u00e8cle des Lumi\u00e8res. Il s\u2019agit d\u2019un mouvement qui a eu court surtout au XVIIIe si\u00e8cle par lequel les principaux penseurs et intellectuels du continent s\u2019unirent pour combattre l\u2019obscurantisme, l\u2019irrationnel, l\u2019arbitraire, et les superstitions.<br \/>\nAujourd\u2019hui, alors qu\u2019on constate chaque jour les tensions caus\u00e9es par le manque d\u2019ouverture des leaders mondiaux, leurs <em>fake news<\/em>, les luttes d\u2019images et de pouvoir entre les nations, les diverses tendances religieuses qui s\u00e8ment les doutes existentiels aupr\u00e8s des fid\u00e8les en manque de r\u00e9ponses sur le sens de la vie, de leur vie\u2026 ne serait-on pas en droit de souhaiter une nouvelle \u00e8re des Lumi\u00e8res? Malheureusement, l\u2019exemple vient de haut et se r\u00e9percute sur les populations qui n\u2019ont malheureusement pas toujours ce qu\u2019il faut pour y voir clair. N\u2019est-ce-pas qu\u2019un peu plus de clart\u00e9 sur les aspects vraiment importants de nos vies et de ce qui permet de les maintenir dans un relatif bien \u00eatre, pourrait aider \u00e9norm\u00e9ment? N\u2019est-ce-pas qu\u2019un \u00e9clairage suppl\u00e9mentaire permettant de mettre les \u00e9l\u00e9ments en perspective et de mieux faire la part des choses, serait pour le moins salutaire? Tout en gardant un n\u00e9cessaire esprit critique, notre souhait, pieux bien s\u00fbr, serait que tous les humains fassent preuve de bonne volont\u00e9, et pourquoi pas, de bienveillance. Premiers pas essentiels afin de tendre vers un monde ou chacun a droit d\u2019y voir clair et par voie de cons\u00e9quence, de trouver la paix et la s\u00e9r\u00e9nit\u00e9.<\/p>\n","protected":false},"excerpt":{"rendered":"<p>Un peu de lumi\u00e8re svp La lumi\u00e8re, on le sait, est ce qui nous permet de concr\u00e9tiser la vision, de voir les choses qui nous entourent. Sans lumi\u00e8re, pas de perception visuelle, pas de couleur. Et quelle meilleure lumi\u00e8re que &hellip; <a href=\"https:\/\/blog.chouynard.ca\/?p=2212\">Continuer la lecture <span class=\"meta-nav\">&rarr;<\/span><\/a><\/p>\n","protected":false},"author":4,"featured_media":0,"comment_status":"open","ping_status":"open","sticky":false,"template":"","format":"standard","meta":{"ngg_post_thumbnail":0,"footnotes":""},"categories":[1,145],"tags":[280,169,281,75,246,78,69],"class_list":["post-2212","post","type-post","status-publish","format-standard","hentry","category-eclectique","category-photo-de-la-semaine","tag-connaissance","tag-couchant","tag-europe","tag-gaspe","tag-lumiere","tag-politique","tag-religion"],"jetpack_featured_media_url":"","_links":{"self":[{"href":"https:\/\/blog.chouynard.ca\/index.php?rest_route=\/wp\/v2\/posts\/2212","targetHints":{"allow":["GET"]}}],"collection":[{"href":"https:\/\/blog.chouynard.ca\/index.php?rest_route=\/wp\/v2\/posts"}],"about":[{"href":"https:\/\/blog.chouynard.ca\/index.php?rest_route=\/wp\/v2\/types\/post"}],"author":[{"embeddable":true,"href":"https:\/\/blog.chouynard.ca\/index.php?rest_route=\/wp\/v2\/users\/4"}],"replies":[{"embeddable":true,"href":"https:\/\/blog.chouynard.ca\/index.php?rest_route=%2Fwp%2Fv2%2Fcomments&post=2212"}],"version-history":[{"count":3,"href":"https:\/\/blog.chouynard.ca\/index.php?rest_route=\/wp\/v2\/posts\/2212\/revisions"}],"predecessor-version":[{"id":2216,"href":"https:\/\/blog.chouynard.ca\/index.php?rest_route=\/wp\/v2\/posts\/2212\/revisions\/2216"}],"wp:attachment":[{"href":"https:\/\/blog.chouynard.ca\/index.php?rest_route=%2Fwp%2Fv2%2Fmedia&parent=2212"}],"wp:term":[{"taxonomy":"category","embeddable":true,"href":"https:\/\/blog.chouynard.ca\/index.php?rest_route=%2Fwp%2Fv2%2Fcategories&post=2212"},{"taxonomy":"post_tag","embeddable":true,"href":"https:\/\/blog.chouynard.ca\/index.php?rest_route=%2Fwp%2Fv2%2Ftags&post=2212"}],"curies":[{"name":"wp","href":"https:\/\/api.w.org\/{rel}","templated":true}]}}