{"id":2229,"date":"2019-02-03T13:59:08","date_gmt":"2019-02-03T17:59:08","guid":{"rendered":"https:\/\/blog.chouynard.ca\/?p=2229"},"modified":"2019-02-03T14:41:45","modified_gmt":"2019-02-03T18:41:45","slug":"quartier-militaire-pourquoi-pas-un-parc","status":"publish","type":"post","link":"https:\/\/blog.chouynard.ca\/?p=2229","title":{"rendered":"Quartier militaire, pourquoi pas un parc?"},"content":{"rendered":"<p>Le village fant\u00f4me du Plateau de Sainte-Foy, qu\u2019on d\u00e9signe parfois de quartier militaire, doit permettre \u00e0 la population environnante de profiter d\u2019une zone verte de plus en plus n\u00e9cessaire compte tenu du d\u00e9veloppement d\u00e9brid\u00e9 des tours d\u2019habitations et de la densification extr\u00eame du secteur.<\/p>\n<div id=\"attachment_2231\" style=\"width: 970px\" class=\"wp-caption aligncenter\"><a href=\"https:\/\/blog.chouynard.ca\/?attachment_id=2231\" rel=\"attachment wp-att-2231\"><img loading=\"lazy\" decoding=\"async\" aria-describedby=\"caption-attachment-2231\" class=\"size-full wp-image-2231\" src=\"https:\/\/blog.chouynard.ca\/wp-content\/uploads\/2019\/02\/IMG_0596_11.jpg\" alt=\"\" width=\"960\" height=\"686\" srcset=\"https:\/\/blog.chouynard.ca\/wp-content\/uploads\/2019\/02\/IMG_0596_11.jpg 960w, https:\/\/blog.chouynard.ca\/wp-content\/uploads\/2019\/02\/IMG_0596_11-300x214.jpg 300w, https:\/\/blog.chouynard.ca\/wp-content\/uploads\/2019\/02\/IMG_0596_11-768x549.jpg 768w\" sizes=\"auto, (max-width: 960px) 100vw, 960px\" \/><\/a><p id=\"caption-attachment-2231\" class=\"wp-caption-text\">L\u2019ex-quartier militaire de Sainte-Foy, pr\u00e8s du parc Saint-Denys au coin de la rue de la Picardie. Photo de 2011<\/p><\/div>\n<p>Quelle ne fut pas ma surprise r\u00e9cemment de constater par hasard que le fameux village d\u00e9sertique derri\u00e8re les centres commerciaux avait \u00e9t\u00e9 compl\u00e8tement vid\u00e9 de son patrimoine architectural. Le nettoyage complet, dont on parlait depuis au moins dix ans (<a href=\"https:\/\/www.lesoleil.com\/actualite\/la-capitale\/le-quartier-militaire-de-ste-foy-remplace-par-1000-logements-5070cdad98d786a9fe5c133212ea41b1?utm_campaign=lesoleil&amp;utm_medium=article_share&amp;utm_source=email\" target=\"_blank\" rel=\"noopener\">voir article du quotidien le Soleil du 2 d\u00e9cembre 2009<\/a>) s\u2019\u00e9tait finalement concr\u00e9tis\u00e9.<\/p>\n<div id=\"attachment_2237\" style=\"width: 970px\" class=\"wp-caption aligncenter\"><a href=\"https:\/\/blog.chouynard.ca\/?attachment_id=2237\" rel=\"attachment wp-att-2237\"><img loading=\"lazy\" decoding=\"async\" aria-describedby=\"caption-attachment-2237\" class=\"size-full wp-image-2237\" src=\"https:\/\/blog.chouynard.ca\/wp-content\/uploads\/2019\/02\/QartMilitQueb2012.jpg\" alt=\"\" width=\"960\" height=\"720\" srcset=\"https:\/\/blog.chouynard.ca\/wp-content\/uploads\/2019\/02\/QartMilitQueb2012.jpg 960w, https:\/\/blog.chouynard.ca\/wp-content\/uploads\/2019\/02\/QartMilitQueb2012-300x225.jpg 300w, https:\/\/blog.chouynard.ca\/wp-content\/uploads\/2019\/02\/QartMilitQueb2012-768x576.jpg 768w\" sizes=\"auto, (max-width: 960px) 100vw, 960px\" \/><\/a><p id=\"caption-attachment-2237\" class=\"wp-caption-text\">Abandonn\u00e9e en permanence, une des coquettes maisons jumel\u00e9es du quartier militaire. Photo de 2012<\/p><\/div>\n<p>Cependant on ne sait toujours pas clairement quel sera l\u2019usage<!--more--> qui attend l\u2019endroit. \u00c0 l\u2019\u00e9poque, on parlait d\u2019y construire un millier de logements. Bien s\u00fbr, certains vont continuer de proposer d\u2019y am\u00e9nager surtout du logement social mais ce ne semble pas le genre de d\u00e9veloppement que soutient la municipalit\u00e9 pour le moment. Quoi qu\u2019il en soit, il semble de plus en plus \u00e9vident que de transformer cette zone en un parc urbain de moyenne dimension serait l\u2019avenue la plus prometteuse et salutaire pour les habitants du quartier le Plateau de l\u2019arrondissement Sainte-Foy\u2013Sillery\u2013Cap-Rouge \u00e0 Qu\u00e9bec. De plus, il est tr\u00e8s possible de joindre \u00e0 cet espace maintenant lib\u00e9r\u00e9 de pr\u00e8s de 13 hectares de superficie, \u00e0 l\u2019actuel parc Saint-Denys, voisin et sous-utilis\u00e9 \u00e0 plusieurs \u00e9gards.<br \/>\nD\u2019ailleurs, le <strong>Programme particulier d\u2019urbanisme du plateau centre de Sainte-Foy<\/strong> (2012) ne va-t-il pas en ce sens? : \u00ab<em>Situ\u00e9 au c\u0153ur du secteur r\u00e9sidentiel Saint-Denys, le parc du m\u00eame nom regroupe divers \u00e9quipements (\u2026). Un bois\u00e9, concentr\u00e9 dans sa portion sud, occupe pr\u00e8s du tiers de sa superficie. Le minist\u00e8re de la D\u00e9fense nationale poss\u00e8de aussi un terrain bois\u00e9 \u00e0 l\u2019est de la rue du Joli-Bois. Constituant le prolongement naturel de la lisi\u00e8re bois\u00e9e du parc Saint-Denys et pr\u00e9sentant une valeur d\u2019int\u00e9r\u00eat, ce bois\u00e9 est travers\u00e9 par quelques sentiers spontan\u00e9s. Bien qu\u2019il constitue un actif pour celui-ci, le parc Saint-Denys n\u2019est pas v\u00e9ritablement int\u00e9gr\u00e9 \u00e0 son quartier<\/em>.\u00bb (Section 5.2.4 &#8211; <a href=\"https:\/\/www.ville.quebec.qc.ca\/apropos\/planification-orientations\/amenagement_urbain\/ppu\/ppu_saintefoy\/docs\/ppu_plateau_centre_sainte_foy_edit%C3%A9.pdf\" target=\"_blank\" rel=\"noopener\">voir le document complet sur le site de la Ville de Qu\u00e9bec<\/a>).<\/p>\n<div id=\"attachment_2239\" style=\"width: 310px\" class=\"wp-caption alignleft\"><a href=\"https:\/\/blog.chouynard.ca\/?attachment_id=2239\" rel=\"attachment wp-att-2239\"><img loading=\"lazy\" decoding=\"async\" aria-describedby=\"caption-attachment-2239\" class=\"size-medium wp-image-2239\" src=\"https:\/\/blog.chouynard.ca\/wp-content\/uploads\/2019\/02\/IMG_3879_15-300x225.jpg\" alt=\"\" width=\"300\" height=\"225\" srcset=\"https:\/\/blog.chouynard.ca\/wp-content\/uploads\/2019\/02\/IMG_3879_15-300x225.jpg 300w, https:\/\/blog.chouynard.ca\/wp-content\/uploads\/2019\/02\/IMG_3879_15-768x576.jpg 768w, https:\/\/blog.chouynard.ca\/wp-content\/uploads\/2019\/02\/IMG_3879_15-1024x768.jpg 1024w\" sizes=\"auto, (max-width: 300px) 100vw, 300px\" \/><\/a><p id=\"caption-attachment-2239\" class=\"wp-caption-text\">Spontan\u00e9 ou pas, voici l&rsquo;entr\u00e9e d&rsquo;un des sentiers des bois\u00e9s environnants. Photo de 2015<\/p><\/div>\n<p>D\u2019autre part, le principe de la densification des secteurs urbains d\u2019une ville comme Qu\u00e9bec peut \u00eatre louable a priori mais il importe qu\u2019il soit mis en relation avec les n\u00e9cessit\u00e9s de base de ceux qui doivent habiter ces secteurs nouvellement densifi\u00e9s. Et ces gens ils sont et seront de plus en plus nombreux \u00e0 int\u00e9grer les tours du Complexe Jules-Dallaire, le Complexe 3V, le Campari locatif, le Quartier QB, les Terrasses du Plateau, et autres complexes du genre qui poussent comme des champignons dans le quartier.&nbsp;<\/p>\n<div id=\"attachment_2242\" style=\"width: 970px\" class=\"wp-caption aligncenter\"><a href=\"https:\/\/blog.chouynard.ca\/?attachment_id=2242\" rel=\"attachment wp-att-2242\"><img loading=\"lazy\" decoding=\"async\" aria-describedby=\"caption-attachment-2242\" class=\"size-full wp-image-2242\" src=\"https:\/\/blog.chouynard.ca\/wp-content\/uploads\/2019\/02\/IMG_1235_12.jpg\" alt=\"\" width=\"960\" height=\"720\" srcset=\"https:\/\/blog.chouynard.ca\/wp-content\/uploads\/2019\/02\/IMG_1235_12.jpg 960w, https:\/\/blog.chouynard.ca\/wp-content\/uploads\/2019\/02\/IMG_1235_12-300x225.jpg 300w, https:\/\/blog.chouynard.ca\/wp-content\/uploads\/2019\/02\/IMG_1235_12-768x576.jpg 768w\" sizes=\"auto, (max-width: 960px) 100vw, 960px\" \/><\/a><p id=\"caption-attachment-2242\" class=\"wp-caption-text\">En 2012, l\u2019\u00e9rection du complexe Jules-Dallaire lance vraiment le bal de la densification du Plateau. Photo de 2012<\/p><\/div>\n<div id=\"attachment_2243\" style=\"width: 3274px\" class=\"wp-caption aligncenter\"><a href=\"https:\/\/blog.chouynard.ca\/?attachment_id=2243\" rel=\"attachment wp-att-2243\"><img loading=\"lazy\" decoding=\"async\" aria-describedby=\"caption-attachment-2243\" class=\"size-full wp-image-2243\" src=\"https:\/\/blog.chouynard.ca\/wp-content\/uploads\/2019\/02\/IMG_3068_14.jpg\" alt=\"\" width=\"3264\" height=\"2448\" srcset=\"https:\/\/blog.chouynard.ca\/wp-content\/uploads\/2019\/02\/IMG_3068_14.jpg 3264w, https:\/\/blog.chouynard.ca\/wp-content\/uploads\/2019\/02\/IMG_3068_14-300x225.jpg 300w, https:\/\/blog.chouynard.ca\/wp-content\/uploads\/2019\/02\/IMG_3068_14-768x576.jpg 768w, https:\/\/blog.chouynard.ca\/wp-content\/uploads\/2019\/02\/IMG_3068_14-1024x768.jpg 1024w\" sizes=\"auto, (max-width: 3264px) 100vw, 3264px\" \/><\/a><p id=\"caption-attachment-2243\" class=\"wp-caption-text\">Les tours du complexe Jules-Dallaire avec maisons en rang\u00e9e du quartier militaire en avant plan. Photo de 2014<\/p><\/div>\n<div id=\"attachment_2272\" style=\"width: 2622px\" class=\"wp-caption aligncenter\"><a href=\"https:\/\/blog.chouynard.ca\/?attachment_id=2272\" rel=\"attachment wp-att-2272\"><img loading=\"lazy\" decoding=\"async\" aria-describedby=\"caption-attachment-2272\" class=\"size-full wp-image-2272\" src=\"https:\/\/blog.chouynard.ca\/wp-content\/uploads\/2019\/02\/Complexe3V_18.jpg\" alt=\"\" width=\"2612\" height=\"2090\" srcset=\"https:\/\/blog.chouynard.ca\/wp-content\/uploads\/2019\/02\/Complexe3V_18.jpg 2612w, https:\/\/blog.chouynard.ca\/wp-content\/uploads\/2019\/02\/Complexe3V_18-300x240.jpg 300w, https:\/\/blog.chouynard.ca\/wp-content\/uploads\/2019\/02\/Complexe3V_18-768x615.jpg 768w, https:\/\/blog.chouynard.ca\/wp-content\/uploads\/2019\/02\/Complexe3V_18-1024x819.jpg 1024w\" sizes=\"auto, (max-width: 2612px) 100vw, 2612px\" \/><\/a><p id=\"caption-attachment-2272\" class=\"wp-caption-text\">Building impressionnant pour le secteur, le Complexe 3V domine d\u00e9sormais le march\u00e9 public et l\u2019ar\u00e9na local, avenue Roland-Beaudin, Photo de 2018<\/p><\/div>\n<div id=\"attachment_2246\" style=\"width: 3880px\" class=\"wp-caption aligncenter\"><a href=\"https:\/\/blog.chouynard.ca\/?attachment_id=2246\" rel=\"attachment wp-att-2246\"><img loading=\"lazy\" decoding=\"async\" aria-describedby=\"caption-attachment-2246\" class=\"size-full wp-image-2246\" src=\"https:\/\/blog.chouynard.ca\/wp-content\/uploads\/2019\/02\/IMG_1828_18-2.jpg\" alt=\"\" width=\"3870\" height=\"2322\" srcset=\"https:\/\/blog.chouynard.ca\/wp-content\/uploads\/2019\/02\/IMG_1828_18-2.jpg 3870w, https:\/\/blog.chouynard.ca\/wp-content\/uploads\/2019\/02\/IMG_1828_18-2-300x180.jpg 300w, https:\/\/blog.chouynard.ca\/wp-content\/uploads\/2019\/02\/IMG_1828_18-2-768x461.jpg 768w, https:\/\/blog.chouynard.ca\/wp-content\/uploads\/2019\/02\/IMG_1828_18-2-1024x614.jpg 1024w\" sizes=\"auto, (max-width: 3870px) 100vw, 3870px\" \/><\/a><p id=\"caption-attachment-2246\" class=\"wp-caption-text\">\u00c0 l\u2019arri\u00e8re du 3V, sur le site de l\u2019ancienne biblioth\u00e8que municipale, Rte de l\u2019\u00c9glise, s\u2019amorce fin 2018 la construction d\u2019un autre \u00e9l\u00e9phant locatif. Photo de 2018<\/p><\/div>\n<p>Sans compter bien s\u00fbr le pharaonique d\u00e9veloppement du Groupe Dallaire, le fameux Phare de 65 \u00e9tages, qui doit s\u2019\u00e9riger bient\u00f4t non loin des autres.<\/p>\n<div id=\"attachment_2248\" style=\"width: 235px\" class=\"wp-caption alignleft\"><a href=\"https:\/\/blog.chouynard.ca\/?attachment_id=2248\" rel=\"attachment wp-att-2248\"><img loading=\"lazy\" decoding=\"async\" aria-describedby=\"caption-attachment-2248\" class=\"size-medium wp-image-2248\" src=\"https:\/\/blog.chouynard.ca\/wp-content\/uploads\/2019\/02\/IMG_0599_11-225x300.jpg\" alt=\"\" width=\"225\" height=\"300\" srcset=\"https:\/\/blog.chouynard.ca\/wp-content\/uploads\/2019\/02\/IMG_0599_11-225x300.jpg 225w, https:\/\/blog.chouynard.ca\/wp-content\/uploads\/2019\/02\/IMG_0599_11.jpg 720w\" sizes=\"auto, (max-width: 225px) 100vw, 225px\" \/><\/a><p id=\"caption-attachment-2248\" class=\"wp-caption-text\">Les espaces verdoyants sont une n\u00e9cessit\u00e9 en milieu urbain, encore plus dans un secteur en forte densification comme ici. Photo de 2011<\/p><\/div>\n<p>Enfin, il est de notori\u00e9t\u00e9 publique, soutenu par de croissantes \u00e9tudes scientifiques que les parcs et autres espaces verdoyants de ce monde permettent \u00e0 ceux qui habitent \u00e0 proximit\u00e9 et qui les fr\u00e9quentent de conserver sinon d\u2019am\u00e9liorer leur sant\u00e9. Un rapport pas si lointain, <strong>Les espaces verts urbains et la sant\u00e9<\/strong> (2011) et tr\u00e8s acclam\u00e9 de l\u2019Institut National de Sant\u00e9 Publique du Qu\u00e9bec nous dit d\u2019ailleurs clairement que les espaces verts sont une n\u00e9cessit\u00e9 dont les villes ne peuvent se passer : \u00ab <em>Les espaces verts jouent un r\u00f4le tr\u00e8s important dans les milieux urbanis\u00e9s. La pr\u00e9sence d\u2019espaces verts semble \u00eatre associ\u00e9e \u00e0 plusieurs effets significativement positifs sur l\u2019environnement et sur la sant\u00e9 physique et mentale de la population. Les arbres r\u00e9duisent les polluants, comme la poussi\u00e8re, l\u2019ozone, et les m\u00e9taux lourds. Les espaces verts r\u00e9duisent aussi le bruit, la temp\u00e9rature locale et l\u2019effet d\u2019\u00eelots de chaleur urbains. En outre, plusieurs \u00e9tudes sugg\u00e8rent que les espaces verts urbains sont associ\u00e9s \u00e0 une meilleure sant\u00e9 autorapport\u00e9e et diagnostiqu\u00e9e, un meilleur niveau d\u2019activit\u00e9 physique, un moindre taux de mortalit\u00e9, moins de sympt\u00f4mes psychologiques, moins d\u2019anxi\u00e9t\u00e9, de d\u00e9pression et de stress, et un niveau de coh\u00e9rence sociale plus important.<\/em>\u00bb (<a href=\"https:\/\/www.inspq.qc.ca\/pdf\/publications\/1274_EspacesVertsUrbainsSante.pdf\" target=\"_blank\" rel=\"noopener\">Consulter le rapport<\/a><a href=\"https:\/\/www.inspq.qc.ca\/pdf\/publications\/1274_EspacesVertsUrbainsSante.pdf\" target=\"_blank\" rel=\"noopener\"> sur le site de l\u2019INSPQ<\/a>).<\/p>\n<p>Pour ma part, ayant utilis\u00e9 les rues dudit quartier militaire depuis les 10 derni\u00e8res ann\u00e9es pour y faire r\u00e9guli\u00e8rement des marches de sant\u00e9, je me suis toujours dit qu\u2019il \u00e9tait insens\u00e9 de laisser ainsi d\u00e9p\u00e9rir, mois apr\u00e8s mois, des maisons de ville aussi particuli\u00e8res. Dans l\u2019optique d\u2019en faire un parc urbain et pour respecter l\u2019histoire et le patrimoine sp\u00e9cifique de cet endroit, j\u2019aurais cependant sauver au moins une des habitations pour y loger un mini centre d\u2019interpr\u00e9tation pour y expliquer l&rsquo;histoire de l\u2019endroit combin\u00e9 \u00e0 un centre d\u2019accueil du parc. Enfin\u2026<\/p>\n<p>Suivent, quelques images glan\u00e9es au fil des ans en marchant dans le quartier militaire. On remarquera que les beaux grands arbres sont nombreux. Tout indiqu\u00e9 pour cr\u00e9er la base d\u2019un beau parc!<\/p>\n<div id=\"attachment_2252\" style=\"width: 310px\" class=\"wp-caption alignleft\"><a href=\"https:\/\/blog.chouynard.ca\/?attachment_id=2252\" rel=\"attachment wp-att-2252\"><img loading=\"lazy\" decoding=\"async\" aria-describedby=\"caption-attachment-2252\" class=\"size-medium wp-image-2252\" src=\"https:\/\/blog.chouynard.ca\/wp-content\/uploads\/2019\/02\/IMG_4315_16-300x214.jpg\" alt=\"\" width=\"300\" height=\"214\" srcset=\"https:\/\/blog.chouynard.ca\/wp-content\/uploads\/2019\/02\/IMG_4315_16-300x214.jpg 300w, https:\/\/blog.chouynard.ca\/wp-content\/uploads\/2019\/02\/IMG_4315_16-768x549.jpg 768w, https:\/\/blog.chouynard.ca\/wp-content\/uploads\/2019\/02\/IMG_4315_16-1024x731.jpg 1024w\" sizes=\"auto, (max-width: 300px) 100vw, 300px\" \/><\/a><p id=\"caption-attachment-2252\" class=\"wp-caption-text\">Fin d\u2019hiver \u00e0 un croisement de rue du quartier. Photo de 2016<\/p><\/div>\n<div id=\"attachment_2253\" style=\"width: 310px\" class=\"wp-caption alignright\"><a href=\"https:\/\/blog.chouynard.ca\/?attachment_id=2253\" rel=\"attachment wp-att-2253\"><img loading=\"lazy\" decoding=\"async\" aria-describedby=\"caption-attachment-2253\" class=\"size-medium wp-image-2253\" src=\"https:\/\/blog.chouynard.ca\/wp-content\/uploads\/2019\/02\/IMG_9328_12-300x214.jpg\" alt=\"\" width=\"300\" height=\"214\" srcset=\"https:\/\/blog.chouynard.ca\/wp-content\/uploads\/2019\/02\/IMG_9328_12-300x214.jpg 300w, https:\/\/blog.chouynard.ca\/wp-content\/uploads\/2019\/02\/IMG_9328_12-768x549.jpg 768w, https:\/\/blog.chouynard.ca\/wp-content\/uploads\/2019\/02\/IMG_9328_12-1024x731.jpg 1024w\" sizes=\"auto, (max-width: 300px) 100vw, 300px\" \/><\/a><p id=\"caption-attachment-2253\" class=\"wp-caption-text\">Robustes maisons de brique. Photo de 2012<\/p><\/div>\n<p>&nbsp;<\/p>\n<p>&nbsp;<\/p>\n<p>&nbsp;<\/p>\n<p>&nbsp;<\/p>\n<p>&nbsp;<\/p>\n<p>&nbsp;<\/p>\n<p>&nbsp;<\/p>\n<p>&nbsp;<\/p>\n<p>&nbsp;<\/p>\n<p>&nbsp;<\/p>\n<p>&nbsp;<\/p>\n<p>&nbsp;<\/p>\n<div id=\"attachment_2255\" style=\"width: 310px\" class=\"wp-caption alignleft\"><a href=\"https:\/\/blog.chouynard.ca\/?attachment_id=2255\" rel=\"attachment wp-att-2255\"><img loading=\"lazy\" decoding=\"async\" aria-describedby=\"caption-attachment-2255\" class=\"size-medium wp-image-2255\" src=\"https:\/\/blog.chouynard.ca\/wp-content\/uploads\/2019\/02\/IMG_4316_16-300x225.jpg\" alt=\"\" width=\"300\" height=\"225\" srcset=\"https:\/\/blog.chouynard.ca\/wp-content\/uploads\/2019\/02\/IMG_4316_16-300x225.jpg 300w, https:\/\/blog.chouynard.ca\/wp-content\/uploads\/2019\/02\/IMG_4316_16-768x576.jpg 768w, https:\/\/blog.chouynard.ca\/wp-content\/uploads\/2019\/02\/IMG_4316_16-1024x768.jpg 1024w\" sizes=\"auto, (max-width: 300px) 100vw, 300px\" \/><\/a><p id=\"caption-attachment-2255\" class=\"wp-caption-text\">Maisons en rang\u00e9e. Photo de 2016<\/p><\/div>\n<div id=\"attachment_2256\" style=\"width: 310px\" class=\"wp-caption alignright\"><a href=\"https:\/\/blog.chouynard.ca\/?attachment_id=2256\" rel=\"attachment wp-att-2256\"><img loading=\"lazy\" decoding=\"async\" aria-describedby=\"caption-attachment-2256\" class=\"size-medium wp-image-2256\" src=\"https:\/\/blog.chouynard.ca\/wp-content\/uploads\/2019\/02\/IMG_9330_12-300x214.jpg\" alt=\"\" width=\"300\" height=\"214\" srcset=\"https:\/\/blog.chouynard.ca\/wp-content\/uploads\/2019\/02\/IMG_9330_12-300x214.jpg 300w, https:\/\/blog.chouynard.ca\/wp-content\/uploads\/2019\/02\/IMG_9330_12-768x549.jpg 768w, https:\/\/blog.chouynard.ca\/wp-content\/uploads\/2019\/02\/IMG_9330_12-1024x732.jpg 1024w\" sizes=\"auto, (max-width: 300px) 100vw, 300px\" \/><\/a><p id=\"caption-attachment-2256\" class=\"wp-caption-text\">Autre type de maisons en rang\u00e9e. Photo de 2012<\/p><\/div>\n<div id=\"attachment_2257\" style=\"width: 310px\" class=\"wp-caption alignleft\"><a href=\"https:\/\/blog.chouynard.ca\/?attachment_id=2257\" rel=\"attachment wp-att-2257\"><img loading=\"lazy\" decoding=\"async\" aria-describedby=\"caption-attachment-2257\" class=\"size-medium wp-image-2257\" src=\"https:\/\/blog.chouynard.ca\/wp-content\/uploads\/2019\/02\/IMG_9329_12-300x214.jpg\" alt=\"\" width=\"300\" height=\"214\" srcset=\"https:\/\/blog.chouynard.ca\/wp-content\/uploads\/2019\/02\/IMG_9329_12-300x214.jpg 300w, https:\/\/blog.chouynard.ca\/wp-content\/uploads\/2019\/02\/IMG_9329_12-768x548.jpg 768w, https:\/\/blog.chouynard.ca\/wp-content\/uploads\/2019\/02\/IMG_9329_12-1024x731.jpg 1024w\" sizes=\"auto, (max-width: 300px) 100vw, 300px\" \/><\/a><p id=\"caption-attachment-2257\" class=\"wp-caption-text\">D\u2019autres, comme moi, appr\u00e9ciaient le lieu pour une petite marche de sant\u00e9. Photo de 2012<\/p><\/div>\n<div id=\"attachment_2258\" style=\"width: 310px\" class=\"wp-caption alignright\"><a href=\"https:\/\/blog.chouynard.ca\/?attachment_id=2258\" rel=\"attachment wp-att-2258\"><img loading=\"lazy\" decoding=\"async\" aria-describedby=\"caption-attachment-2258\" class=\"size-medium wp-image-2258\" src=\"https:\/\/blog.chouynard.ca\/wp-content\/uploads\/2019\/02\/IMG_0769_11-300x225.jpg\" alt=\"\" width=\"300\" height=\"225\" srcset=\"https:\/\/blog.chouynard.ca\/wp-content\/uploads\/2019\/02\/IMG_0769_11-300x225.jpg 300w, https:\/\/blog.chouynard.ca\/wp-content\/uploads\/2019\/02\/IMG_0769_11-768x576.jpg 768w, https:\/\/blog.chouynard.ca\/wp-content\/uploads\/2019\/02\/IMG_0769_11.jpg 960w\" sizes=\"auto, (max-width: 300px) 100vw, 300px\" \/><\/a><p id=\"caption-attachment-2258\" class=\"wp-caption-text\">Autres demeures en rang\u00e9e dans la belle lumi\u00e8re de fin d\u2019apr\u00e8s-midi. Photo de 2011<\/p><\/div>\n<div id=\"attachment_2259\" style=\"width: 310px\" class=\"wp-caption alignleft\"><a href=\"https:\/\/blog.chouynard.ca\/?attachment_id=2259\" rel=\"attachment wp-att-2259\"><img loading=\"lazy\" decoding=\"async\" aria-describedby=\"caption-attachment-2259\" class=\"size-medium wp-image-2259\" src=\"https:\/\/blog.chouynard.ca\/wp-content\/uploads\/2019\/02\/IMG_1073_12-300x225.jpg\" alt=\"\" width=\"300\" height=\"225\" srcset=\"https:\/\/blog.chouynard.ca\/wp-content\/uploads\/2019\/02\/IMG_1073_12-300x225.jpg 300w, https:\/\/blog.chouynard.ca\/wp-content\/uploads\/2019\/02\/IMG_1073_12-768x576.jpg 768w, https:\/\/blog.chouynard.ca\/wp-content\/uploads\/2019\/02\/IMG_1073_12.jpg 960w\" sizes=\"auto, (max-width: 300px) 100vw, 300px\" \/><\/a><p id=\"caption-attachment-2259\" class=\"wp-caption-text\">Un vrai jardin o\u00f9 plusieurs auraient aim\u00e9 vivre! Photo de 2012<\/p><\/div>\n<div id=\"attachment_2260\" style=\"width: 310px\" class=\"wp-caption alignright\"><a href=\"https:\/\/blog.chouynard.ca\/?attachment_id=2260\" rel=\"attachment wp-att-2260\"><img loading=\"lazy\" decoding=\"async\" aria-describedby=\"caption-attachment-2260\" class=\"size-medium wp-image-2260\" src=\"https:\/\/blog.chouynard.ca\/wp-content\/uploads\/2019\/02\/IMG_1697_13-300x225.jpg\" alt=\"\" width=\"300\" height=\"225\" srcset=\"https:\/\/blog.chouynard.ca\/wp-content\/uploads\/2019\/02\/IMG_1697_13-300x225.jpg 300w, https:\/\/blog.chouynard.ca\/wp-content\/uploads\/2019\/02\/IMG_1697_13-768x576.jpg 768w, https:\/\/blog.chouynard.ca\/wp-content\/uploads\/2019\/02\/IMG_1697_13-1024x768.jpg 1024w\" sizes=\"auto, (max-width: 300px) 100vw, 300px\" \/><\/a><p id=\"caption-attachment-2260\" class=\"wp-caption-text\">\u00c0 chacun sa demeure, \u00e0 chacun son patio. Photo de 2013<\/p><\/div>\n<div id=\"attachment_2261\" style=\"width: 310px\" class=\"wp-caption alignleft\"><a href=\"https:\/\/blog.chouynard.ca\/?attachment_id=2261\" rel=\"attachment wp-att-2261\"><img loading=\"lazy\" decoding=\"async\" aria-describedby=\"caption-attachment-2261\" class=\"size-medium wp-image-2261\" src=\"https:\/\/blog.chouynard.ca\/wp-content\/uploads\/2019\/02\/IMG_1541_18-300x214.jpg\" alt=\"\" width=\"300\" height=\"214\" srcset=\"https:\/\/blog.chouynard.ca\/wp-content\/uploads\/2019\/02\/IMG_1541_18-300x214.jpg 300w, https:\/\/blog.chouynard.ca\/wp-content\/uploads\/2019\/02\/IMG_1541_18-768x549.jpg 768w, https:\/\/blog.chouynard.ca\/wp-content\/uploads\/2019\/02\/IMG_1541_18-1024x731.jpg 1024w\" sizes=\"auto, (max-width: 300px) 100vw, 300px\" \/><\/a><p id=\"caption-attachment-2261\" class=\"wp-caption-text\">Une belle lumi\u00e8re, une rue tranquille. Photo de 2018<\/p><\/div>\n<div id=\"attachment_2262\" style=\"width: 310px\" class=\"wp-caption alignright\"><a href=\"https:\/\/blog.chouynard.ca\/?attachment_id=2262\" rel=\"attachment wp-att-2262\"><img loading=\"lazy\" decoding=\"async\" aria-describedby=\"caption-attachment-2262\" class=\"size-medium wp-image-2262\" src=\"https:\/\/blog.chouynard.ca\/wp-content\/uploads\/2019\/02\/IMG_3880_15-300x225.jpg\" alt=\"\" width=\"300\" height=\"225\" srcset=\"https:\/\/blog.chouynard.ca\/wp-content\/uploads\/2019\/02\/IMG_3880_15-300x225.jpg 300w, https:\/\/blog.chouynard.ca\/wp-content\/uploads\/2019\/02\/IMG_3880_15-768x576.jpg 768w, https:\/\/blog.chouynard.ca\/wp-content\/uploads\/2019\/02\/IMG_3880_15-1024x768.jpg 1024w\" sizes=\"auto, (max-width: 300px) 100vw, 300px\" \/><\/a><p id=\"caption-attachment-2262\" class=\"wp-caption-text\">Un garage ou un espace de rangement ext\u00e9rieur pour chaque r\u00e9sident. Photo de 2015<\/p><\/div>\n<div id=\"attachment_2263\" style=\"width: 310px\" class=\"wp-caption alignleft\"><a href=\"https:\/\/blog.chouynard.ca\/?attachment_id=2263\" rel=\"attachment wp-att-2263\"><img loading=\"lazy\" decoding=\"async\" aria-describedby=\"caption-attachment-2263\" class=\"size-medium wp-image-2263\" src=\"https:\/\/blog.chouynard.ca\/wp-content\/uploads\/2019\/02\/IMG_0600_11-300x214.jpg\" alt=\"\" width=\"300\" height=\"214\" srcset=\"https:\/\/blog.chouynard.ca\/wp-content\/uploads\/2019\/02\/IMG_0600_11-300x214.jpg 300w, https:\/\/blog.chouynard.ca\/wp-content\/uploads\/2019\/02\/IMG_0600_11-768x549.jpg 768w, https:\/\/blog.chouynard.ca\/wp-content\/uploads\/2019\/02\/IMG_0600_11.jpg 922w\" sizes=\"auto, (max-width: 300px) 100vw, 300px\" \/><\/a><p id=\"caption-attachment-2263\" class=\"wp-caption-text\">Une jolie maison seule, \u00e0 deux \u00e9tages, remplie de soleil. Photo de 2011<\/p><\/div>\n<div id=\"attachment_2264\" style=\"width: 310px\" class=\"wp-caption alignright\"><a href=\"https:\/\/blog.chouynard.ca\/?attachment_id=2264\" rel=\"attachment wp-att-2264\"><img loading=\"lazy\" decoding=\"async\" aria-describedby=\"caption-attachment-2264\" class=\"size-medium wp-image-2264\" src=\"https:\/\/blog.chouynard.ca\/wp-content\/uploads\/2019\/02\/IMG_3881_15-300x214.jpg\" alt=\"\" width=\"300\" height=\"214\" srcset=\"https:\/\/blog.chouynard.ca\/wp-content\/uploads\/2019\/02\/IMG_3881_15-300x214.jpg 300w, https:\/\/blog.chouynard.ca\/wp-content\/uploads\/2019\/02\/IMG_3881_15-768x548.jpg 768w, https:\/\/blog.chouynard.ca\/wp-content\/uploads\/2019\/02\/IMG_3881_15-1024x731.jpg 1024w\" sizes=\"auto, (max-width: 300px) 100vw, 300px\" \/><\/a><p id=\"caption-attachment-2264\" class=\"wp-caption-text\">Toutes pareilles? Non! Mais plusieurs sont sur le m\u00eame mod\u00e8le. Photo de 2015<\/p><\/div>\n<div id=\"attachment_2265\" style=\"width: 310px\" class=\"wp-caption alignleft\"><a href=\"https:\/\/blog.chouynard.ca\/?attachment_id=2265\" rel=\"attachment wp-att-2265\"><img loading=\"lazy\" decoding=\"async\" aria-describedby=\"caption-attachment-2265\" class=\"size-medium wp-image-2265\" src=\"https:\/\/blog.chouynard.ca\/wp-content\/uploads\/2019\/02\/IMG_0770_11-300x225.jpg\" alt=\"\" width=\"300\" height=\"225\" srcset=\"https:\/\/blog.chouynard.ca\/wp-content\/uploads\/2019\/02\/IMG_0770_11-300x225.jpg 300w, https:\/\/blog.chouynard.ca\/wp-content\/uploads\/2019\/02\/IMG_0770_11-768x576.jpg 768w, https:\/\/blog.chouynard.ca\/wp-content\/uploads\/2019\/02\/IMG_0770_11.jpg 960w\" sizes=\"auto, (max-width: 300px) 100vw, 300px\" \/><\/a><p id=\"caption-attachment-2265\" class=\"wp-caption-text\">Des rues tranquilles avec un couvert v\u00e9g\u00e9tal impressionnant. Photo de 2011<\/p><\/div>\n<div id=\"attachment_2266\" style=\"width: 310px\" class=\"wp-caption alignright\"><a href=\"https:\/\/blog.chouynard.ca\/?attachment_id=2266\" rel=\"attachment wp-att-2266\"><img loading=\"lazy\" decoding=\"async\" aria-describedby=\"caption-attachment-2266\" class=\"size-medium wp-image-2266\" src=\"https:\/\/blog.chouynard.ca\/wp-content\/uploads\/2019\/02\/IMG_1075_12-300x225.jpg\" alt=\"\" width=\"300\" height=\"225\" srcset=\"https:\/\/blog.chouynard.ca\/wp-content\/uploads\/2019\/02\/IMG_1075_12-300x225.jpg 300w, https:\/\/blog.chouynard.ca\/wp-content\/uploads\/2019\/02\/IMG_1075_12-768x576.jpg 768w, https:\/\/blog.chouynard.ca\/wp-content\/uploads\/2019\/02\/IMG_1075_12.jpg 960w\" sizes=\"auto, (max-width: 300px) 100vw, 300px\" \/><\/a><p id=\"caption-attachment-2266\" class=\"wp-caption-text\">Des rues tranquilles avec un couvert v\u00e9g\u00e9tal impressionnant (bis). Photo de 2012<\/p><\/div>\n<div id=\"attachment_2267\" style=\"width: 310px\" class=\"wp-caption alignleft\"><a href=\"https:\/\/blog.chouynard.ca\/?attachment_id=2267\" rel=\"attachment wp-att-2267\"><img loading=\"lazy\" decoding=\"async\" aria-describedby=\"caption-attachment-2267\" class=\"size-medium wp-image-2267\" src=\"https:\/\/blog.chouynard.ca\/wp-content\/uploads\/2019\/02\/IMG_1540_18-300x225.jpg\" alt=\"\" width=\"300\" height=\"225\" srcset=\"https:\/\/blog.chouynard.ca\/wp-content\/uploads\/2019\/02\/IMG_1540_18-300x225.jpg 300w, https:\/\/blog.chouynard.ca\/wp-content\/uploads\/2019\/02\/IMG_1540_18-768x576.jpg 768w, https:\/\/blog.chouynard.ca\/wp-content\/uploads\/2019\/02\/IMG_1540_18-1024x768.jpg 1024w\" sizes=\"auto, (max-width: 300px) 100vw, 300px\" \/><\/a><p id=\"caption-attachment-2267\" class=\"wp-caption-text\">Un quartier fant\u00f4me qu\u2019il devenait de plus en plus difficile de camoufler. Photo de 2018<\/p><\/div>\n<div id=\"attachment_2268\" style=\"width: 970px\" class=\"wp-caption aligncenter\"><a href=\"https:\/\/blog.chouynard.ca\/?attachment_id=2268\" rel=\"attachment wp-att-2268\"><img loading=\"lazy\" decoding=\"async\" aria-describedby=\"caption-attachment-2268\" class=\"size-full wp-image-2268\" src=\"https:\/\/blog.chouynard.ca\/wp-content\/uploads\/2019\/02\/IMG_0870_11.jpg\" alt=\"\" width=\"960\" height=\"720\" srcset=\"https:\/\/blog.chouynard.ca\/wp-content\/uploads\/2019\/02\/IMG_0870_11.jpg 960w, https:\/\/blog.chouynard.ca\/wp-content\/uploads\/2019\/02\/IMG_0870_11-300x225.jpg 300w, https:\/\/blog.chouynard.ca\/wp-content\/uploads\/2019\/02\/IMG_0870_11-768x576.jpg 768w\" sizes=\"auto, (max-width: 960px) 100vw, 960px\" \/><\/a><p id=\"caption-attachment-2268\" class=\"wp-caption-text\">Dernier coup d\u2019\u0153il vesp\u00e9ral au quartier pas encore nettoy\u00e9 de ses habitations. Photo de 2011<\/p><\/div>\n","protected":false},"excerpt":{"rendered":"<p>Le village fant\u00f4me du Plateau de Sainte-Foy, qu\u2019on d\u00e9signe parfois de quartier militaire, doit permettre \u00e0 la population environnante de profiter d\u2019une zone verte de plus en plus n\u00e9cessaire compte tenu du d\u00e9veloppement d\u00e9brid\u00e9 des tours d\u2019habitations et de la &hellip; <a href=\"https:\/\/blog.chouynard.ca\/?p=2229\">Continuer la lecture <span class=\"meta-nav\">&rarr;<\/span><\/a><\/p>\n","protected":false},"author":4,"featured_media":0,"comment_status":"open","ping_status":"open","sticky":false,"template":"","format":"standard","meta":{"ngg_post_thumbnail":0,"footnotes":""},"categories":[21,1],"tags":[248,163,261,286,156,213,283,55,284,98,175],"class_list":["post-2229","post","type-post","status-publish","format-standard","hentry","category-billet-2","category-eclectique","tag-arbre","tag-architecture","tag-parc-et-jardin","tag-parc-urbain","tag-patrimoine","tag-plein-air","tag-quartier-militaire","tag-quebec","tag-sainte-foy","tag-sante","tag-urbanite"],"jetpack_featured_media_url":"","_links":{"self":[{"href":"https:\/\/blog.chouynard.ca\/index.php?rest_route=\/wp\/v2\/posts\/2229","targetHints":{"allow":["GET"]}}],"collection":[{"href":"https:\/\/blog.chouynard.ca\/index.php?rest_route=\/wp\/v2\/posts"}],"about":[{"href":"https:\/\/blog.chouynard.ca\/index.php?rest_route=\/wp\/v2\/types\/post"}],"author":[{"embeddable":true,"href":"https:\/\/blog.chouynard.ca\/index.php?rest_route=\/wp\/v2\/users\/4"}],"replies":[{"embeddable":true,"href":"https:\/\/blog.chouynard.ca\/index.php?rest_route=%2Fwp%2Fv2%2Fcomments&post=2229"}],"version-history":[{"count":21,"href":"https:\/\/blog.chouynard.ca\/index.php?rest_route=\/wp\/v2\/posts\/2229\/revisions"}],"predecessor-version":[{"id":2276,"href":"https:\/\/blog.chouynard.ca\/index.php?rest_route=\/wp\/v2\/posts\/2229\/revisions\/2276"}],"wp:attachment":[{"href":"https:\/\/blog.chouynard.ca\/index.php?rest_route=%2Fwp%2Fv2%2Fmedia&parent=2229"}],"wp:term":[{"taxonomy":"category","embeddable":true,"href":"https:\/\/blog.chouynard.ca\/index.php?rest_route=%2Fwp%2Fv2%2Fcategories&post=2229"},{"taxonomy":"post_tag","embeddable":true,"href":"https:\/\/blog.chouynard.ca\/index.php?rest_route=%2Fwp%2Fv2%2Ftags&post=2229"}],"curies":[{"name":"wp","href":"https:\/\/api.w.org\/{rel}","templated":true}]}}