{"id":2282,"date":"2019-04-26T12:47:17","date_gmt":"2019-04-26T16:47:17","guid":{"rendered":"https:\/\/blog.chouynard.ca\/?p=2282"},"modified":"2019-10-05T16:40:16","modified_gmt":"2019-10-05T20:40:16","slug":"expo-artistique-de-sillery-2019","status":"publish","type":"post","link":"https:\/\/blog.chouynard.ca\/?p=2282","title":{"rendered":"Expo artistique de Sillery 2019"},"content":{"rendered":"\n<p><strong>Un rendez-vous pour se laisser inspirer<\/strong><\/p>\n\n\n\n<div class=\"wp-block-image\"><figure class=\"alignright is-resized\"><img loading=\"lazy\" decoding=\"async\" src=\"https:\/\/blog.chouynard.ca\/wp-content\/uploads\/2019\/04\/Affiche-Noel_Brulart-2-194x300.jpg\" alt=\"\" class=\"wp-image-2284\" width=\"381\" height=\"589\" srcset=\"https:\/\/blog.chouynard.ca\/wp-content\/uploads\/2019\/04\/Affiche-Noel_Brulart-2-194x300.jpg 194w, https:\/\/blog.chouynard.ca\/wp-content\/uploads\/2019\/04\/Affiche-Noel_Brulart-2-768x1186.jpg 768w, https:\/\/blog.chouynard.ca\/wp-content\/uploads\/2019\/04\/Affiche-Noel_Brulart-2-663x1024.jpg 663w\" sizes=\"auto, (max-width: 381px) 100vw, 381px\" \/><\/figure><\/div>\n\n\n\n<p>Les artistes et artisans qui ont \u0153uvr\u00e9 aux diff\u00e9rents ateliers du Centre No\u00ebl-Brulart depuis mai 2018 ont le plaisir d\u2019inviter la population a venir constater le travail accompli depuis le printemps dernier dans leurs diff\u00e9rents domaines de cr\u00e9ation. Comme \u00e0 l\u2019habitude toute une fin de semaine est r\u00e9serv\u00e9e \u00e0 cette activit\u00e9 tr\u00e8s appr\u00e9ci\u00e9e de la population environnante.<br> Pour l\u2019occasion, tous les groupes artistiques du Centre seront pr\u00e9sents pour accueillir les visiteurs, faire des d\u00e9monstrations de travail et \u00e9changer directement avec tous ceux qui se montreront curieux d\u2019en savoir plus long sur les \u0153uvres expos\u00e9es ou les techniques de production. Lesdits groupes artistiques sont la Guilde des denteli\u00e8res et brodeuses, la Ruche (tissage), le club Photo F.1, l\u2019\u00e9cole de vitrail Carole Deslauriers, les ateliers Teresa Pacheco (peinture) et la Guilde des Courtepointi\u00e8res appliqu\u00e9es.L\u2019exposition se poursuit le vendredi 3 mai en soir\u00e9e ainsi que les samedi et dimanche, 4 et 5 mai, en apr\u00e8s-midi.Le Centre communautaire No\u00ebl-Brulart est situ\u00e9 au 1229 avenue du Chanoine-Morel \u00e0 Qu\u00e9bec. Toute la population est invit\u00e9e \u00e0 cet \u00e9v\u00e9nement annuel gratuit et\u2026 inspirant!<\/p>\n","protected":false},"excerpt":{"rendered":"<p>Un rendez-vous pour se laisser inspirer Les artistes et artisans qui ont \u0153uvr\u00e9 aux diff\u00e9rents ateliers du Centre No\u00ebl-Brulart depuis mai 2018 ont le plaisir d\u2019inviter la population a venir constater le travail accompli depuis le printemps dernier dans leurs &hellip; <a href=\"https:\/\/blog.chouynard.ca\/?p=2282\">Continuer la lecture <span class=\"meta-nav\">&rarr;<\/span><\/a><\/p>\n","protected":false},"author":4,"featured_media":0,"comment_status":"open","ping_status":"open","sticky":false,"template":"","format":"standard","meta":{"ngg_post_thumbnail":0,"footnotes":""},"categories":[22],"tags":[40,43],"class_list":["post-2282","post","type-post","status-publish","format-standard","hentry","category-annonce","tag-arts-visuels","tag-ateliers-t-pacheco"],"jetpack_featured_media_url":"","_links":{"self":[{"href":"https:\/\/blog.chouynard.ca\/index.php?rest_route=\/wp\/v2\/posts\/2282","targetHints":{"allow":["GET"]}}],"collection":[{"href":"https:\/\/blog.chouynard.ca\/index.php?rest_route=\/wp\/v2\/posts"}],"about":[{"href":"https:\/\/blog.chouynard.ca\/index.php?rest_route=\/wp\/v2\/types\/post"}],"author":[{"embeddable":true,"href":"https:\/\/blog.chouynard.ca\/index.php?rest_route=\/wp\/v2\/users\/4"}],"replies":[{"embeddable":true,"href":"https:\/\/blog.chouynard.ca\/index.php?rest_route=%2Fwp%2Fv2%2Fcomments&post=2282"}],"version-history":[{"count":7,"href":"https:\/\/blog.chouynard.ca\/index.php?rest_route=\/wp\/v2\/posts\/2282\/revisions"}],"predecessor-version":[{"id":2290,"href":"https:\/\/blog.chouynard.ca\/index.php?rest_route=\/wp\/v2\/posts\/2282\/revisions\/2290"}],"wp:attachment":[{"href":"https:\/\/blog.chouynard.ca\/index.php?rest_route=%2Fwp%2Fv2%2Fmedia&parent=2282"}],"wp:term":[{"taxonomy":"category","embeddable":true,"href":"https:\/\/blog.chouynard.ca\/index.php?rest_route=%2Fwp%2Fv2%2Fcategories&post=2282"},{"taxonomy":"post_tag","embeddable":true,"href":"https:\/\/blog.chouynard.ca\/index.php?rest_route=%2Fwp%2Fv2%2Ftags&post=2282"}],"curies":[{"name":"wp","href":"https:\/\/api.w.org\/{rel}","templated":true}]}}