{"id":2317,"date":"2019-10-30T17:34:28","date_gmt":"2019-10-30T21:34:28","guid":{"rendered":"https:\/\/blog.chouynard.ca\/?p=2317"},"modified":"2020-04-19T17:21:32","modified_gmt":"2020-04-19T21:21:32","slug":"image-de-la-semaine-30-octobre-2019","status":"publish","type":"post","link":"https:\/\/blog.chouynard.ca\/?p=2317","title":{"rendered":"Image de la semaine &#8211; 30 octobre  2019"},"content":{"rendered":"\n<p><\/p>\n\n\n\n<p><strong>Gasp\u00e9, quartier de la Petite-France<\/strong><\/p>\n\n\n\n<p>Alors que j\u2019\u00e9tais encore \u00e9tudiant \u00e0 l\u2019Universit\u00e9 Laval, au d\u00e9but de la fondation d\u2019une famille avec d\u00e9j\u00e0 deux poupons, j\u2019ai eu l\u2019occasion de demeurer quelques ann\u00e9es au terme d\u2019une petite rue de la municipalit\u00e9 de Gasp\u00e9. On la connaissait alors sous le nom de rue Nicolas, dans le quartier dit de la <em>Petite-France<\/em>. <\/p>\n\n\n\n<figure class=\"wp-block-image\"><a href=\"https:\/\/blog.chouynard.ca\/wp-content\/uploads\/2019\/10\/RueNicolasGaspe1976A.jpeg\"><img loading=\"lazy\" decoding=\"async\" width=\"1024\" height=\"577\" src=\"https:\/\/blog.chouynard.ca\/wp-content\/uploads\/2019\/10\/RueNicolasGaspe1976A-1024x577.jpeg\" alt=\"\" class=\"wp-image-2320\" srcset=\"https:\/\/blog.chouynard.ca\/wp-content\/uploads\/2019\/10\/RueNicolasGaspe1976A-1024x577.jpeg 1024w, https:\/\/blog.chouynard.ca\/wp-content\/uploads\/2019\/10\/RueNicolasGaspe1976A-300x169.jpeg 300w, https:\/\/blog.chouynard.ca\/wp-content\/uploads\/2019\/10\/RueNicolasGaspe1976A-768x433.jpeg 768w\" sizes=\"auto, (max-width: 1024px) 100vw, 1024px\" \/><\/a><figcaption>Une magnifique journ\u00e9e d\u2019hiver sur la rue Nicolas-Denys. La photo semble avoir \u00e9t\u00e9 prise \u00e0 travers un moustiquaire, ce qui lui donne cet aspect un peu \u00e9trange. Photo prise en 1976<\/figcaption><\/figure>\n\n\n\n<p>Une rue tranquille qui ne d\u00e9bouchait pas ou alors dans la cour arri\u00e8re d\u2019une maison o\u00f9 j\u2019avais plein d\u2019amis, un peu parent de la fesse gauche comme on dit : la maman \u00e9tait cousine germaine de mon papa. J\u2019ai particuli\u00e8rement appr\u00e9ci\u00e9 rester dans cette maison carr\u00e9e \u00e0 deux \u00e9tages qui n\u2019\u00e9tait pas tr\u00e8s r\u00e9cente mais o\u00f9 la petite famille et moi nous nous sentions bien. \u00c0 cette \u00e9poque, j&rsquo;ai d\u00e9nich\u00e9 mon premier emploi s\u00e9rieux : journaliste-reporter pour l\u2019hebdomadaire Le Pharillon-Voyageur. J\u2019y suis rest\u00e9 de d\u00e9cembre 1975 \u00e0 septembre 1976, avant de retourner finaliser un second degr\u00e9 universitaire \u00e0 Qu\u00e9bec.<br>Pour revenir \u00e0 la rue Nicolas, celle-ci avait \u00e9t\u00e9 nomm\u00e9e en l\u2019honneur d\u2019un personnage historique, l\u2019explorateur Nicolas Denys (1603-1688). Plus connu pour ses liens avec l\u2019Acadie, il \u00e9tait originaire de Tours, la m\u00eame r\u00e9gion fran\u00e7aise que mes propres anc\u00eatres Chouinard. En 1653 Nicolas Denys s\u2019est vu accord\u00e9 par la Compagnie de la Nouvelle-France, tous les droits de p\u00eache sur les c\u00f4te et les \u00eeles du Golfe Saint-Laurent et de l\u2019Atlantique du Cap-Canseau en Nouvelle-\u00c9cosse  jusqu\u2019\u00e0 Cap-des-Rosiers dans la p\u00e9ninsule de Forillon en Gasp\u00e9sie. De l\u00e0, probablement, la reconnaissance qu\u2019on lui accorda en nommant une rue \u00e0 son nom \u00e0 Gasp\u00e9. <\/p>\n","protected":false},"excerpt":{"rendered":"<p>Gasp\u00e9, quartier de la Petite-France Alors que j\u2019\u00e9tais encore \u00e9tudiant \u00e0 l\u2019Universit\u00e9 Laval, au d\u00e9but de la fondation d\u2019une famille avec d\u00e9j\u00e0 deux poupons, j\u2019ai eu l\u2019occasion de demeurer quelques ann\u00e9es au terme d\u2019une petite rue de la municipalit\u00e9 de &hellip; <a href=\"https:\/\/blog.chouynard.ca\/?p=2317\">Continuer la lecture <span class=\"meta-nav\">&rarr;<\/span><\/a><\/p>\n","protected":false},"author":4,"featured_media":0,"comment_status":"open","ping_status":"open","sticky":false,"template":"","format":"standard","meta":{"ngg_post_thumbnail":0,"footnotes":""},"categories":[1,145,123],"tags":[75,290,117],"class_list":["post-2317","post","type-post","status-publish","format-standard","hentry","category-eclectique","category-photo-de-la-semaine","category-souvenir","tag-gaspe","tag-histoire","tag-hiver"],"jetpack_featured_media_url":"","_links":{"self":[{"href":"https:\/\/blog.chouynard.ca\/index.php?rest_route=\/wp\/v2\/posts\/2317","targetHints":{"allow":["GET"]}}],"collection":[{"href":"https:\/\/blog.chouynard.ca\/index.php?rest_route=\/wp\/v2\/posts"}],"about":[{"href":"https:\/\/blog.chouynard.ca\/index.php?rest_route=\/wp\/v2\/types\/post"}],"author":[{"embeddable":true,"href":"https:\/\/blog.chouynard.ca\/index.php?rest_route=\/wp\/v2\/users\/4"}],"replies":[{"embeddable":true,"href":"https:\/\/blog.chouynard.ca\/index.php?rest_route=%2Fwp%2Fv2%2Fcomments&post=2317"}],"version-history":[{"count":4,"href":"https:\/\/blog.chouynard.ca\/index.php?rest_route=\/wp\/v2\/posts\/2317\/revisions"}],"predecessor-version":[{"id":2483,"href":"https:\/\/blog.chouynard.ca\/index.php?rest_route=\/wp\/v2\/posts\/2317\/revisions\/2483"}],"wp:attachment":[{"href":"https:\/\/blog.chouynard.ca\/index.php?rest_route=%2Fwp%2Fv2%2Fmedia&parent=2317"}],"wp:term":[{"taxonomy":"category","embeddable":true,"href":"https:\/\/blog.chouynard.ca\/index.php?rest_route=%2Fwp%2Fv2%2Fcategories&post=2317"},{"taxonomy":"post_tag","embeddable":true,"href":"https:\/\/blog.chouynard.ca\/index.php?rest_route=%2Fwp%2Fv2%2Ftags&post=2317"}],"curies":[{"name":"wp","href":"https:\/\/api.w.org\/{rel}","templated":true}]}}