{"id":2324,"date":"2019-11-16T19:28:04","date_gmt":"2019-11-16T23:28:04","guid":{"rendered":"https:\/\/blog.chouynard.ca\/?p=2324"},"modified":"2020-04-19T17:21:16","modified_gmt":"2020-04-19T21:21:16","slug":"image-de-la-semaine-10-novembre-2019","status":"publish","type":"post","link":"https:\/\/blog.chouynard.ca\/?p=2324","title":{"rendered":"Image de la semaine &#8211; 10 novembre  2019"},"content":{"rendered":"\n<p><strong>Oiseaux de neige<\/strong><\/p>\n\n\n\n<p>La premi\u00e8re neige nous est tomb\u00e9 dessus \u00e0 l\u2019improviste cet automne. Les semaines et  les jours pr\u00e9c\u00e9dents ne nous donnaient pas \u00e0 penser que la blanche surprise s\u2019am\u00e8nerait de mani\u00e8re aussi marqu\u00e9e, cat\u00e9gorique m\u00eame. Qu\u2019importe, il faut r\u00e9ussir \u00e0 prendre le ph\u00e9nom\u00e8ne avec philosophie et se consoler en pensant que c\u2019est un passage oblig\u00e9 comme un autre. Au moins, tous ceux qui prisent vraiment les activit\u00e9s de plein air seront plus vite combl\u00e9s cette ann\u00e9e.<\/p>\n\n\n\n<figure class=\"wp-block-image\"><a href=\"https:\/\/blog.chouynard.ca\/wp-content\/uploads\/2019\/11\/FloconsArbres2019.jpg\"><img loading=\"lazy\" decoding=\"async\" width=\"1024\" height=\"768\" src=\"https:\/\/blog.chouynard.ca\/wp-content\/uploads\/2019\/11\/FloconsArbres2019-1024x768.jpg\" alt=\"\" class=\"wp-image-2326\" srcset=\"https:\/\/blog.chouynard.ca\/wp-content\/uploads\/2019\/11\/FloconsArbres2019-1024x768.jpg 1024w, https:\/\/blog.chouynard.ca\/wp-content\/uploads\/2019\/11\/FloconsArbres2019-300x225.jpg 300w, https:\/\/blog.chouynard.ca\/wp-content\/uploads\/2019\/11\/FloconsArbres2019-768x576.jpg 768w\" sizes=\"auto, (max-width: 1024px) 100vw, 1024px\" \/><\/a><figcaption>Les oiseaux se font plus rares en hiver. Il n\u2019y en a peut-\u00eatre pas beaucoup sur la photographie mais avec un brin d\u2019imagination, les nombreuses petites accumulations de neige fra\u00eeche dans ces branches pourraient passer pour un regroupement de Bruants des neiges (<em>Plectrophenax nivalis<\/em>) qui gazouilles et qui sautent de branche en branche.  Photo prise en 2019<\/figcaption><\/figure>\n\n\n\n<p>Pour les amateurs d\u2019ornithologie par exemple, il y a entre autres ces petits oiseaux nomm\u00e9s Bruants des neiges qu\u2019il est tr\u00e8s int\u00e9ressant d\u2019observer. Au passage j\u2019aimerais signaler un article sur cet oiseau en particulier de l\u2019historien Jean Provencher paru sur son site en 2011 (<a rel=\"noreferrer noopener\" aria-label=\"lire l\u2019article (opens in a new tab)\" href=\"https:\/\/jeanprovencher.com\/2011\/12\/16\/le-petit-oiseau-des-neiges\/\" target=\"_blank\">lire l\u2019article<\/a>). On y trouve d\u2019entr\u00e9e de jeu une citation de Claude M\u00e9lan\u00e7on qu\u2019il me pla\u00eet de reprendre ici :&nbsp;: \u00abComment ne pas accepter le long hiver canadien avec un sourire r\u00e9sign\u00e9 quand nous voyons cette boule de duvet, ce souffle de vie animale, jouer dans la poudrerie et gazouiller joyeusement sous un ciel de plomb.\u00bb<\/p>\n","protected":false},"excerpt":{"rendered":"<p>Oiseaux de neige La premi\u00e8re neige nous est tomb\u00e9 dessus \u00e0 l\u2019improviste cet automne. Les semaines et les jours pr\u00e9c\u00e9dents ne nous donnaient pas \u00e0 penser que la blanche surprise s\u2019am\u00e8nerait de mani\u00e8re aussi marqu\u00e9e, cat\u00e9gorique m\u00eame. Qu\u2019importe, il faut &hellip; <a href=\"https:\/\/blog.chouynard.ca\/?p=2324\">Continuer la lecture <span class=\"meta-nav\">&rarr;<\/span><\/a><\/p>\n","protected":false},"author":4,"featured_media":0,"comment_status":"open","ping_status":"open","sticky":false,"template":"","format":"standard","meta":{"ngg_post_thumbnail":0,"footnotes":""},"categories":[1,145],"tags":[117,184,292],"class_list":["post-2324","post","type-post","status-publish","format-standard","hentry","category-eclectique","category-photo-de-la-semaine","tag-hiver","tag-neige","tag-oiseau"],"jetpack_featured_media_url":"","_links":{"self":[{"href":"https:\/\/blog.chouynard.ca\/index.php?rest_route=\/wp\/v2\/posts\/2324","targetHints":{"allow":["GET"]}}],"collection":[{"href":"https:\/\/blog.chouynard.ca\/index.php?rest_route=\/wp\/v2\/posts"}],"about":[{"href":"https:\/\/blog.chouynard.ca\/index.php?rest_route=\/wp\/v2\/types\/post"}],"author":[{"embeddable":true,"href":"https:\/\/blog.chouynard.ca\/index.php?rest_route=\/wp\/v2\/users\/4"}],"replies":[{"embeddable":true,"href":"https:\/\/blog.chouynard.ca\/index.php?rest_route=%2Fwp%2Fv2%2Fcomments&post=2324"}],"version-history":[{"count":7,"href":"https:\/\/blog.chouynard.ca\/index.php?rest_route=\/wp\/v2\/posts\/2324\/revisions"}],"predecessor-version":[{"id":2482,"href":"https:\/\/blog.chouynard.ca\/index.php?rest_route=\/wp\/v2\/posts\/2324\/revisions\/2482"}],"wp:attachment":[{"href":"https:\/\/blog.chouynard.ca\/index.php?rest_route=%2Fwp%2Fv2%2Fmedia&parent=2324"}],"wp:term":[{"taxonomy":"category","embeddable":true,"href":"https:\/\/blog.chouynard.ca\/index.php?rest_route=%2Fwp%2Fv2%2Fcategories&post=2324"},{"taxonomy":"post_tag","embeddable":true,"href":"https:\/\/blog.chouynard.ca\/index.php?rest_route=%2Fwp%2Fv2%2Ftags&post=2324"}],"curies":[{"name":"wp","href":"https:\/\/api.w.org\/{rel}","templated":true}]}}