{"id":2352,"date":"2019-12-15T15:53:56","date_gmt":"2019-12-15T20:53:56","guid":{"rendered":"https:\/\/blog.chouynard.ca\/?p=2352"},"modified":"2020-04-19T17:20:17","modified_gmt":"2020-04-19T21:20:17","slug":"image-de-la-semaine-15-decembre-2019","status":"publish","type":"post","link":"https:\/\/blog.chouynard.ca\/?p=2352","title":{"rendered":"Image de la semaine &#8211; 15 d\u00e9cembre  2019"},"content":{"rendered":"\n<p><strong>Qui ne fait qu\u2019un?<\/strong><\/p>\n\n\n\n<p>En 1995, l\u2019inauguration du parc de l\u2019Am\u00e9rique-Latine \u00e0 l\u2019embouchure de la rivi\u00e8re Saint-Charles dans la basse-ville de Qu\u00e9bec proposait un nouveau lieu de d\u00e9tente aux r\u00e9sidents et au visiteurs de la Vieille Capitale mais montrait aussi une ouverture r\u00e9elle aux pays latins de l\u2019Am\u00e9rique. La plaque comm\u00e9morative de cette inauguration pose m\u00eame les Qu\u00e9b\u00e9cois comme des \u00abLatins du Nord\u00bb. Rien de moins.<br> Depuis, de nombreux monuments, bustes et statues ont \u00e9t\u00e9 int\u00e9gr\u00e9s au parc, g\u00e9n\u00e9ralement offerts par des gouvernements des pays latins du sud, dont une grande statue \u00e9questre du <em>Libertador Sim\u00f3n Bol\u00edvar<\/em>, offerte par le Venezuela.<\/p>\n\n\n\n<div class=\"wp-block-image\"><figure class=\"aligncenter size-large\"><a href=\"https:\/\/blog.chouynard.ca\/wp-content\/uploads\/2019\/12\/O_Higgins2012.jpg\"><img loading=\"lazy\" decoding=\"async\" width=\"768\" height=\"1024\" src=\"https:\/\/blog.chouynard.ca\/wp-content\/uploads\/2019\/12\/O_Higgins2012-768x1024.jpg\" alt=\"\" class=\"wp-image-2353\" srcset=\"https:\/\/blog.chouynard.ca\/wp-content\/uploads\/2019\/12\/O_Higgins2012-768x1024.jpg 768w, https:\/\/blog.chouynard.ca\/wp-content\/uploads\/2019\/12\/O_Higgins2012-225x300.jpg 225w, https:\/\/blog.chouynard.ca\/wp-content\/uploads\/2019\/12\/O_Higgins2012.jpg 960w\" sizes=\"auto, (max-width: 768px) 100vw, 768px\" \/><\/a><figcaption>La statue \u00e9questre O\u2019Higgins vu de profil. Ce h\u00e9ros de l\u2019ind\u00e9pendance du Chili a notamment instaur\u00e9 une marine chilienne digne de ce nom. Il a v\u00e9cu de 1778 \u00e0 1842. Le monument a \u00e9t\u00e9 offert par le Chili et d\u00e9voil\u00e9 en juin 2008. Photo prise en 2012<\/figcaption><\/figure><\/div>\n\n\n<p><\/p><p>En cette fin d\u2019ann\u00e9e 2019, alors que tant de probl\u00e8mes sociaux, \u00e9conomiques, politiques et \u00e9cologiques assaillent plusieurs pays de nos cousins latins d\u2019Am\u00e9rique, je voudrais leur offrir les pens\u00e9es positives de nombreux compatriotes du Nord afin que se r\u00e8glent sans violence ces probl\u00e9matiques malheureuses.<\/p>\n<p><!--more--><\/p>\n<p> \u00c0 tous mes amis et connaissances Latins du Sud, \u00e0 leur famille et amis, je leur souhaite le retour tr\u00e8s prochain d\u2019une paix durable. <\/p>\n\n\n<figure class=\"wp-block-image size-large\"><img loading=\"lazy\" decoding=\"async\" width=\"1024\" height=\"768\" src=\"https:\/\/blog.chouynard.ca\/wp-content\/uploads\/2019\/12\/OEquestre2012-1024x768.jpg\" alt=\"\" class=\"wp-image-2355\" srcset=\"https:\/\/blog.chouynard.ca\/wp-content\/uploads\/2019\/12\/OEquestre2012-1024x768.jpg 1024w, https:\/\/blog.chouynard.ca\/wp-content\/uploads\/2019\/12\/OEquestre2012-300x225.jpg 300w, https:\/\/blog.chouynard.ca\/wp-content\/uploads\/2019\/12\/OEquestre2012-768x576.jpg 768w, https:\/\/blog.chouynard.ca\/wp-content\/uploads\/2019\/12\/OEquestre2012.jpg 1280w\" sizes=\"auto, (max-width: 1024px) 100vw, 1024px\" \/><figcaption>La statue \u00e9questre O\u2019Higgins vue de profil. Ce h\u00e9ros de l\u2019ind\u00e9pendance du Chili a notamment instaur\u00e9 une marine chilienne digne de ce nom. Il a v\u00e9cu de 1778 \u00e0 1842. Le monument a \u00e9t\u00e9 d\u00e9voil\u00e9 en juin 2008. Photo prise en 2012<\/figcaption><\/figure>\n\n\n\n<p>La Commission de la capitale nationale du Qu\u00e9bec g\u00e8re le parc de l\u2019Am\u00e9rique-Latine. <a rel=\"noreferrer noopener\" aria-label=\"Consultez son site (opens in a new tab)\" href=\"https:\/\/www.capitale.gouv.qc.ca\/nos-parcs\/parcs\/parc-de-l-amerique-latine\" target=\"_blank\">Consultez son site<\/a> pour en savoir plus. Ce parc m\u00e9rite d\u2019\u00eatre d\u00e9couvert, en voici la <a href=\"https:\/\/www.google.ca\/maps\/place\/Parc+de+l'Am%C3%A9rique-Latine\/@46.8202783,-71.2166667,17z\/data=!4m5!3m4!1s0x4cb8960b7455d5cd:0x8a970d0a2b70ec7f!8m2!3d46.8196858!4d-71.2165496?hl=fr\" target=\"_blank\" rel=\"noreferrer noopener\" aria-label=\"localisation (opens in a new tab)\">localisation<\/a>.<\/p>\n","protected":false},"excerpt":{"rendered":"<p>Qui ne fait qu\u2019un? En 1995, l\u2019inauguration du parc de l\u2019Am\u00e9rique-Latine \u00e0 l\u2019embouchure de la rivi\u00e8re Saint-Charles dans la basse-ville de Qu\u00e9bec proposait un nouveau lieu de d\u00e9tente aux r\u00e9sidents et au visiteurs de la Vieille Capitale mais montrait aussi &hellip; <a href=\"https:\/\/blog.chouynard.ca\/?p=2352\">Continuer la lecture <span class=\"meta-nav\">&rarr;<\/span><\/a><\/p>\n","protected":false},"author":4,"featured_media":0,"comment_status":"open","ping_status":"open","sticky":false,"template":"","format":"standard","meta":{"ngg_post_thumbnail":0,"footnotes":""},"categories":[1,145],"tags":[304,300,302,261,55,57,298,301],"class_list":["post-2352","post","type-post","status-publish","format-standard","hentry","category-eclectique","category-photo-de-la-semaine","tag-amerique","tag-chili","tag-latin","tag-parc-et-jardin","tag-quebec","tag-riviere","tag-simon-bolivar","tag-venezuela"],"jetpack_featured_media_url":"","_links":{"self":[{"href":"https:\/\/blog.chouynard.ca\/index.php?rest_route=\/wp\/v2\/posts\/2352","targetHints":{"allow":["GET"]}}],"collection":[{"href":"https:\/\/blog.chouynard.ca\/index.php?rest_route=\/wp\/v2\/posts"}],"about":[{"href":"https:\/\/blog.chouynard.ca\/index.php?rest_route=\/wp\/v2\/types\/post"}],"author":[{"embeddable":true,"href":"https:\/\/blog.chouynard.ca\/index.php?rest_route=\/wp\/v2\/users\/4"}],"replies":[{"embeddable":true,"href":"https:\/\/blog.chouynard.ca\/index.php?rest_route=%2Fwp%2Fv2%2Fcomments&post=2352"}],"version-history":[{"count":14,"href":"https:\/\/blog.chouynard.ca\/index.php?rest_route=\/wp\/v2\/posts\/2352\/revisions"}],"predecessor-version":[{"id":2479,"href":"https:\/\/blog.chouynard.ca\/index.php?rest_route=\/wp\/v2\/posts\/2352\/revisions\/2479"}],"wp:attachment":[{"href":"https:\/\/blog.chouynard.ca\/index.php?rest_route=%2Fwp%2Fv2%2Fmedia&parent=2352"}],"wp:term":[{"taxonomy":"category","embeddable":true,"href":"https:\/\/blog.chouynard.ca\/index.php?rest_route=%2Fwp%2Fv2%2Fcategories&post=2352"},{"taxonomy":"post_tag","embeddable":true,"href":"https:\/\/blog.chouynard.ca\/index.php?rest_route=%2Fwp%2Fv2%2Ftags&post=2352"}],"curies":[{"name":"wp","href":"https:\/\/api.w.org\/{rel}","templated":true}]}}