{"id":2375,"date":"2019-12-21T16:55:21","date_gmt":"2019-12-21T21:55:21","guid":{"rendered":"https:\/\/blog.chouynard.ca\/?p=2375"},"modified":"2020-04-19T17:19:54","modified_gmt":"2020-04-19T21:19:54","slug":"image-de-la-semaine-21-decembre-2019","status":"publish","type":"post","link":"https:\/\/blog.chouynard.ca\/?p=2375","title":{"rendered":"Image de la semaine &#8211; 21 d\u00e9cembre  2019"},"content":{"rendered":"\n<p><strong>As-tu \u00e9t\u00e9 sage?<\/strong><\/p>\n\n\n\n<p>Question traditionnelle du P\u00e8re No\u00ebl de centre commercial aux jeunes visiteurs. Le cas \u00e9ch\u00e9ant, \u00e0 chacun de lui r\u00e9pondre selon sa propre perception de la sagesse. <\/p>\n\n\n\n<figure class=\"wp-block-image size-large\"><a href=\"https:\/\/blog.chouynard.ca\/wp-content\/uploads\/2019\/12\/BomNoelNY2008.jpg\"><img loading=\"lazy\" decoding=\"async\" width=\"802\" height=\"1024\" src=\"https:\/\/blog.chouynard.ca\/wp-content\/uploads\/2019\/12\/BomNoelNY2008-802x1024.jpg\" alt=\"\" class=\"wp-image-2374\" srcset=\"https:\/\/blog.chouynard.ca\/wp-content\/uploads\/2019\/12\/BomNoelNY2008-802x1024.jpg 802w, https:\/\/blog.chouynard.ca\/wp-content\/uploads\/2019\/12\/BomNoelNY2008-235x300.jpg 235w, https:\/\/blog.chouynard.ca\/wp-content\/uploads\/2019\/12\/BomNoelNY2008-768x980.jpg 768w, https:\/\/blog.chouynard.ca\/wp-content\/uploads\/2019\/12\/BomNoelNY2008.jpg 879w\" sizes=\"auto, (max-width: 802px) 100vw, 802px\" \/><\/a><figcaption><em>Bien que ce P\u00e8re No\u00ebl puisse para\u00eetre un brin irrespectueux, il n\u2019en est rien si on connait le contexte de cette posture. En effet, celui-ci s\u2019appr\u00eate simplement, avec d\u2019autres p\u00e8res No\u00ebl de son groupe, \u00e0 effectuer quelques pas de breakdance devant un attroupement dans une rue de Manhattan. Photo prise en 2008<\/em><\/figcaption><\/figure>\n\n\n\n<p>Pour ma part, je pense que la sagesse est bel et bien pr\u00e9sente chez les tout-petits, mais qu\u2019elle se devrait de prendre de l\u2019envergure et de l\u2019ampleur avec l\u2019\u00e2ge et l\u2019exp\u00e9rience. Malheureusement, pour certains, \u00e0 en juger par plusieurs gazouillis ou autres d\u00e9clarations que l\u2019on retrouve sur les m\u00e9dias sociaux, cela semble plus laborieux et m\u00eame hors de port\u00e9e. Bien qu\u2019attristant, ce trait du paysage social et m\u00e9diatique contemporain n\u2019est pas irr\u00e9m\u00e9diable. Il m\u00e9rite plut\u00f4t que chacun s\u2019y arr\u00eate et tente de l\u2019am\u00e9liorer dans la mesure de ses possibilit\u00e9s. <\/p>\n\n\n\n<div class=\"wp-block-group\"><div class=\"wp-block-group__inner-container is-layout-flow wp-block-group-is-layout-flow\">\n<!--more-->\n\n\n\n<p class=\"has-text-align-left\">Comme le souhaitait l\u2019adage jud\u00e9o-chr\u00e9tien d\u2019autrefois clamons : \u00ab<strong>Paix sur la terre aux Hommes de bonne volont\u00e9!<\/strong>\u00bb(Aujourd\u2019hui, on dirait probablement \u00abaux personnes\u00bb). Si chacun faisait un effort pour se mettre \u00e0  la place de l\u2019autre et de comprendre sa r\u00e9alit\u00e9. Si chacun visait plut\u00f4t le dialogue que la confrontation ou l\u2019insulte, nous ferions des pas certains vers cette paix qui ne peut manquer de nous appeler en tant qu\u2019\u00eatres humains.<\/p>\n<\/div><\/div>\n\n\n\n<p class=\"has-text-align-center\"> <strong>\u00abPaz en la tierra a los hombres de buena voluntad!\u00bb<br> \u00abPeace on earth to men of good will!\u00bb<\/strong><\/p>\n","protected":false},"excerpt":{"rendered":"<p>As-tu \u00e9t\u00e9 sage? Question traditionnelle du P\u00e8re No\u00ebl de centre commercial aux jeunes visiteurs. Le cas \u00e9ch\u00e9ant, \u00e0 chacun de lui r\u00e9pondre selon sa propre perception de la sagesse. Pour ma part, je pense que la sagesse est bel et &hellip; <a href=\"https:\/\/blog.chouynard.ca\/?p=2375\">Continuer la lecture <span class=\"meta-nav\">&rarr;<\/span><\/a><\/p>\n","protected":false},"author":4,"featured_media":0,"comment_status":"open","ping_status":"open","sticky":false,"template":"","format":"standard","meta":{"ngg_post_thumbnail":0,"footnotes":""},"categories":[1,145],"tags":[308,305,122,309,306],"class_list":["post-2375","post","type-post","status-publish","format-standard","hentry","category-eclectique","category-photo-de-la-semaine","tag-medias-sociaux","tag-new-york","tag-noel","tag-paix","tag-sagesse"],"jetpack_featured_media_url":"","_links":{"self":[{"href":"https:\/\/blog.chouynard.ca\/index.php?rest_route=\/wp\/v2\/posts\/2375","targetHints":{"allow":["GET"]}}],"collection":[{"href":"https:\/\/blog.chouynard.ca\/index.php?rest_route=\/wp\/v2\/posts"}],"about":[{"href":"https:\/\/blog.chouynard.ca\/index.php?rest_route=\/wp\/v2\/types\/post"}],"author":[{"embeddable":true,"href":"https:\/\/blog.chouynard.ca\/index.php?rest_route=\/wp\/v2\/users\/4"}],"replies":[{"embeddable":true,"href":"https:\/\/blog.chouynard.ca\/index.php?rest_route=%2Fwp%2Fv2%2Fcomments&post=2375"}],"version-history":[{"count":7,"href":"https:\/\/blog.chouynard.ca\/index.php?rest_route=\/wp\/v2\/posts\/2375\/revisions"}],"predecessor-version":[{"id":2478,"href":"https:\/\/blog.chouynard.ca\/index.php?rest_route=\/wp\/v2\/posts\/2375\/revisions\/2478"}],"wp:attachment":[{"href":"https:\/\/blog.chouynard.ca\/index.php?rest_route=%2Fwp%2Fv2%2Fmedia&parent=2375"}],"wp:term":[{"taxonomy":"category","embeddable":true,"href":"https:\/\/blog.chouynard.ca\/index.php?rest_route=%2Fwp%2Fv2%2Fcategories&post=2375"},{"taxonomy":"post_tag","embeddable":true,"href":"https:\/\/blog.chouynard.ca\/index.php?rest_route=%2Fwp%2Fv2%2Ftags&post=2375"}],"curies":[{"name":"wp","href":"https:\/\/api.w.org\/{rel}","templated":true}]}}