{"id":2388,"date":"2020-01-25T14:42:32","date_gmt":"2020-01-25T19:42:32","guid":{"rendered":"https:\/\/blog.chouynard.ca\/?p=2388"},"modified":"2020-04-19T17:19:13","modified_gmt":"2020-04-19T21:19:13","slug":"image-de-la-semaine-25-janvier-2020","status":"publish","type":"post","link":"https:\/\/blog.chouynard.ca\/?p=2388","title":{"rendered":"Image de la semaine &#8211;  25 janvier  2020"},"content":{"rendered":"\n<p><strong>Recyclez qu\u2019ils disaient\u2026<\/strong><\/p>\n\n\n\n<p>Au moins depuis le d\u00e9but des ann\u00e9es 1970 une tendance grandissante du monde occidental a \u00e9t\u00e9 de se pr\u00e9occuper de plus en plus du sort de la plan\u00e8te qui nous accueille. Puisque la d\u00e9mographie plan\u00e9taire augmente et que la conscience de l\u2019impact de l\u2019activit\u00e9 humaine sur l\u2019avenir de ladite plan\u00e8te progresse aussi, il est juste de se demander si nous n\u2019en demandons pas trop \u00e0 la Nature. <\/p>\n\n\n\n<figure class=\"wp-block-image size-large\"><a href=\"https:\/\/blog.chouynard.ca\/wp-content\/uploads\/2020\/01\/BacBleu2017-scaled.jpeg\"><img loading=\"lazy\" decoding=\"async\" width=\"1024\" height=\"768\" src=\"https:\/\/blog.chouynard.ca\/wp-content\/uploads\/2020\/01\/BacBleu2017-1024x768.jpeg\" alt=\"\" class=\"wp-image-2390\" srcset=\"https:\/\/blog.chouynard.ca\/wp-content\/uploads\/2020\/01\/BacBleu2017-1024x768.jpeg 1024w, https:\/\/blog.chouynard.ca\/wp-content\/uploads\/2020\/01\/BacBleu2017-300x225.jpeg 300w, https:\/\/blog.chouynard.ca\/wp-content\/uploads\/2020\/01\/BacBleu2017-768x576.jpeg 768w, https:\/\/blog.chouynard.ca\/wp-content\/uploads\/2020\/01\/BacBleu2017-1536x1152.jpeg 1536w, https:\/\/blog.chouynard.ca\/wp-content\/uploads\/2020\/01\/BacBleu2017-2048x1536.jpeg 2048w\" sizes=\"auto, (max-width: 1024px) 100vw, 1024px\" \/><\/a><figcaption><em>Des bacs bleus pour le recyclage et des bacs noirs pour les d\u00e9chets sont align\u00e9es en attendant d\u2019\u00eatre utilis\u00e9s dans le vieux port de Qu\u00e9bec. Photo prise en 2017<\/em><\/figcaption><\/figure>\n\n\n\n<p>L\u2019id\u00e9e de mod\u00e9rer nos transports et d\u2019\u00e9tudier d\u2019un peu plus pr\u00e8s les r\u00e9percussions de nos actions n\u2019est surement pas mauvaise en soi. De l\u00e0 les propositions pr\u00e9ventives de gestion des rejets, des d\u00e9chets et des mat\u00e9riaux en fin de vie. Qui ne se souvient pas des \u00abTrois R\u00bb? R\u00e9duire, r\u00e9utiliser et recycler devenait la strat\u00e9gie propos\u00e9e \u00e0 l\u2019\u00e9poque pour diminuer notre empreinte \u00e9cologique. Malheureusement, cinquante ans plus tard, l\u2019actualit\u00e9 au Qu\u00e9bec donne un bien triste son de cloche en rapport avec le recyclage. Il semble en effet que les nombreux efforts d\u00e9ploy\u00e9s socialement et individuellement ne conduisent nulle part. <\/p>\n\n\n\n<div class=\"wp-block-group\"><div class=\"wp-block-group__inner-container is-layout-flow wp-block-group-is-layout-flow\">\n<!--more-->\n\n\n\n<p>Tout ce verre et toutes ces bouteilles soigneusement nettoy\u00e9s et mis au bac bleu s\u2019en va, plus souvent qu\u2019autrement nous dit-on, au site d\u2019enfouissement. Que d\u2019efforts et d\u2019investissements perdus. Pour le papier, c\u2019est le m\u00eame destin qui semble se pointer \u00e0 l\u2019horizon. Les principaux centres de tri de la province sont sur le point de fermer, malgr\u00e9 tous les efforts individuels et les investissements gouvernementaux faits pour que soit recycl\u00e9e cette mati\u00e8re premi\u00e8re importante. Qu\u2019arrive-t-il? La Chine et l\u2019Inde ne veulent plus servir de recycleurs universels. Enfin, c\u2019est ce qu\u2019on nous dit! Et quelles sont les perspectives pour nos innombrables ballots de papier qui s\u2019empilent dans les centres? L\u2019enfouissement tout probablement sera le d\u00e9bouch\u00e9 qu\u2019on devra choisir. Parce que quoi? Parce qu\u2019ici, on ne recycle pas, on ne fait que trier! Pourquoi? Pourquoi ne fait-on pas le recyclage nous m\u00eame? N\u2019y a-t-il pas de march\u00e9 ici ou ailleurs pour ce papier recycl\u00e9? Si c\u2019est le cas ne nous faudrait-il pas mettre plus d\u2019effort sur le premier \u00abR\u00bb, celui de r\u00e9duire la quantit\u00e9 de papier que nous produisons et utilisons? Tous les Publisac de ce monde, ceux qui distribuent les circulaires de papier bien s\u00fbr, m\u00e9ritent-ils vraiment d\u2019exister et d\u2019\u00eatre dispers\u00e9s \u00e0 tous vents?<\/p>\n<\/div><\/div>\n","protected":false},"excerpt":{"rendered":"<p>Recyclez qu\u2019ils disaient\u2026 Au moins depuis le d\u00e9but des ann\u00e9es 1970 une tendance grandissante du monde occidental a \u00e9t\u00e9 de se pr\u00e9occuper de plus en plus du sort de la plan\u00e8te qui nous accueille. Puisque la d\u00e9mographie plan\u00e9taire augmente et &hellip; <a href=\"https:\/\/blog.chouynard.ca\/?p=2388\">Continuer la lecture <span class=\"meta-nav\">&rarr;<\/span><\/a><\/p>\n","protected":false},"author":4,"featured_media":0,"comment_status":"open","ping_status":"open","sticky":false,"template":"","format":"standard","meta":{"ngg_post_thumbnail":0,"footnotes":""},"categories":[21,1,145],"tags":[314,313,312,55,198],"class_list":["post-2388","post","type-post","status-publish","format-standard","hentry","category-billet-2","category-eclectique","category-photo-de-la-semaine","tag-ecologie","tag-papier","tag-planete","tag-quebec","tag-recyclage"],"jetpack_featured_media_url":"","_links":{"self":[{"href":"https:\/\/blog.chouynard.ca\/index.php?rest_route=\/wp\/v2\/posts\/2388","targetHints":{"allow":["GET"]}}],"collection":[{"href":"https:\/\/blog.chouynard.ca\/index.php?rest_route=\/wp\/v2\/posts"}],"about":[{"href":"https:\/\/blog.chouynard.ca\/index.php?rest_route=\/wp\/v2\/types\/post"}],"author":[{"embeddable":true,"href":"https:\/\/blog.chouynard.ca\/index.php?rest_route=\/wp\/v2\/users\/4"}],"replies":[{"embeddable":true,"href":"https:\/\/blog.chouynard.ca\/index.php?rest_route=%2Fwp%2Fv2%2Fcomments&post=2388"}],"version-history":[{"count":8,"href":"https:\/\/blog.chouynard.ca\/index.php?rest_route=\/wp\/v2\/posts\/2388\/revisions"}],"predecessor-version":[{"id":2476,"href":"https:\/\/blog.chouynard.ca\/index.php?rest_route=\/wp\/v2\/posts\/2388\/revisions\/2476"}],"wp:attachment":[{"href":"https:\/\/blog.chouynard.ca\/index.php?rest_route=%2Fwp%2Fv2%2Fmedia&parent=2388"}],"wp:term":[{"taxonomy":"category","embeddable":true,"href":"https:\/\/blog.chouynard.ca\/index.php?rest_route=%2Fwp%2Fv2%2Fcategories&post=2388"},{"taxonomy":"post_tag","embeddable":true,"href":"https:\/\/blog.chouynard.ca\/index.php?rest_route=%2Fwp%2Fv2%2Ftags&post=2388"}],"curies":[{"name":"wp","href":"https:\/\/api.w.org\/{rel}","templated":true}]}}