{"id":2399,"date":"2020-01-31T13:31:54","date_gmt":"2020-01-31T18:31:54","guid":{"rendered":"https:\/\/blog.chouynard.ca\/?p=2399"},"modified":"2020-04-19T17:18:48","modified_gmt":"2020-04-19T21:18:48","slug":"image-de-la-semaine-30-janvier-2020","status":"publish","type":"post","link":"https:\/\/blog.chouynard.ca\/?p=2399","title":{"rendered":"Image de la semaine &#8211;  30 janvier  2020"},"content":{"rendered":"\n<p><strong>Place aux froides r\u00e9jouissances<\/strong><\/p>\n\n\n\n<p>Encore une fois cette ann\u00e9e, soit du 7 au 16 f\u00e9vrier, Qu\u00e9bec d\u00e9ploiera son esprit festif autour, notamment, d\u2019une toute nouvelle \u00abCour royale\u00bb destin\u00e9e \u00e0 remplacer le traditionnel palais de glace. Signe des temps probablement puisque depuis 1955, ann\u00e9e de la renaissance d\u2019une coutume qui avait vu le jour initialement en 1874, le bon peuple avait plut\u00f4t droit annuellement \u00e0 un palais, voire \u00e0 un ch\u00e2teau, selon certain.<\/p>\n\n\n\n<figure class=\"wp-block-image size-large\"><a href=\"https:\/\/blog.chouynard.ca\/wp-content\/uploads\/2020\/01\/ChtoCarnaval2015-scaled.jpeg\"><img loading=\"lazy\" decoding=\"async\" width=\"1024\" height=\"559\" src=\"https:\/\/blog.chouynard.ca\/wp-content\/uploads\/2020\/01\/ChtoCarnaval2015-1024x559.jpeg\" alt=\"\" class=\"wp-image-2400\" srcset=\"https:\/\/blog.chouynard.ca\/wp-content\/uploads\/2020\/01\/ChtoCarnaval2015-1024x559.jpeg 1024w, https:\/\/blog.chouynard.ca\/wp-content\/uploads\/2020\/01\/ChtoCarnaval2015-300x164.jpeg 300w, https:\/\/blog.chouynard.ca\/wp-content\/uploads\/2020\/01\/ChtoCarnaval2015-768x419.jpeg 768w, https:\/\/blog.chouynard.ca\/wp-content\/uploads\/2020\/01\/ChtoCarnaval2015-1536x839.jpeg 1536w, https:\/\/blog.chouynard.ca\/wp-content\/uploads\/2020\/01\/ChtoCarnaval2015-2048x1119.jpeg 2048w\" sizes=\"auto, (max-width: 1024px) 100vw, 1024px\" \/><\/a><figcaption><em>\u00abJ\u2019ai un beau ch\u00e2teau\u2026\u00bb&nbsp; de neige et de glace. Le palais du carnaval de Qu\u00e9bec. Photo prise en 2015 <\/em><\/figcaption><\/figure>\n\n\n\n<p>Bien que fait de blocs de glace ou de neige, on se prend \u00e0 supposer que, par cette propension \u00e0 \u00e9voquer le \u00abpalais\u00bb, la \u00abcour royale\u00bb, le bal de la \u00abreine\u00bb, le \u00abch\u00e2teau\u00bb de Bonhomme et autre trucs du genre, les gens de Qu\u00e9bec en g\u00e9n\u00e9ral appr\u00e9cie le concept de la royaut\u00e9. <\/p>\n\n\n<p><!-- \/wp:post-content --><\/p>\n<p><!-- wp:paragraph --><\/p>\n<p><!--more-->Il y a peut-\u00eatre l\u00e0 quelque chose du \u00abmyst\u00e8re Qu\u00e9bec\u00bb que le monde politique qu\u00e9b\u00e9cois et m\u00eame canadien s\u2019\u00e9vertue \u00e0 d\u00e9cortiquer depuis des lustres. Enfin, on peut supposer tout ce que l\u2019on voudra n\u2019emp\u00eache que le moment est plus \u00e0 la f\u00eate qu\u2019autre chose. Et ce, malgr\u00e9 les possibilit\u00e9s d\u2019une pand\u00e9mie mondiale \u00e0 cause d\u2019un coronavirus tr\u00e8s agressif qui se r\u00e9pand actuellement. Apr\u00e8s l\u2019Halloween report\u00e9 au Qu\u00e9bec en 2019 en raison des pr\u00e9visions m\u00e9t\u00e9orologiques, les pauvres Chinois ont du renoncer \u00e0 souligner ad\u00e9quatement leur plus important jour festif de l\u2019ann\u00e9e, le Jour de l\u2019An lunaire, \u00e0 cause de la perspective d\u2019une \u00e9pid\u00e9mie devenue une urgence internationale. Qu\u2019\u00e0 tout cela ne tienne, les riches premi\u00e8res classes du RSM Titanic ne se privaient-ils pas de festoyer durant l\u2019ultime travers\u00e9e? Oublions donc tous les soucis pour s\u2019en donner \u00e0 c\u0153ur joie. Vive le carnaval!<\/p>\n<p><!-- \/wp:paragraph --><\/p>\n<p><!-- \/wp:group --><\/p>","protected":false},"excerpt":{"rendered":"<p>Place aux froides r\u00e9jouissances Encore une fois cette ann\u00e9e, soit du 7 au 16 f\u00e9vrier, Qu\u00e9bec d\u00e9ploiera son esprit festif autour, notamment, d\u2019une toute nouvelle \u00abCour royale\u00bb destin\u00e9e \u00e0 remplacer le traditionnel palais de glace. Signe des temps probablement puisque &hellip; <a href=\"https:\/\/blog.chouynard.ca\/?p=2399\">Continuer la lecture <span class=\"meta-nav\">&rarr;<\/span><\/a><\/p>\n","protected":false},"author":4,"featured_media":0,"comment_status":"open","ping_status":"open","sticky":false,"template":"","format":"standard","meta":{"ngg_post_thumbnail":0,"footnotes":""},"categories":[1,145],"tags":[315,316,251,184,55],"class_list":["post-2399","post","type-post","status-publish","format-standard","hentry","category-eclectique","category-photo-de-la-semaine","tag-carnaval","tag-chinois","tag-fete","tag-neige","tag-quebec"],"jetpack_featured_media_url":"","_links":{"self":[{"href":"https:\/\/blog.chouynard.ca\/index.php?rest_route=\/wp\/v2\/posts\/2399","targetHints":{"allow":["GET"]}}],"collection":[{"href":"https:\/\/blog.chouynard.ca\/index.php?rest_route=\/wp\/v2\/posts"}],"about":[{"href":"https:\/\/blog.chouynard.ca\/index.php?rest_route=\/wp\/v2\/types\/post"}],"author":[{"embeddable":true,"href":"https:\/\/blog.chouynard.ca\/index.php?rest_route=\/wp\/v2\/users\/4"}],"replies":[{"embeddable":true,"href":"https:\/\/blog.chouynard.ca\/index.php?rest_route=%2Fwp%2Fv2%2Fcomments&post=2399"}],"version-history":[{"count":6,"href":"https:\/\/blog.chouynard.ca\/index.php?rest_route=\/wp\/v2\/posts\/2399\/revisions"}],"predecessor-version":[{"id":2475,"href":"https:\/\/blog.chouynard.ca\/index.php?rest_route=\/wp\/v2\/posts\/2399\/revisions\/2475"}],"wp:attachment":[{"href":"https:\/\/blog.chouynard.ca\/index.php?rest_route=%2Fwp%2Fv2%2Fmedia&parent=2399"}],"wp:term":[{"taxonomy":"category","embeddable":true,"href":"https:\/\/blog.chouynard.ca\/index.php?rest_route=%2Fwp%2Fv2%2Fcategories&post=2399"},{"taxonomy":"post_tag","embeddable":true,"href":"https:\/\/blog.chouynard.ca\/index.php?rest_route=%2Fwp%2Fv2%2Ftags&post=2399"}],"curies":[{"name":"wp","href":"https:\/\/api.w.org\/{rel}","templated":true}]}}