{"id":2406,"date":"2020-02-07T14:57:08","date_gmt":"2020-02-07T19:57:08","guid":{"rendered":"https:\/\/blog.chouynard.ca\/?p=2406"},"modified":"2020-09-11T17:28:01","modified_gmt":"2020-09-11T21:28:01","slug":"image-de-la-semaine-7-fevrier-2020","status":"publish","type":"post","link":"https:\/\/blog.chouynard.ca\/?p=2406","title":{"rendered":"Image de la semaine &#8211;  7 f\u00e9vrier  2020"},"content":{"rendered":"\n<p><strong>Le vent dans les voiles<\/strong><\/p>\n\n\n\n<p>La temp\u00eate hivernale fait rage en ce moment sur le sud du Qu\u00e9bec. Qu\u2019\u00e0 cela ne tienne, voyons plut\u00f4t ce que pourraient nous r\u00e9server la belle saison, le soleil, le vent du large. En d&rsquo;autres mots, un petit souvenir d\u2019un \u00e9t\u00e9 m\u00e9morable sur le fleuve Saint-Laurent : 1984. <\/p>\n\n\n\n<div class=\"wp-block-image\"><figure class=\"aligncenter size-large is-resized\"><a href=\"https:\/\/blog.chouynard.ca\/wp-content\/uploads\/2020\/02\/Kruzenstern_1984-scaled.jpeg\"><img loading=\"lazy\" decoding=\"async\" src=\"https:\/\/blog.chouynard.ca\/wp-content\/uploads\/2020\/02\/Kruzenstern_1984-1024x725.jpeg\" alt=\"\" class=\"wp-image-2407\" width=\"614\" height=\"460\"\/><\/a><figcaption><em>Une des principales attractions de Qu\u00e9bec &rsquo;84 fut la visite des grands voiliers dont le Kruzenstern, qu\u2019on voit ici en face des Plaines d\u2019Abraham \u00e0 Qu\u00e9bec. Photo prise en 1984<\/em><\/figcaption><\/figure><\/div>\n\n\n\n<p>Cet \u00e9t\u00e9 l\u00e0, la province toute enti\u00e8re comm\u00e9morait le 450e anniversaire du premier voyage de Jacques Cartier en terre d\u2019Am\u00e9rique. De nombreuses manifestations \u00e9taient pr\u00e9vues, beaucoup dans la Vieille Capitale. Les autorit\u00e9s y avaient pr\u00e9vu une telle affluence qu\u2019on pr\u00e9voyait m\u00eame des stationnements avec navettes vers le site des f\u00eates, aussi loin qu\u2019\u00e0 Drummondville, soit \u00e0 plus de cent-cinquante de kilom\u00e8tres de route du lieu des f\u00eates. Une des attractions principales des c\u00e9l\u00e9brations consistait en la pr\u00e9sence de grands voiliers en provenance du monde entier. Un moment inoubliable surtout la grande parade qui e\u00fbt lieu le 30 juin.<\/p>\n","protected":false},"excerpt":{"rendered":"<p>Le vent dans les voiles La temp\u00eate hivernale fait rage en ce moment sur le sud du Qu\u00e9bec. Qu\u2019\u00e0 cela ne tienne, voyons plut\u00f4t ce que pourraient nous r\u00e9server la belle saison, le soleil, le vent du large. En d&rsquo;autres &hellip; <a href=\"https:\/\/blog.chouynard.ca\/?p=2406\">Continuer la lecture <span class=\"meta-nav\">&rarr;<\/span><\/a><\/p>\n","protected":false},"author":4,"featured_media":0,"comment_status":"open","ping_status":"open","sticky":false,"template":"","format":"standard","meta":{"ngg_post_thumbnail":0,"footnotes":""},"categories":[1,145],"tags":[318,317,252,255,55],"class_list":["post-2406","post","type-post","status-publish","format-standard","hentry","category-eclectique","category-photo-de-la-semaine","tag-318","tag-bateau","tag-ete","tag-fleuve-saint-laurent","tag-quebec"],"jetpack_featured_media_url":"","_links":{"self":[{"href":"https:\/\/blog.chouynard.ca\/index.php?rest_route=\/wp\/v2\/posts\/2406","targetHints":{"allow":["GET"]}}],"collection":[{"href":"https:\/\/blog.chouynard.ca\/index.php?rest_route=\/wp\/v2\/posts"}],"about":[{"href":"https:\/\/blog.chouynard.ca\/index.php?rest_route=\/wp\/v2\/types\/post"}],"author":[{"embeddable":true,"href":"https:\/\/blog.chouynard.ca\/index.php?rest_route=\/wp\/v2\/users\/4"}],"replies":[{"embeddable":true,"href":"https:\/\/blog.chouynard.ca\/index.php?rest_route=%2Fwp%2Fv2%2Fcomments&post=2406"}],"version-history":[{"count":5,"href":"https:\/\/blog.chouynard.ca\/index.php?rest_route=\/wp\/v2\/posts\/2406\/revisions"}],"predecessor-version":[{"id":2679,"href":"https:\/\/blog.chouynard.ca\/index.php?rest_route=\/wp\/v2\/posts\/2406\/revisions\/2679"}],"wp:attachment":[{"href":"https:\/\/blog.chouynard.ca\/index.php?rest_route=%2Fwp%2Fv2%2Fmedia&parent=2406"}],"wp:term":[{"taxonomy":"category","embeddable":true,"href":"https:\/\/blog.chouynard.ca\/index.php?rest_route=%2Fwp%2Fv2%2Fcategories&post=2406"},{"taxonomy":"post_tag","embeddable":true,"href":"https:\/\/blog.chouynard.ca\/index.php?rest_route=%2Fwp%2Fv2%2Ftags&post=2406"}],"curies":[{"name":"wp","href":"https:\/\/api.w.org\/{rel}","templated":true}]}}