{"id":2427,"date":"2020-03-04T11:55:38","date_gmt":"2020-03-04T16:55:38","guid":{"rendered":"https:\/\/blog.chouynard.ca\/?p=2427"},"modified":"2020-09-11T17:24:47","modified_gmt":"2020-09-11T21:24:47","slug":"image-de-la-semaine-4-mars-2020","status":"publish","type":"post","link":"https:\/\/blog.chouynard.ca\/?p=2427","title":{"rendered":"Image de la semaine &#8211;  4 mars  2020"},"content":{"rendered":"<p><strong>Nuances de blanc<\/strong><br>Les voyages soutenus par l\u2019OFQJ (Office franco-qu\u00e9b\u00e9cois pour la jeunesse) ont permis \u00e0 d\u2019innombrables jeunes de 18 \u00e0 35 ans des \u00e9changes fructueux entre Qu\u00e9b\u00e9cois et Fran\u00e7ais depuis de nombreuses d\u00e9cennies. En 1978, \u00e0 l\u2019invitation de connaissances et amis Gasp\u00e9siens, j\u2019ai eu la chance de recevoir une invitation \u00e0 me joindre \u00e0 leur groupe pour un \u00e9change sous le th\u00e8me de la recherche de nos racines (gasp\u00e9siennes) en milieu Breton.<\/p>\n\n\n<div class=\"wp-block-image\"><figure class=\"aligncenter size-large is-resized\"><a href=\"https:\/\/blog.chouynard.ca\/wp-content\/uploads\/2020\/03\/ParkingRennes_1978-scaled.jpg\"><img loading=\"lazy\" decoding=\"async\" src=\"https:\/\/blog.chouynard.ca\/wp-content\/uploads\/2020\/03\/ParkingRennes_1978-1024x694.jpg\" alt=\"\" class=\"wp-image-2429\" width=\"614\" height=\"460\"\/><\/a><figcaption><em>De la terrasse d\u2019un \u00e9difice de la ville de Rennes, capitale administrative de la Bretagne, j\u2019ai capt\u00e9 le stationnement en contrebas. Le grand nombre de voitures de couleur claire ont avant tout retenu mon attention. On remarque aussi que la taille des voitures est assez r\u00e9duite en g\u00e9n\u00e9ral. Un portrait de la soci\u00e9t\u00e9 fran\u00e7aise de cette r\u00e9gion de l\u2019ouest du pays. Photo prise en 1978 <\/em><\/figcaption><\/figure><\/div>\n\n\n\n<p>Les participants, une quinzaine de Gasp\u00e9siennes et Gasp\u00e9siens du milieu culturel, allaient passer quelques semaines en Bretagne, surtout dans la r\u00e9gion dit du Pays de Redon. Un des souvenirs m\u00e9morables de ce voyage peu commun: un dimanche matin de danses folkloriques qu\u00e9b\u00e9coises et de rigodons dans l\u2019\u00e9table du <a href=\"http:\/\/www.musee-jacques-cartier.fr\/index.php\" target=\"_blank\" rel=\"noreferrer noopener\" aria-label=\"manoir Limo\u00eblou (opens in a new tab)\">manoir Limo\u00eblou<\/a> , la demeure de de l\u2019explorateur Jacques Cartier, situ\u00e9 dans la commune de Saint-Malo. <\/p>\n","protected":false},"excerpt":{"rendered":"<p>Nuances de blancLes voyages soutenus par l\u2019OFQJ (Office franco-qu\u00e9b\u00e9cois pour la jeunesse) ont permis \u00e0 d\u2019innombrables jeunes de 18 \u00e0 35 ans des \u00e9changes fructueux entre Qu\u00e9b\u00e9cois et Fran\u00e7ais depuis de nombreuses d\u00e9cennies. En 1978, \u00e0 l\u2019invitation de connaissances et &hellip; <a href=\"https:\/\/blog.chouynard.ca\/?p=2427\">Continuer la lecture <span class=\"meta-nav\">&rarr;<\/span><\/a><\/p>\n","protected":false},"author":4,"featured_media":0,"comment_status":"open","ping_status":"open","sticky":false,"template":"","format":"standard","meta":{"ngg_post_thumbnail":0,"footnotes":""},"categories":[1,145],"tags":[328,210,288,329,325,327,326],"class_list":["post-2427","post","type-post","status-publish","format-standard","hentry","category-eclectique","category-photo-de-la-semaine","tag-folklore","tag-france","tag-gaspesie","tag-jacques-cartier","tag-redon","tag-saint-malo","tag-voyage"],"jetpack_featured_media_url":"","_links":{"self":[{"href":"https:\/\/blog.chouynard.ca\/index.php?rest_route=\/wp\/v2\/posts\/2427","targetHints":{"allow":["GET"]}}],"collection":[{"href":"https:\/\/blog.chouynard.ca\/index.php?rest_route=\/wp\/v2\/posts"}],"about":[{"href":"https:\/\/blog.chouynard.ca\/index.php?rest_route=\/wp\/v2\/types\/post"}],"author":[{"embeddable":true,"href":"https:\/\/blog.chouynard.ca\/index.php?rest_route=\/wp\/v2\/users\/4"}],"replies":[{"embeddable":true,"href":"https:\/\/blog.chouynard.ca\/index.php?rest_route=%2Fwp%2Fv2%2Fcomments&post=2427"}],"version-history":[{"count":7,"href":"https:\/\/blog.chouynard.ca\/index.php?rest_route=\/wp\/v2\/posts\/2427\/revisions"}],"predecessor-version":[{"id":2674,"href":"https:\/\/blog.chouynard.ca\/index.php?rest_route=\/wp\/v2\/posts\/2427\/revisions\/2674"}],"wp:attachment":[{"href":"https:\/\/blog.chouynard.ca\/index.php?rest_route=%2Fwp%2Fv2%2Fmedia&parent=2427"}],"wp:term":[{"taxonomy":"category","embeddable":true,"href":"https:\/\/blog.chouynard.ca\/index.php?rest_route=%2Fwp%2Fv2%2Fcategories&post=2427"},{"taxonomy":"post_tag","embeddable":true,"href":"https:\/\/blog.chouynard.ca\/index.php?rest_route=%2Fwp%2Fv2%2Ftags&post=2427"}],"curies":[{"name":"wp","href":"https:\/\/api.w.org\/{rel}","templated":true}]}}