{"id":2523,"date":"2020-04-26T11:53:33","date_gmt":"2020-04-26T15:53:33","guid":{"rendered":"https:\/\/blog.chouynard.ca\/?p=2523"},"modified":"2020-09-11T17:21:15","modified_gmt":"2020-09-11T21:21:15","slug":"image-de-la-semaine-26-avril-2020","status":"publish","type":"post","link":"https:\/\/blog.chouynard.ca\/?p=2523","title":{"rendered":"Image de la semaine &#8211;  26 avril  2020"},"content":{"rendered":"\n<p><strong>\u00c7a va aller<\/strong><\/p>\n\n\n\n<p>&#8211; \u00c7a va?<br> &#8211; \u00c7a va bien. \u00c7a va aller.<\/p>\n\n\n\n<p>Voici une locution un peu particuli\u00e8re o\u00f9 la redondance du verbe \u00aballer\u00bb peut sembler \u00e9trange. Pour l\u2019heure, ce qu\u2019on entend et que l\u2019on voit jusqu\u2019\u00e0 plus envie, c\u2019est le fameux : \u00ab\u00c7a va bien aller!\u00bb On a tout int\u00e9r\u00eat \u00e0 esp\u00e9rer que la triste situation actuelle caus\u00e9e par la pand\u00e9mie de COVID-19, s\u2019am\u00e9liore. Surtout avec le printemps chaque jour plus pr\u00e9sent qui nous invite \u00e0 sortir et \u00e0 profiter de quelques rayons plus chauds. Et m\u00eame si on a un peu de difficult\u00e9 \u00e0 voir quand et comment les choses vont pouvoir s\u2019am\u00e9liorer pour la peine, nous pouvons toujours ressortir les souvenirs des temps plus r\u00e9jouissants o\u00f9 on pouvait socialiser de mani\u00e8re plus normale pour les \u00eatres gr\u00e9gaires que nous sommes.<br><\/p>\n\n\n\n<figure class=\"wp-block-image size-large is-resized\"><a href=\"https:\/\/blog.chouynard.ca\/wp-content\/uploads\/2020\/04\/Mx2014Hamac-scaled.jpg\"><img loading=\"lazy\" decoding=\"async\" src=\"https:\/\/blog.chouynard.ca\/wp-content\/uploads\/2020\/04\/Mx2014Hamac-1024x768.jpg\" alt=\"\" class=\"wp-image-2525\" width=\"614\" height=\"460\" srcset=\"https:\/\/blog.chouynard.ca\/wp-content\/uploads\/2020\/04\/Mx2014Hamac-1024x768.jpg 1024w, https:\/\/blog.chouynard.ca\/wp-content\/uploads\/2020\/04\/Mx2014Hamac-300x225.jpg 300w, https:\/\/blog.chouynard.ca\/wp-content\/uploads\/2020\/04\/Mx2014Hamac-768x576.jpg 768w, https:\/\/blog.chouynard.ca\/wp-content\/uploads\/2020\/04\/Mx2014Hamac-1536x1152.jpg 1536w, https:\/\/blog.chouynard.ca\/wp-content\/uploads\/2020\/04\/Mx2014Hamac-2048x1536.jpg 2048w\" sizes=\"auto, (max-width: 614px) 100vw, 614px\" \/><\/a><figcaption><em>Quel plaisir, quelle veine, quel bonheur, de se laisser bercer dans un hamac et de profiter d\u2019un doux vent chaud et l\u00e9ger, \u00e0 l\u2019abri des brulants rayons solaires, sous une palapa de Canc\u00fan. Photo de 2014 <\/em><\/figcaption><\/figure>\n\n\n\n<p>C\u2019est ce que nous ferons donc, en redirigeant le visiteur des <em>Chouynardises etc.<\/em> vers une nouveau mini carnet de voyage mis en ligne r\u00e9cemment. Il s\u2019agit d\u2019une s\u00e9lection de photographies prises lors d\u2019une courte semaine pass\u00e9e dans la p\u00e9ninsule du Yucat\u00e1n en 2014. (<a rel=\"noreferrer noopener\" href=\"https:\/\/blog.chouynard.ca\/?page_id=2486\" target=\"_blank\">Voir le carnet<\/a>)<\/p>\n\n\n\n<p class=\"has-text-align-center\"><strong>\u00c7a va bien aller!<\/strong><\/p>\n","protected":false},"excerpt":{"rendered":"<p>\u00c7a va aller &#8211; \u00c7a va? &#8211; \u00c7a va bien. \u00c7a va aller. Voici une locution un peu particuli\u00e8re o\u00f9 la redondance du verbe \u00aballer\u00bb peut sembler \u00e9trange. Pour l\u2019heure, ce qu\u2019on entend et que l\u2019on voit jusqu\u2019\u00e0 plus envie, &hellip; <a href=\"https:\/\/blog.chouynard.ca\/?p=2523\">Continuer la lecture <span class=\"meta-nav\">&rarr;<\/span><\/a><\/p>\n","protected":false},"author":4,"featured_media":0,"comment_status":"open","ping_status":"open","sticky":false,"template":"","format":"standard","meta":{"ngg_post_thumbnail":0,"footnotes":""},"categories":[1,145,123],"tags":[3,153,335,4,9],"class_list":["post-2523","post","type-post","status-publish","format-standard","hentry","category-eclectique","category-photo-de-la-semaine","category-souvenir","tag-carnet-de-voyage","tag-mexique","tag-pandemie","tag-photo","tag-printemps"],"jetpack_featured_media_url":"","_links":{"self":[{"href":"https:\/\/blog.chouynard.ca\/index.php?rest_route=\/wp\/v2\/posts\/2523","targetHints":{"allow":["GET"]}}],"collection":[{"href":"https:\/\/blog.chouynard.ca\/index.php?rest_route=\/wp\/v2\/posts"}],"about":[{"href":"https:\/\/blog.chouynard.ca\/index.php?rest_route=\/wp\/v2\/types\/post"}],"author":[{"embeddable":true,"href":"https:\/\/blog.chouynard.ca\/index.php?rest_route=\/wp\/v2\/users\/4"}],"replies":[{"embeddable":true,"href":"https:\/\/blog.chouynard.ca\/index.php?rest_route=%2Fwp%2Fv2%2Fcomments&post=2523"}],"version-history":[{"count":13,"href":"https:\/\/blog.chouynard.ca\/index.php?rest_route=\/wp\/v2\/posts\/2523\/revisions"}],"predecessor-version":[{"id":2671,"href":"https:\/\/blog.chouynard.ca\/index.php?rest_route=\/wp\/v2\/posts\/2523\/revisions\/2671"}],"wp:attachment":[{"href":"https:\/\/blog.chouynard.ca\/index.php?rest_route=%2Fwp%2Fv2%2Fmedia&parent=2523"}],"wp:term":[{"taxonomy":"category","embeddable":true,"href":"https:\/\/blog.chouynard.ca\/index.php?rest_route=%2Fwp%2Fv2%2Fcategories&post=2523"},{"taxonomy":"post_tag","embeddable":true,"href":"https:\/\/blog.chouynard.ca\/index.php?rest_route=%2Fwp%2Fv2%2Ftags&post=2523"}],"curies":[{"name":"wp","href":"https:\/\/api.w.org\/{rel}","templated":true}]}}