{"id":2545,"date":"2020-05-05T14:35:27","date_gmt":"2020-05-05T18:35:27","guid":{"rendered":"https:\/\/blog.chouynard.ca\/?p=2545"},"modified":"2020-09-11T17:20:23","modified_gmt":"2020-09-11T21:20:23","slug":"image-de-la-semaine-4-mai-2020","status":"publish","type":"post","link":"https:\/\/blog.chouynard.ca\/?p=2545","title":{"rendered":"Image de la semaine &#8211;  4 mai  2020"},"content":{"rendered":"\n<p><strong>Un petit creux?<\/strong><br>Alors qu\u2019avec raison les m\u00e9dias nous inondent de nouvelles en rapport avec la COVID-19, un probl\u00e8me mondial d\u2019extr\u00eame importance pourrait bien suivre cette \u00e9pisode peu r\u00e9jouissante de l\u2019histoire de l\u2019humanit\u00e9. C\u2019est du moins ce que laisse entendre un r\u00e9cent rapport de l\u2019Organisation des Nations Unies pour l\u2019alimentation et l\u2019agriculture (FAO) et le Programme alimentaire mondial (PAM). Le journal <em>Le Devoir<\/em> titrait d\u2019ailleurs, le 22 avril 2020, \u00ab Une seconde pand\u00e9mie \u00e0 pr\u00e9voir : celle de la faim \u00bb (<a rel=\"noreferrer noopener\" href=\"https:\/\/www.ledevoir.com\/monde\/577419\/le-nombre-de-personnes-au-bord-de-la-famine-pourrait-doubler-en-2020\" target=\"_blank\">acc\u00e9der \u00e0 l\u2019article<\/a>).<\/p>\n\n\n\n<figure class=\"wp-block-image size-large is-resized\"><a href=\"https:\/\/blog.chouynard.ca\/wp-content\/uploads\/2020\/05\/ReflexFAOQc2013-scaled.jpeg\"><img loading=\"lazy\" decoding=\"async\" src=\"https:\/\/blog.chouynard.ca\/wp-content\/uploads\/2020\/05\/ReflexFAOQc2013-1024x768.jpeg\" alt=\"\" class=\"wp-image-2546\" width=\"614\" height=\"460\" srcset=\"https:\/\/blog.chouynard.ca\/wp-content\/uploads\/2020\/05\/ReflexFAOQc2013-1024x768.jpeg 1024w, https:\/\/blog.chouynard.ca\/wp-content\/uploads\/2020\/05\/ReflexFAOQc2013-300x225.jpeg 300w, https:\/\/blog.chouynard.ca\/wp-content\/uploads\/2020\/05\/ReflexFAOQc2013-768x576.jpeg 768w, https:\/\/blog.chouynard.ca\/wp-content\/uploads\/2020\/05\/ReflexFAOQc2013-1536x1152.jpeg 1536w, https:\/\/blog.chouynard.ca\/wp-content\/uploads\/2020\/05\/ReflexFAOQc2013-2048x1536.jpeg 2048w\" sizes=\"auto, (max-width: 614px) 100vw, 614px\" \/><\/a><figcaption><em>En basse-ville de Qu\u00e9bec, non loin du Mus\u00e9e de la civilisation, un lieu public des plus agr\u00e9ables. La Place de la FAO a \u00e9t\u00e9 \u00e9rig\u00e9e en 1995 pour souligner le 50i\u00e8me anniversaire de la cr\u00e9ation, \u00e0 Qu\u00e9bec m\u00eame, d\u2019un organisme important de l\u2019ONU, l\u2019Organisation des Nations unis pour l\u2019alimentation et l\u2019agriculture. Les jets d\u2019eau et les pierres qu\u2019on voit ici veulent \u00e9voquer les vagues du fleuve voisin o\u00f9 circulent des navires transpor<\/em>tant produits et denr\u00e9es diverses. Photo prise en 2013<\/figcaption><\/figure>\n\n\n\n<p>Les mesures prises pour amoindrir les effets d\u00e9vastateurs de la pand\u00e9mie du virus SARS-CoV-2 conduiront-elles l\u2019humanit\u00e9 ou une partie ce celle-ci au bord de la famine? Les principes de l\u2019achat local peuvent bien \u00eatre vertueux mais n\u2019y a-t-il pas un c\u00f4t\u00e9 sombre dont on ne parle pas ou dont on ne veut tout simplement pas parler. Se refermer sur nous-m\u00eame ne risque-t-il pas de mettre en danger des vies humaines qui se trouvent juste un peu plus loin de nous mais ne sont-elles pas aussi pr\u00e9cieuses que celles de nos voisins du quartier?<\/p>\n","protected":false},"excerpt":{"rendered":"<p>Un petit creux?Alors qu\u2019avec raison les m\u00e9dias nous inondent de nouvelles en rapport avec la COVID-19, un probl\u00e8me mondial d\u2019extr\u00eame importance pourrait bien suivre cette \u00e9pisode peu r\u00e9jouissante de l\u2019histoire de l\u2019humanit\u00e9. C\u2019est du moins ce que laisse entendre un &hellip; <a href=\"https:\/\/blog.chouynard.ca\/?p=2545\">Continuer la lecture <span class=\"meta-nav\">&rarr;<\/span><\/a><\/p>\n","protected":false},"author":4,"featured_media":0,"comment_status":"open","ping_status":"open","sticky":false,"template":"","format":"standard","meta":{"ngg_post_thumbnail":0,"footnotes":""},"categories":[1,145],"tags":[341,342,333,335,55],"class_list":["post-2545","post","type-post","status-publish","format-standard","hentry","category-eclectique","category-photo-de-la-semaine","tag-faim","tag-fao","tag-humains","tag-pandemie","tag-quebec"],"jetpack_featured_media_url":"","_links":{"self":[{"href":"https:\/\/blog.chouynard.ca\/index.php?rest_route=\/wp\/v2\/posts\/2545","targetHints":{"allow":["GET"]}}],"collection":[{"href":"https:\/\/blog.chouynard.ca\/index.php?rest_route=\/wp\/v2\/posts"}],"about":[{"href":"https:\/\/blog.chouynard.ca\/index.php?rest_route=\/wp\/v2\/types\/post"}],"author":[{"embeddable":true,"href":"https:\/\/blog.chouynard.ca\/index.php?rest_route=\/wp\/v2\/users\/4"}],"replies":[{"embeddable":true,"href":"https:\/\/blog.chouynard.ca\/index.php?rest_route=%2Fwp%2Fv2%2Fcomments&post=2545"}],"version-history":[{"count":8,"href":"https:\/\/blog.chouynard.ca\/index.php?rest_route=\/wp\/v2\/posts\/2545\/revisions"}],"predecessor-version":[{"id":2670,"href":"https:\/\/blog.chouynard.ca\/index.php?rest_route=\/wp\/v2\/posts\/2545\/revisions\/2670"}],"wp:attachment":[{"href":"https:\/\/blog.chouynard.ca\/index.php?rest_route=%2Fwp%2Fv2%2Fmedia&parent=2545"}],"wp:term":[{"taxonomy":"category","embeddable":true,"href":"https:\/\/blog.chouynard.ca\/index.php?rest_route=%2Fwp%2Fv2%2Fcategories&post=2545"},{"taxonomy":"post_tag","embeddable":true,"href":"https:\/\/blog.chouynard.ca\/index.php?rest_route=%2Fwp%2Fv2%2Ftags&post=2545"}],"curies":[{"name":"wp","href":"https:\/\/api.w.org\/{rel}","templated":true}]}}