{"id":2750,"date":"2022-08-11T17:45:12","date_gmt":"2022-08-11T21:45:12","guid":{"rendered":"https:\/\/blog.chouynard.ca\/?p=2750"},"modified":"2022-08-27T15:29:54","modified_gmt":"2022-08-27T19:29:54","slug":"image-de-la-semaine-11-aout-2022","status":"publish","type":"post","link":"https:\/\/blog.chouynard.ca\/?p=2750","title":{"rendered":"Image de la semaine &#8211; 11 ao\u00fbt 2022"},"content":{"rendered":"<p><strong>Course au panier<\/strong><\/p>\n<p>Les moyens de transport sont multiples et vari\u00e9s pour ramener ses achats de l\u2019\u00e9picerie. Certains choisissent l\u2019automobile, d\u2019autres ont leur propre petite voiturette, et d\u2019autres encore choisissent de ramener \u00e0 bout de bras leurs propres sacs r\u00e9cup\u00e9rables ou les sacs papier fournis par le marchand.<\/p>\n<p>Pr\u00e8s de chez moi, une coop\u00e9rative IGA laisse la client\u00e8le circuler avec ses chariots jusqu\u2019\u00e0 domicile, facilitant la t\u00e2che de certaines personnes pour ce qui est de ramener leurs achats jusque chez-eux. En fait ce marchand n\u2019a pas vraiment le choix, \u00e0 moins de mettre sur pied une \u00e9quipe sp\u00e9ciale qui aurait pour mandat d\u2019arr\u00eater les contrevenants avant qu\u2019ils ne quittent le terrain du magasin.<\/p>\n<p>On voit donc des petites madames plus ou moins robustes, des \u00e9tudiants fain\u00e9ants ou m\u00eame des adultes insouciants qui empruntent les rues avoisinantes avec leurs achats plein le chariot.<\/p>\n<p>Vont-il ramener celui-ci apr\u00e8s usage? Ou lorsqu\u2019ils reviendront \u00e0 l\u2019\u00e9picerie?<\/p>\n<p>En r\u00e9alit\u00e9, tr\u00e8s peu le font et la direction de la coop\u00e9rative doit mandater un employ\u00e9 pour faire une tourn\u00e9e r\u00e9guli\u00e8rement afin de rapatrier les paniers. Tout ce cirque co\u00fbte des sous qui ne manqueront pas d\u2019\u00eatre refil\u00e9s \u00e0 la client\u00e8le dans les prix des denr\u00e9es du magasin.<\/p>\n<div id=\"attachment_2752\" style=\"width: 2370px\" class=\"wp-caption aligncenter\"><a href=\"https:\/\/blog.chouynard.ca\/?attachment_id=2752\" rel=\"attachment wp-att-2752\"><img loading=\"lazy\" decoding=\"async\" aria-describedby=\"caption-attachment-2752\" class=\"size-full wp-image-2752\" src=\"https:\/\/blog.chouynard.ca\/wp-content\/uploads\/2022\/08\/Les-paniers.jpg\" alt=\"\" width=\"2360\" height=\"1640\" srcset=\"https:\/\/blog.chouynard.ca\/wp-content\/uploads\/2022\/08\/Les-paniers.jpg 2360w, https:\/\/blog.chouynard.ca\/wp-content\/uploads\/2022\/08\/Les-paniers-300x208.jpg 300w, https:\/\/blog.chouynard.ca\/wp-content\/uploads\/2022\/08\/Les-paniers-1024x712.jpg 1024w, https:\/\/blog.chouynard.ca\/wp-content\/uploads\/2022\/08\/Les-paniers-768x534.jpg 768w, https:\/\/blog.chouynard.ca\/wp-content\/uploads\/2022\/08\/Les-paniers-1536x1067.jpg 1536w, https:\/\/blog.chouynard.ca\/wp-content\/uploads\/2022\/08\/Les-paniers-2048x1423.jpg 2048w\" sizes=\"auto, (max-width: 2360px) 100vw, 2360px\" \/><\/a><p id=\"caption-attachment-2752\" class=\"wp-caption-text\">Un convoi de petits paniers s\u2019en retourne au bercail. Photo prise en 2022<\/p><\/div>\n<p>Sont-ce l\u00e0 nos valeurs de civisme et du vivre ensemble?<\/p>\n\n\n<p><\/p>\n","protected":false},"excerpt":{"rendered":"<p>Course au panier Les moyens de transport sont multiples et vari\u00e9s pour ramener ses achats de l\u2019\u00e9picerie. Certains choisissent l\u2019automobile, d\u2019autres ont leur propre petite voiturette, et d\u2019autres encore choisissent de ramener \u00e0 bout de bras leurs propres sacs r\u00e9cup\u00e9rables &hellip; <a href=\"https:\/\/blog.chouynard.ca\/?p=2750\">Continuer la lecture <span class=\"meta-nav\">&rarr;<\/span><\/a><\/p>\n","protected":false},"author":4,"featured_media":0,"comment_status":"open","ping_status":"open","sticky":false,"template":"","format":"standard","meta":{"ngg_post_thumbnail":0,"footnotes":""},"categories":[30,1,145],"tags":[365,364,55],"class_list":["post-2750","post","type-post","status-publish","format-standard","hentry","category-cest-la-vie","category-eclectique","category-photo-de-la-semaine","tag-civisme","tag-epicerie","tag-quebec"],"jetpack_featured_media_url":"","_links":{"self":[{"href":"https:\/\/blog.chouynard.ca\/index.php?rest_route=\/wp\/v2\/posts\/2750","targetHints":{"allow":["GET"]}}],"collection":[{"href":"https:\/\/blog.chouynard.ca\/index.php?rest_route=\/wp\/v2\/posts"}],"about":[{"href":"https:\/\/blog.chouynard.ca\/index.php?rest_route=\/wp\/v2\/types\/post"}],"author":[{"embeddable":true,"href":"https:\/\/blog.chouynard.ca\/index.php?rest_route=\/wp\/v2\/users\/4"}],"replies":[{"embeddable":true,"href":"https:\/\/blog.chouynard.ca\/index.php?rest_route=%2Fwp%2Fv2%2Fcomments&post=2750"}],"version-history":[{"count":5,"href":"https:\/\/blog.chouynard.ca\/index.php?rest_route=\/wp\/v2\/posts\/2750\/revisions"}],"predecessor-version":[{"id":2784,"href":"https:\/\/blog.chouynard.ca\/index.php?rest_route=\/wp\/v2\/posts\/2750\/revisions\/2784"}],"wp:attachment":[{"href":"https:\/\/blog.chouynard.ca\/index.php?rest_route=%2Fwp%2Fv2%2Fmedia&parent=2750"}],"wp:term":[{"taxonomy":"category","embeddable":true,"href":"https:\/\/blog.chouynard.ca\/index.php?rest_route=%2Fwp%2Fv2%2Fcategories&post=2750"},{"taxonomy":"post_tag","embeddable":true,"href":"https:\/\/blog.chouynard.ca\/index.php?rest_route=%2Fwp%2Fv2%2Ftags&post=2750"}],"curies":[{"name":"wp","href":"https:\/\/api.w.org\/{rel}","templated":true}]}}