{"id":2758,"date":"2022-08-19T13:10:41","date_gmt":"2022-08-19T17:10:41","guid":{"rendered":"https:\/\/blog.chouynard.ca\/?p=2758"},"modified":"2022-08-27T15:24:18","modified_gmt":"2022-08-27T19:24:18","slug":"image-de-la-semaine-19-aout-2022","status":"publish","type":"post","link":"https:\/\/blog.chouynard.ca\/?p=2758","title":{"rendered":"Image de la semaine &#8211; 19 ao\u00fbt 2022"},"content":{"rendered":"\n<p><strong>Pour se rafra\u00eechir un peu<\/strong><\/p>\n\n\n\n<p>Nous avons au Qu\u00e9bec un mois d\u2019ao\u00fbt 2022 tr\u00e8s agr\u00e9able jusqu\u2019\u00e0 maintenant.<br>Pour ne pas oublier que nos hivers ne sont pas toujours tr\u00e8s cl\u00e9ments, voici une image croqu\u00e9e il y a presque dix ans au pied de la C\u00f4te de la Montagne \u00e0 Qu\u00e9bec. L\u2019\u00e9v\u00e9nement : le Red Bull Crashed Ice, \u00e9dition de mars 2013.<\/p>\n\n\n\n<figure class=\"wp-block-image size-full is-style-default\"><a href=\"https:\/\/blog.chouynard.ca\/wp-content\/uploads\/2022\/08\/CrashedIce2013-scaled.jpg\"><img loading=\"lazy\" decoding=\"async\" width=\"2560\" height=\"1920\" src=\"https:\/\/blog.chouynard.ca\/wp-content\/uploads\/2022\/08\/CrashedIce2013-scaled.jpg\" alt=\"\" class=\"wp-image-2759\" srcset=\"https:\/\/blog.chouynard.ca\/wp-content\/uploads\/2022\/08\/CrashedIce2013-scaled.jpg 2560w, https:\/\/blog.chouynard.ca\/wp-content\/uploads\/2022\/08\/CrashedIce2013-300x225.jpg 300w\" sizes=\"auto, (max-width: 2560px) 100vw, 2560px\" \/><\/a><figcaption>Construction du parcours du <em>Crashed Ice<\/em> 2013 \u00e0 Qu\u00e9bec. Photo prise en 2013 <\/figcaption><\/figure>\n\n\n\n<p>Celui-ci, une course en patins \u00e0 glace sur une piste sp\u00e9cialement construite de toutes pi\u00e8ces et am\u00e9nag\u00e9e avec plusieurs sauts et p\u00e9rils, prenait place depuis 9 ans dans la Vieille Capitale. Ce fut la derni\u00e8re \u00e9dition. <\/p>\n\n\n\n<p>Le reverra-t-on un jour?<\/p>\n","protected":false},"excerpt":{"rendered":"<p>Pour se rafra\u00eechir un peu Nous avons au Qu\u00e9bec un mois d\u2019ao\u00fbt 2022 tr\u00e8s agr\u00e9able jusqu\u2019\u00e0 maintenant.Pour ne pas oublier que nos hivers ne sont pas toujours tr\u00e8s cl\u00e9ments, voici une image croqu\u00e9e il y a presque dix ans au &hellip; <a href=\"https:\/\/blog.chouynard.ca\/?p=2758\">Continuer la lecture <span class=\"meta-nav\">&rarr;<\/span><\/a><\/p>\n","protected":false},"author":4,"featured_media":0,"comment_status":"open","ping_status":"open","sticky":false,"template":"","format":"standard","meta":{"ngg_post_thumbnail":0,"footnotes":""},"categories":[1,145],"tags":[117,323,55],"class_list":["post-2758","post","type-post","status-publish","format-standard","hentry","category-eclectique","category-photo-de-la-semaine","tag-hiver","tag-patinoire","tag-quebec"],"jetpack_featured_media_url":"","_links":{"self":[{"href":"https:\/\/blog.chouynard.ca\/index.php?rest_route=\/wp\/v2\/posts\/2758","targetHints":{"allow":["GET"]}}],"collection":[{"href":"https:\/\/blog.chouynard.ca\/index.php?rest_route=\/wp\/v2\/posts"}],"about":[{"href":"https:\/\/blog.chouynard.ca\/index.php?rest_route=\/wp\/v2\/types\/post"}],"author":[{"embeddable":true,"href":"https:\/\/blog.chouynard.ca\/index.php?rest_route=\/wp\/v2\/users\/4"}],"replies":[{"embeddable":true,"href":"https:\/\/blog.chouynard.ca\/index.php?rest_route=%2Fwp%2Fv2%2Fcomments&post=2758"}],"version-history":[{"count":3,"href":"https:\/\/blog.chouynard.ca\/index.php?rest_route=\/wp\/v2\/posts\/2758\/revisions"}],"predecessor-version":[{"id":2762,"href":"https:\/\/blog.chouynard.ca\/index.php?rest_route=\/wp\/v2\/posts\/2758\/revisions\/2762"}],"wp:attachment":[{"href":"https:\/\/blog.chouynard.ca\/index.php?rest_route=%2Fwp%2Fv2%2Fmedia&parent=2758"}],"wp:term":[{"taxonomy":"category","embeddable":true,"href":"https:\/\/blog.chouynard.ca\/index.php?rest_route=%2Fwp%2Fv2%2Fcategories&post=2758"},{"taxonomy":"post_tag","embeddable":true,"href":"https:\/\/blog.chouynard.ca\/index.php?rest_route=%2Fwp%2Fv2%2Ftags&post=2758"}],"curies":[{"name":"wp","href":"https:\/\/api.w.org\/{rel}","templated":true}]}}