{"id":2813,"date":"2022-10-07T15:43:15","date_gmt":"2022-10-07T19:43:15","guid":{"rendered":"https:\/\/blog.chouynard.ca\/?p=2813"},"modified":"2022-10-07T15:52:41","modified_gmt":"2022-10-07T19:52:41","slug":"image-de-la-semaine-7-octobre-2022","status":"publish","type":"post","link":"https:\/\/blog.chouynard.ca\/?p=2813","title":{"rendered":"Image de la semaine &#8211; 7 octobre 2022"},"content":{"rendered":"\n<p><strong>L\u2019Iroquois<\/strong><\/p>\n\n\n\n<p>D\u00e9cembre 2021, lors d&rsquo;une promenade oisive dans le Vieux Montr\u00e9al, je m&rsquo;arr\u00eate au hasard au monument d\u00e9di\u00e9 au sieur de Maisonneuve, reconnu comme un des fondateurs de Ville-Marie (partie du Montr\u00e9al contemporain). J&rsquo;avais d\u00e9j\u00e0 aper\u00e7u l&rsquo;\u0153uvre monumentale datant de la fin du XIXe si\u00e8cle, sans m\u2019y attarder vraiment.<\/p>\n\n\n\n<p>L\u00e0, au contraire, je fige devant une des figures sculpt\u00e9es qui orne le coin le plus d\u00e9rob\u00e9 de l\u2019ensemble : l\u2019Iroquois (1).<\/p>\n\n\n\n<p><\/p>\n\n\n\n<figure class=\"wp-block-image size-large is-style-default\"><a href=\"https:\/\/blog.chouynard.ca\/wp-content\/uploads\/2022\/10\/Iroquois.jpg\"><img loading=\"lazy\" decoding=\"async\" width=\"732\" height=\"1024\" src=\"https:\/\/blog.chouynard.ca\/wp-content\/uploads\/2022\/10\/Iroquois-732x1024.jpg\" alt=\"\" class=\"wp-image-2814\" srcset=\"https:\/\/blog.chouynard.ca\/wp-content\/uploads\/2022\/10\/Iroquois-732x1024.jpg 732w, https:\/\/blog.chouynard.ca\/wp-content\/uploads\/2022\/10\/Iroquois-214x300.jpg 214w, https:\/\/blog.chouynard.ca\/wp-content\/uploads\/2022\/10\/Iroquois-768x1075.jpg 768w, https:\/\/blog.chouynard.ca\/wp-content\/uploads\/2022\/10\/Iroquois-1097x1536.jpg 1097w, https:\/\/blog.chouynard.ca\/wp-content\/uploads\/2022\/10\/Iroquois-1463x2048.jpg 1463w, https:\/\/blog.chouynard.ca\/wp-content\/uploads\/2022\/10\/Iroquois.jpg 1549w\" sizes=\"auto, (max-width: 732px) 100vw, 732px\" \/><\/a><figcaption>L\u2019Iroquois du monument \u00e0 de Maisonneuve \u00e0 la Place d\u2019Armes de Montr\u00e9al est l\u2019\u0153uvre du sculpteur Louis-Philippe H\u00e9bert inaugur\u00e9 en 1895 pour souligner le 250e anniversaire de la fondation de la ville. <br>Photo prise en 2021 <\/figcaption><\/figure>\n\n\n\n<p>Ce personnage me questionne grandement. Je refais le tour inquisiteur. Dans les trois autres coins se trouvent des personnes d\u2019origine fran\u00e7aise connus de l\u2019histoire du pays : Charles Le Moyne, Lambert Closse et Jeanne Mance. Les deux premiers sont des militaires tandis que la derni\u00e8re a fond\u00e9 l\u2019H\u00f4tel-Dieu \u00e0 l\u2019\u00e9poque du d\u00e9but de la colonie.<\/p>\n\n\n\n<p>Mais pourquoi, sur le m\u00eame niveau de lecture, la figure all\u00e9gorique d\u2019un am\u00e9rindien? D\u2019un Iroquois surtout?<\/p>\n\n\n\n<p>Les gens du Qu\u00e9bec de ma g\u00e9n\u00e9ration peuvent ais\u00e9ment trouver une explication. Selon ce qu\u2019on a appris \u00e0 la petite \u00e9cole, les Iroquois sont (ou \u00e9taient) un peuple brutal et sanguinaire qui voulaient exterminer les colons et les missionnaires fran\u00e7ais venus civiliser et r\u00e9pandre la bonne parole chr\u00e9tienne dans ce nouveau monde impie et sans culture. L\u2019Iroquois \u00e9tait l\u2019ennemi jur\u00e9, le type m\u00eame de l\u2019am\u00e9rindien qu\u2019on ne peut soumettre et domestiquer (contrairement aux bons Hurons par exemple).<\/p>\n\n\n\n<p>D\u2019ailleurs, ne retrouve-t-on pas cette citation du grand chef grav\u00e9e dans la pierre de la colonne centrale du monument : \u00ab\u00ab&nbsp;Il est de mon honneur d&rsquo;accomplir ma mission; tous les arbres de l&rsquo;\u00eele de Montr\u00e9al devraient-ils se changer en autant d&rsquo;Iroquois&nbsp;\u00bb &#8211; (paroles de Maisonneuve \u00e0 M. de Montmagny)\u00bb?<\/p>\n\n\n\n<p>Plus cr\u00fbs et explicites encore, deux bas-reliefs du m\u00eame monument montrent d\u2019une part une horde d\u2019iroquois massacrant des colons et intitul\u00e9 \u00abMort h\u00e9ro\u00efque de Dollard au Long Sault\u00bb et, d\u2019autre part, le meurtre \u00e0 bout portant d&rsquo;un chef militaire Am\u00e9rindien par Maisonneuve, intitul\u00e9 banalement \u00abExploit de la Place d\u2019Armes\u00bb.<\/p>\n\n\n\n<p>Les quelques petites recherches faites pour r\u00e9diger le pr\u00e9sent texte autour de cette \u00abimage de la semaine\u00bb, m\u2019a fait d\u00e9couvrir qu\u2019au Qu\u00e9bec \u00e9galement on s\u2019interroge sur la possibilit\u00e9 de d\u00e9boulonner des monuments. Voir par exemple cet article tr\u00e8s int\u00e9ressant de l\u2019ex-s\u00e9nateur Serge Joyal du 21 juin 2021 intitul\u00e9 \u00ab <a href=\"https:\/\/www.ledevoir.com\/opinion\/idees\/612156\/histoire-deboulonner-les-monuments-de-maisonneuve-et-de-dollard\" target=\"_blank\" rel=\"noreferrer noopener\">D\u00e9boulonner les monuments de Maisonneuve et de Dollard?<\/a> \u00bb<\/p>\n\n\n\n<p>Les temps changent, les opinions, les valeurs et\u2026l\u2019histoire aussi!<\/p>\n\n\n\n<p>(1)  Pour m\u00e9moire, les Iroquois n&rsquo;existent plus.  Leur autonyme, c&rsquo;est-\u00e0-dire le nom employ\u00e9 par une population pour se d\u00e9signer elle-m\u00eame est plut\u00f4t <strong>Haudenosaunee<\/strong>, qui signifie \u00ab\u00a0le peuple aux longues maisons.\u00bb Merci Wikipedia.<\/p>\n\n\n\n<p><\/p>\n\n\n\n<p><\/p>\n","protected":false},"excerpt":{"rendered":"<p>L\u2019Iroquois D\u00e9cembre 2021, lors d&rsquo;une promenade oisive dans le Vieux Montr\u00e9al, je m&rsquo;arr\u00eate au hasard au monument d\u00e9di\u00e9 au sieur de Maisonneuve, reconnu comme un des fondateurs de Ville-Marie (partie du Montr\u00e9al contemporain). J&rsquo;avais d\u00e9j\u00e0 aper\u00e7u l&rsquo;\u0153uvre monumentale datant de &hellip; <a href=\"https:\/\/blog.chouynard.ca\/?p=2813\">Continuer la lecture <span class=\"meta-nav\">&rarr;<\/span><\/a><\/p>\n","protected":false},"author":4,"featured_media":0,"comment_status":"open","ping_status":"open","sticky":false,"template":"","format":"standard","meta":{"ngg_post_thumbnail":0,"footnotes":""},"categories":[30,1,145],"tags":[167,290,371,105,372,373],"class_list":["post-2813","post","type-post","status-publish","format-standard","hentry","category-cest-la-vie","category-eclectique","category-photo-de-la-semaine","tag-amerindiens","tag-histoire","tag-maisonneuve","tag-montreal","tag-monument","tag-place-darmes"],"jetpack_featured_media_url":"","_links":{"self":[{"href":"https:\/\/blog.chouynard.ca\/index.php?rest_route=\/wp\/v2\/posts\/2813","targetHints":{"allow":["GET"]}}],"collection":[{"href":"https:\/\/blog.chouynard.ca\/index.php?rest_route=\/wp\/v2\/posts"}],"about":[{"href":"https:\/\/blog.chouynard.ca\/index.php?rest_route=\/wp\/v2\/types\/post"}],"author":[{"embeddable":true,"href":"https:\/\/blog.chouynard.ca\/index.php?rest_route=\/wp\/v2\/users\/4"}],"replies":[{"embeddable":true,"href":"https:\/\/blog.chouynard.ca\/index.php?rest_route=%2Fwp%2Fv2%2Fcomments&post=2813"}],"version-history":[{"count":7,"href":"https:\/\/blog.chouynard.ca\/index.php?rest_route=\/wp\/v2\/posts\/2813\/revisions"}],"predecessor-version":[{"id":2822,"href":"https:\/\/blog.chouynard.ca\/index.php?rest_route=\/wp\/v2\/posts\/2813\/revisions\/2822"}],"wp:attachment":[{"href":"https:\/\/blog.chouynard.ca\/index.php?rest_route=%2Fwp%2Fv2%2Fmedia&parent=2813"}],"wp:term":[{"taxonomy":"category","embeddable":true,"href":"https:\/\/blog.chouynard.ca\/index.php?rest_route=%2Fwp%2Fv2%2Fcategories&post=2813"},{"taxonomy":"post_tag","embeddable":true,"href":"https:\/\/blog.chouynard.ca\/index.php?rest_route=%2Fwp%2Fv2%2Ftags&post=2813"}],"curies":[{"name":"wp","href":"https:\/\/api.w.org\/{rel}","templated":true}]}}