{"id":2825,"date":"2022-10-19T15:12:32","date_gmt":"2022-10-19T19:12:32","guid":{"rendered":"https:\/\/blog.chouynard.ca\/?p=2825"},"modified":"2022-10-19T15:12:34","modified_gmt":"2022-10-19T19:12:34","slug":"image-de-la-semaine-19-octobre-2022","status":"publish","type":"post","link":"https:\/\/blog.chouynard.ca\/?p=2825","title":{"rendered":"Image de la semaine &#8211; 19 octobre 2022"},"content":{"rendered":"\n<p><strong>Ah\u2026l\u2019automne!<\/strong><\/p>\n\n\n\n<p>Une saison remarquable pour les yeux, l\u2019automne est aussi une saison de transition qui permet de se faire \u00e0 l\u2019id\u00e9e que les temps froids se rapprochent. J\u2019appr\u00e9cie cette saison surtout pour les magnifiques paysages aux riches couleurs ainsi que pour les douces promenades dans la nature.<\/p>\n\n\n\n<figure class=\"wp-block-image size-full is-style-default\"><a href=\"https:\/\/blog.chouynard.ca\/wp-content\/uploads\/2022\/10\/AhlAutomne-scaled.jpg\"><img loading=\"lazy\" decoding=\"async\" width=\"2560\" height=\"1920\" src=\"https:\/\/blog.chouynard.ca\/wp-content\/uploads\/2022\/10\/AhlAutomne-scaled.jpg\" alt=\"\" class=\"wp-image-2826\" srcset=\"https:\/\/blog.chouynard.ca\/wp-content\/uploads\/2022\/10\/AhlAutomne-scaled.jpg 2560w, https:\/\/blog.chouynard.ca\/wp-content\/uploads\/2022\/10\/AhlAutomne-300x225.jpg 300w\" sizes=\"auto, (max-width: 2560px) 100vw, 2560px\" \/><\/a><figcaption>Les fleurs \u00e0 leur d\u00e9clin, qui demeurent parfois magnifiques, les feuilles qui rougissent, jaunissent et sombrent au sol, le temps plus frais qui s\u2019installe, tel est l\u2019automne comme on la connait au Qu\u00e9bec. Photo prise en 2017\n<\/figcaption><\/figure>\n\n\n\n<p>Toutefois, il me faut \u00e0 tout prix demeurer dans le pr\u00e9sent. Ce qui, en r\u00e9alit\u00e9, je pense, doit demeurer un principe de base dans la vie. Mais, comme je disais\u2026 les temps froids se rapprochent!<\/p>\n","protected":false},"excerpt":{"rendered":"<p>Ah\u2026l\u2019automne! Une saison remarquable pour les yeux, l\u2019automne est aussi une saison de transition qui permet de se faire \u00e0 l\u2019id\u00e9e que les temps froids se rapprochent. J\u2019appr\u00e9cie cette saison surtout pour les magnifiques paysages aux riches couleurs ainsi que &hellip; <a href=\"https:\/\/blog.chouynard.ca\/?p=2825\">Continuer la lecture <span class=\"meta-nav\">&rarr;<\/span><\/a><\/p>\n","protected":false},"author":4,"featured_media":0,"comment_status":"open","ping_status":"open","sticky":false,"template":"","format":"standard","meta":{"ngg_post_thumbnail":0,"footnotes":""},"categories":[30,1,145],"tags":[241,374,356,55],"class_list":["post-2825","post","type-post","status-publish","format-standard","hentry","category-cest-la-vie","category-eclectique","category-photo-de-la-semaine","tag-automne","tag-le-present","tag-paysage","tag-quebec"],"jetpack_featured_media_url":"","_links":{"self":[{"href":"https:\/\/blog.chouynard.ca\/index.php?rest_route=\/wp\/v2\/posts\/2825","targetHints":{"allow":["GET"]}}],"collection":[{"href":"https:\/\/blog.chouynard.ca\/index.php?rest_route=\/wp\/v2\/posts"}],"about":[{"href":"https:\/\/blog.chouynard.ca\/index.php?rest_route=\/wp\/v2\/types\/post"}],"author":[{"embeddable":true,"href":"https:\/\/blog.chouynard.ca\/index.php?rest_route=\/wp\/v2\/users\/4"}],"replies":[{"embeddable":true,"href":"https:\/\/blog.chouynard.ca\/index.php?rest_route=%2Fwp%2Fv2%2Fcomments&post=2825"}],"version-history":[{"count":1,"href":"https:\/\/blog.chouynard.ca\/index.php?rest_route=\/wp\/v2\/posts\/2825\/revisions"}],"predecessor-version":[{"id":2827,"href":"https:\/\/blog.chouynard.ca\/index.php?rest_route=\/wp\/v2\/posts\/2825\/revisions\/2827"}],"wp:attachment":[{"href":"https:\/\/blog.chouynard.ca\/index.php?rest_route=%2Fwp%2Fv2%2Fmedia&parent=2825"}],"wp:term":[{"taxonomy":"category","embeddable":true,"href":"https:\/\/blog.chouynard.ca\/index.php?rest_route=%2Fwp%2Fv2%2Fcategories&post=2825"},{"taxonomy":"post_tag","embeddable":true,"href":"https:\/\/blog.chouynard.ca\/index.php?rest_route=%2Fwp%2Fv2%2Ftags&post=2825"}],"curies":[{"name":"wp","href":"https:\/\/api.w.org\/{rel}","templated":true}]}}