{"id":2840,"date":"2023-01-12T17:36:07","date_gmt":"2023-01-12T22:36:07","guid":{"rendered":"https:\/\/blog.chouynard.ca\/?p=2840"},"modified":"2023-01-20T12:35:32","modified_gmt":"2023-01-20T17:35:32","slug":"image-de-la-semaine-12-janvier-2023","status":"publish","type":"post","link":"https:\/\/blog.chouynard.ca\/?p=2840","title":{"rendered":"Image de la semaine &#8211; 12 janvier 2023"},"content":{"rendered":"\n<p><strong>La Seine\u2026 il y a 30 ans!<\/strong><\/p>\n\n\n\n<p>Souvenir d\u2019un passage en tant que mus\u00e9ologue, \u00e0 Paris, en novembre 1993.<\/p>\n\n\n\n<figure class=\"wp-block-image size-large is-style-default\"><a href=\"https:\/\/blog.chouynard.ca\/wp-content\/uploads\/2023\/01\/LaSeine1993-scaled.jpg\"><img loading=\"lazy\" decoding=\"async\" width=\"1024\" height=\"732\" src=\"https:\/\/blog.chouynard.ca\/wp-content\/uploads\/2023\/01\/LaSeine1993-1024x732.jpg\" alt=\"\" class=\"wp-image-2841\" srcset=\"https:\/\/blog.chouynard.ca\/wp-content\/uploads\/2023\/01\/LaSeine1993-1024x732.jpg 1024w, https:\/\/blog.chouynard.ca\/wp-content\/uploads\/2023\/01\/LaSeine1993-300x214.jpg 300w, https:\/\/blog.chouynard.ca\/wp-content\/uploads\/2023\/01\/LaSeine1993-768x549.jpg 768w, https:\/\/blog.chouynard.ca\/wp-content\/uploads\/2023\/01\/LaSeine1993-1536x1097.jpg 1536w, https:\/\/blog.chouynard.ca\/wp-content\/uploads\/2023\/01\/LaSeine1993-2048x1463.jpg 2048w\" sizes=\"auto, (max-width: 1024px) 100vw, 1024px\" \/><\/a><figcaption class=\"wp-element-caption\"><em>Moment calme aux abords de la Seine en plein c\u0153ur de Paris. Photo prise en 1993<\/em><\/figcaption><\/figure>\n\n\n\n<p>Sur les bords de la Seine, face au Pont du Carrousel, on voit des p\u00e9niches et, sur une d\u2019elle, l\u2019annonce du \u00abTh\u00e9\u00e2tre La Mare au Diable\u00bb. On aper\u00e7oit sur l\u2019autre rive, face au pont, le Pavillon de la Tr\u00e9mouille dont les grandes portes en arche donnent acc\u00e8s \u00e0 la Place du Carrousel, juste en face de la Pyramide du Louvre.<\/p>\n\n\n\n<p>Int\u00e9ressant de voir, sur le quai, tous ces v\u00e9hicules o\u00f9 le petit format domine alors qu\u2019on imaginait s\u00fbrement pas l\u2019avenir \u00e9lectrique des transports qui est le lot des ann\u00e9es 2020.<\/p>\n","protected":false},"excerpt":{"rendered":"<p>La Seine\u2026 il y a 30 ans! Souvenir d\u2019un passage en tant que mus\u00e9ologue, \u00e0 Paris, en novembre 1993. Sur les bords de la Seine, face au Pont du Carrousel, on voit des p\u00e9niches et, sur une d\u2019elle, l\u2019annonce du &hellip; <a href=\"https:\/\/blog.chouynard.ca\/?p=2840\">Continuer la lecture <span class=\"meta-nav\">&rarr;<\/span><\/a><\/p>\n","protected":false},"author":4,"featured_media":0,"comment_status":"open","ping_status":"open","sticky":false,"template":"","format":"standard","meta":{"ngg_post_thumbnail":0,"footnotes":""},"categories":[1,145],"tags":[376,378,377,162,138,379],"class_list":["post-2840","post","type-post","status-publish","format-standard","hentry","category-eclectique","category-photo-de-la-semaine","tag-20e-siecle","tag-automobile","tag-louvre","tag-paris","tag-pont","tag-transport"],"jetpack_featured_media_url":"","_links":{"self":[{"href":"https:\/\/blog.chouynard.ca\/index.php?rest_route=\/wp\/v2\/posts\/2840","targetHints":{"allow":["GET"]}}],"collection":[{"href":"https:\/\/blog.chouynard.ca\/index.php?rest_route=\/wp\/v2\/posts"}],"about":[{"href":"https:\/\/blog.chouynard.ca\/index.php?rest_route=\/wp\/v2\/types\/post"}],"author":[{"embeddable":true,"href":"https:\/\/blog.chouynard.ca\/index.php?rest_route=\/wp\/v2\/users\/4"}],"replies":[{"embeddable":true,"href":"https:\/\/blog.chouynard.ca\/index.php?rest_route=%2Fwp%2Fv2%2Fcomments&post=2840"}],"version-history":[{"count":3,"href":"https:\/\/blog.chouynard.ca\/index.php?rest_route=\/wp\/v2\/posts\/2840\/revisions"}],"predecessor-version":[{"id":2849,"href":"https:\/\/blog.chouynard.ca\/index.php?rest_route=\/wp\/v2\/posts\/2840\/revisions\/2849"}],"wp:attachment":[{"href":"https:\/\/blog.chouynard.ca\/index.php?rest_route=%2Fwp%2Fv2%2Fmedia&parent=2840"}],"wp:term":[{"taxonomy":"category","embeddable":true,"href":"https:\/\/blog.chouynard.ca\/index.php?rest_route=%2Fwp%2Fv2%2Fcategories&post=2840"},{"taxonomy":"post_tag","embeddable":true,"href":"https:\/\/blog.chouynard.ca\/index.php?rest_route=%2Fwp%2Fv2%2Ftags&post=2840"}],"curies":[{"name":"wp","href":"https:\/\/api.w.org\/{rel}","templated":true}]}}