{"id":2860,"date":"2023-02-03T15:08:03","date_gmt":"2023-02-03T20:08:03","guid":{"rendered":"https:\/\/blog.chouynard.ca\/?p=2860"},"modified":"2023-02-10T13:20:02","modified_gmt":"2023-02-10T18:20:02","slug":"image-de-la-semaine-3-fevrier-2023","status":"publish","type":"post","link":"https:\/\/blog.chouynard.ca\/?p=2860","title":{"rendered":"Image de la semaine &#8211; 3 f\u00e9vrier 2023"},"content":{"rendered":"\n<p><strong>M\u00e9lancolie bosniaque<\/strong><\/p>\n\n\n\n<p>En basse-ville de Qu\u00e9bec, les piliers de l\u2019autoroute Dufferin-Montmorency ont depuis toujours \u00e9t\u00e9 tr\u00e8s appr\u00e9ci\u00e9s des graffiteurs locaux. Certaines inscriptions ou dessins ont des qualit\u00e9s artistiques \u00e9videntes et enrichissent le paysage urbain. D\u2019autres par contre, selon les r\u00e8glements municipaux, peuvent voir leurs auteurs poursuivis pour vandalisme!<\/p>\n\n\n\n<figure class=\"wp-block-image size-large is-style-default\"><a href=\"https:\/\/blog.chouynard.ca\/wp-content\/uploads\/2023\/02\/Bosna387-3-scaled.jpg\"><img loading=\"lazy\" decoding=\"async\" width=\"1024\" height=\"768\" src=\"https:\/\/blog.chouynard.ca\/wp-content\/uploads\/2023\/02\/Bosna387-3-1024x768.jpg\" alt=\"\" class=\"wp-image-2866\" srcset=\"https:\/\/blog.chouynard.ca\/wp-content\/uploads\/2023\/02\/Bosna387-3-1024x768.jpg 1024w, https:\/\/blog.chouynard.ca\/wp-content\/uploads\/2023\/02\/Bosna387-3-300x225.jpg 300w, https:\/\/blog.chouynard.ca\/wp-content\/uploads\/2023\/02\/Bosna387-3-768x576.jpg 768w, https:\/\/blog.chouynard.ca\/wp-content\/uploads\/2023\/02\/Bosna387-3-1536x1152.jpg 1536w, https:\/\/blog.chouynard.ca\/wp-content\/uploads\/2023\/02\/Bosna387-3-2048x1536.jpg 2048w\" sizes=\"auto, (max-width: 1024px) 100vw, 1024px\" \/><\/a><figcaption class=\"wp-element-caption\"><em>L\u2019auteur de ce graffiti (<\/em>MELIO?<em>) lance-t-il un \u00e9mouvant cri m\u00e9lancolique vers son pays d\u2019origine ? BOSNA est le terme bosniaque pour Bosnie. L\u2019indicatif international de la Bosnie-Herz\u00e9govine est le 387. Photo prise en 2009<\/em> <\/figcaption><\/figure>\n\n\n\n<p>\u00c0 la fin du vingti\u00e8me si\u00e8cle, la r\u00e9gion des Balkans, cette p\u00e9ninsule situ\u00e9e au sud de l\u2019Europe, \u00e0 l\u2019est de la mer Adriatique, a \u00e9t\u00e9 l\u2019objet de conflits importants au moment o\u00f9 se scindait, dans l\u2019acrimonie la plus totale, l\u2019ancienne Yougoslavie. Bien que la souverainet\u00e9 de la Bosnie-Herz\u00e9govine fut proclam\u00e9 en 1991, le conflit entre les diff\u00e9rentes ethnies en pr\u00e9sence s\u2019est poursuivit plusieurs ann\u00e9es. On n\u2019oublie difficilement ce massacre horrible de Srebrenica, en 1995, o\u00f9 des milliers d\u2019hommes et d\u2019adolescents bosniaques p\u00e9rirent.<\/p>\n\n\n\n<!--more-->\n\n\n\n<p>Suite \u00e0 cet \u00e9pisode peu reluisant de l\u2019histoire, le Qu\u00e9bec a accueilli son lot de migrants provenant de ces pays qui \u00e9merg\u00e8rent de l\u2019ancienne Yougoslavie.<\/p>\n\n\n\n<p>Aujourd\u2019hui, l\u2019immigration vient d\u2019ailleurs et passe en partie par le fameux chemin Roxham, au sud de la province, que plusieurs voudraient fermer afin que se r\u00e9gularise l\u2019arriv\u00e9e des migrants provenant des \u00c9tats-Unis.<\/p>\n\n\n\n<p>Autre sujet br\u00fblant d\u2019actualit\u00e9 au pays, cette nomination d\u2019une repr\u00e9sentante sp\u00e9ciale du Canada charg\u00e9e de la lutte contre l\u2019islamophobie. Celle-ci, madame Amira Elghawaby n\u2019est s\u00fbrement pas au bout de sa croisade. Pour r\u00e9ussir \u00e0 vraiment lutter contre la peur qu\u2019inspire cette religion, elle devrait avoir pour objectif ultime de nous la faire aimer. Gros mandat!<\/p>\n\n\n\n<p>Pour conclure, rappelons que les victimes du g\u00e9nocide de Srebrenica n\u2019\u00e9taient autres que des musulmans. De plus, selon <a rel=\"noreferrer noopener\" href=\"https:\/\/fr.wikipedia.org\/wiki\/Bosnie-Herz%C3%A9govine\" target=\"_blank\">Wikipedia<\/a>, plus de 50% de la Bosnie-Herz\u00e9govine \u00e9tait de confession musulmane en 2016.<\/p>\n","protected":false},"excerpt":{"rendered":"<p>M\u00e9lancolie bosniaque En basse-ville de Qu\u00e9bec, les piliers de l\u2019autoroute Dufferin-Montmorency ont depuis toujours \u00e9t\u00e9 tr\u00e8s appr\u00e9ci\u00e9s des graffiteurs locaux. Certaines inscriptions ou dessins ont des qualit\u00e9s artistiques \u00e9videntes et enrichissent le paysage urbain. D\u2019autres par contre, selon les r\u00e8glements &hellip; <a href=\"https:\/\/blog.chouynard.ca\/?p=2860\">Continuer la lecture <span class=\"meta-nav\">&rarr;<\/span><\/a><\/p>\n","protected":false},"author":4,"featured_media":0,"comment_status":"open","ping_status":"open","sticky":false,"template":"","format":"standard","meta":{"ngg_post_thumbnail":0,"footnotes":""},"categories":[1,145],"tags":[384,382,383,385,108,55],"class_list":["post-2860","post","type-post","status-publish","format-standard","hentry","category-eclectique","category-photo-de-la-semaine","tag-balkans","tag-bosnie-herzegovine","tag-graffiti","tag-immigration","tag-islam","tag-quebec"],"jetpack_featured_media_url":"","_links":{"self":[{"href":"https:\/\/blog.chouynard.ca\/index.php?rest_route=\/wp\/v2\/posts\/2860","targetHints":{"allow":["GET"]}}],"collection":[{"href":"https:\/\/blog.chouynard.ca\/index.php?rest_route=\/wp\/v2\/posts"}],"about":[{"href":"https:\/\/blog.chouynard.ca\/index.php?rest_route=\/wp\/v2\/types\/post"}],"author":[{"embeddable":true,"href":"https:\/\/blog.chouynard.ca\/index.php?rest_route=\/wp\/v2\/users\/4"}],"replies":[{"embeddable":true,"href":"https:\/\/blog.chouynard.ca\/index.php?rest_route=%2Fwp%2Fv2%2Fcomments&post=2860"}],"version-history":[{"count":6,"href":"https:\/\/blog.chouynard.ca\/index.php?rest_route=\/wp\/v2\/posts\/2860\/revisions"}],"predecessor-version":[{"id":2884,"href":"https:\/\/blog.chouynard.ca\/index.php?rest_route=\/wp\/v2\/posts\/2860\/revisions\/2884"}],"wp:attachment":[{"href":"https:\/\/blog.chouynard.ca\/index.php?rest_route=%2Fwp%2Fv2%2Fmedia&parent=2860"}],"wp:term":[{"taxonomy":"category","embeddable":true,"href":"https:\/\/blog.chouynard.ca\/index.php?rest_route=%2Fwp%2Fv2%2Fcategories&post=2860"},{"taxonomy":"post_tag","embeddable":true,"href":"https:\/\/blog.chouynard.ca\/index.php?rest_route=%2Fwp%2Fv2%2Ftags&post=2860"}],"curies":[{"name":"wp","href":"https:\/\/api.w.org\/{rel}","templated":true}]}}