{"id":2905,"date":"2023-03-02T14:22:20","date_gmt":"2023-03-02T19:22:20","guid":{"rendered":"https:\/\/blog.chouynard.ca\/?p=2905"},"modified":"2023-03-02T14:22:21","modified_gmt":"2023-03-02T19:22:21","slug":"image-de-la-semaine-2-mars-2023","status":"publish","type":"post","link":"https:\/\/blog.chouynard.ca\/?p=2905","title":{"rendered":"Image de la semaine 2 mars 2023"},"content":{"rendered":"\n<p><strong>Cuba si!<\/strong><\/p>\n\n\n\n<p>Lors de ma seule visite dans cette \u00eele merveilleuse des Antilles, je n\u2019ai pu qu\u2019appr\u00e9cier les chauds rayons du soleil, les plages magnifiques, l\u2019eau de mer chaleureuse, tout comme l\u2019accueil des r\u00e9sidents. S\u00e9journant sur la rive nord de l\u2019\u00cele, en face des Keys de la Floride, je songeais aux \u00e9ventuels malheureux qui, \u00e0 l\u2019endroit m\u00eame o\u00f9 je me trouvait, pourraient se demander si le bonheur, le vrai, ne se trouverait pas de l\u2019autre cot\u00e9. Le malheur d&rsquo;ici ne vaudrait-il pas la peine de tout risquer pour enfin trouver la f\u00e9licit\u00e9?<\/p>\n\n\n\n<figure class=\"wp-block-image size-full is-style-default\"><a href=\"https:\/\/blog.chouynard.ca\/wp-content\/uploads\/2023\/02\/BiciPlagCuba17-scaled.jpg\"><img loading=\"lazy\" decoding=\"async\" width=\"2560\" height=\"1920\" src=\"https:\/\/blog.chouynard.ca\/wp-content\/uploads\/2023\/02\/BiciPlagCuba17-scaled.jpg\" alt=\"\" class=\"wp-image-2906\" srcset=\"https:\/\/blog.chouynard.ca\/wp-content\/uploads\/2023\/02\/BiciPlagCuba17-scaled.jpg 2560w, https:\/\/blog.chouynard.ca\/wp-content\/uploads\/2023\/02\/BiciPlagCuba17-300x225.jpg 300w\" sizes=\"auto, (max-width: 2560px) 100vw, 2560px\" \/><\/a><figcaption class=\"wp-element-caption\"><em>Une bicyclette esseul\u00e9e stationn\u00e9e sur cette plage de sable blanc laisse songeur! Son propri\u00e9taire s\u2019est il lanc\u00e9 en bateau ou \u00e0 la nage afin de franchir le d\u00e9troit de Floride (<\/em>Estrecho de Florida<em>) qu\u2019on aper\u00e7oit \u00e0 perte de vue \u2026. ? Photo prise en 2017 <\/em><\/figcaption><\/figure>\n\n\n\n<p>Deux chansons me sont alors venus \u00e0 l\u2019esprit devant ce merveilleux paysage. Celle de Jean Ferrat d\u2019abord avec son <em>Cuba si!<\/em>. Celle de Richard Desjardins ensuite, <em>Miami<\/em>. De quoi rejoindre chaque cot\u00e9 du D\u00e9troit.<\/p>\n\n\n\n<p><em>Cuba si!<\/em> (extrait)<br>La nuit quand je m\u2019en vais \u00e0 r\u00eave d\u00e9couvert<br>Quand j\u2019ouvre mon \u00e9cluse \u00e0 toutes les d\u00e9rives<br>Cuba dans un remous de crocodile vert<br>Cuba c\u2019est chez toi que j\u2019arrive<\/p>\n\n\n\n<p>Je rencontre un vieux n\u00e8gre aux yeux de bois br\u00fblant<br>Assis devant la mer grain de caf\u00e9 torride<br>Le front dans le soleil il me montre en riant<br>L\u00e0-bas, les c\u00f4tes de Floride<br>(\u2026)<\/p>\n\n\n\n<p><em>Miami<\/em> (extrait)<br>(\u2026)<br>Soudain, soudain, l\u2019alerte au large :<br>\u00a0\u00bb Peuple \u00e0 la mer! Peuple \u00e0 la mer! \u00ab\u00a0<br>Encore ces mis\u00e9rables barges<br>qui viennent vomir \u00e0 nos fronti\u00e8res.<\/p>\n\n\n\n<p>Les vedettes d\u2019la US Navy<br>s\u2019en viennent tester le droit de l\u2019homme;<br>la derni\u00e8re fois, elles l\u2019ont trouv\u00e9<br>dans le fond d\u2019une bouteille de rhum.<\/p>\n\n\n\n<p>Le n\u00e9grito, le flic aux trousses,<br>se jette \u00e0 l\u2019eau avant la pince;<br>les dents du requin sont plus douces<br>que les soir\u00e9es de Port-au-Prince.<\/p>\n\n\n\n<p>Oui, je sais, Port-au-Prince c\u2019est en Haiti et id\u00e9al pour la rime. Cependant, l\u00e0-bas plus qu\u2019ailleurs, l\u2019espoir d\u2019un bonheur simple et sans violence est un fantasme qui tient plut\u00f4t de l\u2019irr\u00e9el. Et le d\u00e9fi d\u2019y parvenir en traversant la grande soupe s\u2019annonce d\u2019autant plus co\u00fbteux.<\/p>\n","protected":false},"excerpt":{"rendered":"<p>Cuba si! Lors de ma seule visite dans cette \u00eele merveilleuse des Antilles, je n\u2019ai pu qu\u2019appr\u00e9cier les chauds rayons du soleil, les plages magnifiques, l\u2019eau de mer chaleureuse, tout comme l\u2019accueil des r\u00e9sidents. S\u00e9journant sur la rive nord de &hellip; <a href=\"https:\/\/blog.chouynard.ca\/?p=2905\">Continuer la lecture <span class=\"meta-nav\">&rarr;<\/span><\/a><\/p>\n","protected":false},"author":4,"featured_media":0,"comment_status":"open","ping_status":"open","sticky":false,"template":"","format":"standard","meta":{"ngg_post_thumbnail":0,"footnotes":""},"categories":[1,145],"tags":[397,120,289,396,395,119,398,76,235],"class_list":["post-2905","post","type-post","status-publish","format-standard","hentry","category-eclectique","category-photo-de-la-semaine","tag-bonheur","tag-chanson","tag-cuba","tag-floride","tag-haiti","tag-mer","tag-migration","tag-plage","tag-poesie"],"jetpack_featured_media_url":"","_links":{"self":[{"href":"https:\/\/blog.chouynard.ca\/index.php?rest_route=\/wp\/v2\/posts\/2905","targetHints":{"allow":["GET"]}}],"collection":[{"href":"https:\/\/blog.chouynard.ca\/index.php?rest_route=\/wp\/v2\/posts"}],"about":[{"href":"https:\/\/blog.chouynard.ca\/index.php?rest_route=\/wp\/v2\/types\/post"}],"author":[{"embeddable":true,"href":"https:\/\/blog.chouynard.ca\/index.php?rest_route=\/wp\/v2\/users\/4"}],"replies":[{"embeddable":true,"href":"https:\/\/blog.chouynard.ca\/index.php?rest_route=%2Fwp%2Fv2%2Fcomments&post=2905"}],"version-history":[{"count":8,"href":"https:\/\/blog.chouynard.ca\/index.php?rest_route=\/wp\/v2\/posts\/2905\/revisions"}],"predecessor-version":[{"id":2915,"href":"https:\/\/blog.chouynard.ca\/index.php?rest_route=\/wp\/v2\/posts\/2905\/revisions\/2915"}],"wp:attachment":[{"href":"https:\/\/blog.chouynard.ca\/index.php?rest_route=%2Fwp%2Fv2%2Fmedia&parent=2905"}],"wp:term":[{"taxonomy":"category","embeddable":true,"href":"https:\/\/blog.chouynard.ca\/index.php?rest_route=%2Fwp%2Fv2%2Fcategories&post=2905"},{"taxonomy":"post_tag","embeddable":true,"href":"https:\/\/blog.chouynard.ca\/index.php?rest_route=%2Fwp%2Fv2%2Ftags&post=2905"}],"curies":[{"name":"wp","href":"https:\/\/api.w.org\/{rel}","templated":true}]}}