{"id":2942,"date":"2023-05-01T10:23:49","date_gmt":"2023-05-01T14:23:49","guid":{"rendered":"https:\/\/blog.chouynard.ca\/?p=2942"},"modified":"2023-05-01T10:23:50","modified_gmt":"2023-05-01T14:23:50","slug":"exposition-artistique-2023-a-sillery","status":"publish","type":"post","link":"https:\/\/blog.chouynard.ca\/?p=2942","title":{"rendered":"Exposition artistique 2023 \u00e0 Sillery"},"content":{"rendered":"\n<p><strong>\u00c0 ne pas manquer du 5 au 7 mai prochain<\/strong><\/p>\n\n\n\n<p>Absent du radar culturel depuis quelques ann\u00e9es en raison de la fameuse pand\u00e9mie, les diff\u00e9rents groupes de cr\u00e9ation du Centre communautaire No\u00ebl-Brulart se sont \u00e0 nouveau r\u00e9unis afin de pr\u00e9senter leurs \u0153uvres de production r\u00e9cente. <\/p>\n\n\n\n<figure class=\"wp-block-image size-full is-style-default\"><a href=\"https:\/\/blog.chouynard.ca\/wp-content\/uploads\/2023\/05\/Poster-2023.jpg\"><img loading=\"lazy\" decoding=\"async\" width=\"640\" height=\"428\" src=\"https:\/\/blog.chouynard.ca\/wp-content\/uploads\/2023\/05\/Poster-2023.jpg\" alt=\"\" class=\"wp-image-2944\" srcset=\"https:\/\/blog.chouynard.ca\/wp-content\/uploads\/2023\/05\/Poster-2023.jpg 640w, https:\/\/blog.chouynard.ca\/wp-content\/uploads\/2023\/05\/Poster-2023-300x201.jpg 300w\" sizes=\"auto, (max-width: 640px) 100vw, 640px\" \/><\/a><\/figure>\n\n\n\n<p>Pour une information plus compl\u00e8te, nous reprenons ici le communiqu\u00e9 de presse :<\/p>\n\n\n\n<p><em>Qu\u00e9bec, le 18 avril 2023 \u2013 \u00c0 nouveau cette ann\u00e9e, le Centre communautaire No\u00ebl-Brulart sera l\u2019h\u00f4te d\u2019une splendide Exposition artistique mettant en valeur le travail de nombreux artistes de m\u00e9tiers d\u2019arts visuels et textiles. L\u2019activit\u00e9 se d\u00e9roulera du vendredi 5 mai jusqu\u2019au dimanche 7 mai 2023.<br>Vernissage \u2014 Pr\u00e9sent\u00e9e par les exposants du centre communautaire, en collaboration avec la Ville de Qu\u00e9bec, l\u2019exposition artistique sera lanc\u00e9e officiellement lors d\u2019un vernissage. Celui-ci aura lieu dans la grande salle du sous-sol (RC-03), le vendredi \u00e0 compter de 18 h 30. Les organismes participants sont les suivants : la Ruche (tisserandes), la Guilde des courtepointi\u00e8res appliqu\u00e9es, les Ateliers Teresa Pacheco (peinture), le Club de photo F:1 et la Guilde des dentelli\u00e8res et des brodeuses.<br>Exposition artistique \u2014 Durant toute la fin de semaine, venez admirer le travail minutieux accompli par les divers artistes-exposants, que ce soit dans le domaine des arts textiles ou des arts visuels. Les artistes seront fiers de vous d\u00e9voiler leurs oeuvres \u00e0 compter du vendredi 5 mai jusqu\u2019au dimanche 7 mai. Les diff\u00e9rents locaux d\u2019exposition, r\u00e9partis sur les trois \u00e9tages du centre communautaire, valent vraiment le d\u00e9tour et sont tous accessibles pour les personnes \u00e0 mobilit\u00e9 r\u00e9duite.<br>Pour de plus amples d\u00e9tails, veuillez communiquer avec<br>C\u00e9line Marchand : celma1303@gmail.com ou<br>Chantal Fortin : laruchetisserandes.tresoriere@gmail.com<\/em><\/p>\n\n\n\n<p>Rappelons que le centre communautaire No\u00ebl-Brulart est situ\u00e9 au 1229, avenue Chanoine-Morel \u00e0 Qu\u00e9bec dans le quartier Sillery.<\/p>\n","protected":false},"excerpt":{"rendered":"<p>\u00c0 ne pas manquer du 5 au 7 mai prochain Absent du radar culturel depuis quelques ann\u00e9es en raison de la fameuse pand\u00e9mie, les diff\u00e9rents groupes de cr\u00e9ation du Centre communautaire No\u00ebl-Brulart se sont \u00e0 nouveau r\u00e9unis afin de pr\u00e9senter &hellip; <a href=\"https:\/\/blog.chouynard.ca\/?p=2942\">Continuer la lecture <span class=\"meta-nav\">&rarr;<\/span><\/a><\/p>\n","protected":false},"author":4,"featured_media":0,"comment_status":"open","ping_status":"open","sticky":false,"template":"","format":"standard","meta":{"ngg_post_thumbnail":0,"footnotes":""},"categories":[22,1,132],"tags":[40,43,41,55],"class_list":["post-2942","post","type-post","status-publish","format-standard","hentry","category-annonce","category-eclectique","category-experience-picturale","tag-arts-visuels","tag-ateliers-t-pacheco","tag-exposition","tag-quebec"],"jetpack_featured_media_url":"","_links":{"self":[{"href":"https:\/\/blog.chouynard.ca\/index.php?rest_route=\/wp\/v2\/posts\/2942","targetHints":{"allow":["GET"]}}],"collection":[{"href":"https:\/\/blog.chouynard.ca\/index.php?rest_route=\/wp\/v2\/posts"}],"about":[{"href":"https:\/\/blog.chouynard.ca\/index.php?rest_route=\/wp\/v2\/types\/post"}],"author":[{"embeddable":true,"href":"https:\/\/blog.chouynard.ca\/index.php?rest_route=\/wp\/v2\/users\/4"}],"replies":[{"embeddable":true,"href":"https:\/\/blog.chouynard.ca\/index.php?rest_route=%2Fwp%2Fv2%2Fcomments&post=2942"}],"version-history":[{"count":6,"href":"https:\/\/blog.chouynard.ca\/index.php?rest_route=\/wp\/v2\/posts\/2942\/revisions"}],"predecessor-version":[{"id":2949,"href":"https:\/\/blog.chouynard.ca\/index.php?rest_route=\/wp\/v2\/posts\/2942\/revisions\/2949"}],"wp:attachment":[{"href":"https:\/\/blog.chouynard.ca\/index.php?rest_route=%2Fwp%2Fv2%2Fmedia&parent=2942"}],"wp:term":[{"taxonomy":"category","embeddable":true,"href":"https:\/\/blog.chouynard.ca\/index.php?rest_route=%2Fwp%2Fv2%2Fcategories&post=2942"},{"taxonomy":"post_tag","embeddable":true,"href":"https:\/\/blog.chouynard.ca\/index.php?rest_route=%2Fwp%2Fv2%2Ftags&post=2942"}],"curies":[{"name":"wp","href":"https:\/\/api.w.org\/{rel}","templated":true}]}}