{"id":3027,"date":"2023-08-11T16:54:03","date_gmt":"2023-08-11T20:54:03","guid":{"rendered":"https:\/\/blog.chouynard.ca\/?p=3027"},"modified":"2023-08-11T16:55:22","modified_gmt":"2023-08-11T20:55:22","slug":"image-de-la-semaine__-aout-2023","status":"publish","type":"post","link":"https:\/\/blog.chouynard.ca\/?p=3027","title":{"rendered":"Image de la semaine 11 ao\u00fbt 2023"},"content":{"rendered":"\n<p><strong>Y\u2019a de ces expressions (en fran\u00e7ais)<\/strong><\/p>\n\n\n\n<p>Dans un article lu r\u00e9cemment, une personne qui devait attendre, pour une raison quelconque, devait, selon elle, surfer sur son t\u00e9l\u00e9phone puisqu\u2019il fallait bien, de cette mani\u00e8re, \u00abtuer le temps\u00bb.<br>Quelle dr\u00f4le d\u2019expression quand m\u00eame que celle-l\u00e0. Je conviens qu\u2019on veuille, au pire, \u00abpasser le temps\u00bb, se divertir de mani\u00e8re frivole, l\u00e9g\u00e8re ou m\u00eame insignifiante. Mais vouloir le tuer vient me chercher.<\/p>\n\n\n\n<figure class=\"wp-block-image size-full is-style-default\"><a href=\"https:\/\/blog.chouynard.ca\/wp-content\/uploads\/2023\/08\/TuerLeTemps2019-scaled.jpg\"><img loading=\"lazy\" decoding=\"async\" width=\"2560\" height=\"1920\" src=\"https:\/\/blog.chouynard.ca\/wp-content\/uploads\/2023\/08\/TuerLeTemps2019-scaled.jpg\" alt=\"\" class=\"wp-image-3017\" srcset=\"https:\/\/blog.chouynard.ca\/wp-content\/uploads\/2023\/08\/TuerLeTemps2019-scaled.jpg 2560w, https:\/\/blog.chouynard.ca\/wp-content\/uploads\/2023\/08\/TuerLeTemps2019-300x225.jpg 300w\" sizes=\"auto, (max-width: 2560px) 100vw, 2560px\" \/><\/a><figcaption class=\"wp-element-caption\">Quelle puissante Nature morte nous est ici offerte par la Nature elle-m\u00eame! Photo prise en 2019\n<\/figcaption><\/figure>\n\n\n\n<p>Pour moi le temps est une chose vraiment pr\u00e9cieuse. Le temps, c\u2019est la vie m\u00eame. Le temps qui nous est allou\u00e9, c\u2019est celui de notre vie. Plus de temps, plus de vie. Plus de vie, plus de temps! Alors, il me semble \u00e0 tout le moins d\u00e9risoire et futile, voire vaniteux, de penser qu\u2019on peut, comme \u00e7a, s\u2019en d\u00e9barrasser.<br>S\u2019en d\u00e9barrasser!<br>Enfin\u2026<br>Alors, qu\u2019on se le dise\u2026\u00abY\u2019est toujours plus tard qu&rsquo;on pense\u00bb chante avec \u00e0-propos le bien-aim\u00e9 barde et po\u00e8te Fred Pellerin (\u00e9couter <a href=\"https:\/\/www.youtube.com\/watch?v=jWIqNM261S88\" target=\"_blank\" rel=\"noreferrer noopener\">la chanson sur YouTube<\/a>).<br>En tout cas, expression pour expression, si il doit y avoir quelque chose de mortel l\u00e0-dedans, je suis beaucoup plus \u00e0 l\u2019aise avec l\u2019expression \u00abmourir de rire\u00bb.<\/p>\n","protected":false},"excerpt":{"rendered":"<p>Y\u2019a de ces expressions (en fran\u00e7ais) Dans un article lu r\u00e9cemment, une personne qui devait attendre, pour une raison quelconque, devait, selon elle, surfer sur son t\u00e9l\u00e9phone puisqu\u2019il fallait bien, de cette mani\u00e8re, \u00abtuer le temps\u00bb.Quelle dr\u00f4le d\u2019expression quand m\u00eame &hellip; <a href=\"https:\/\/blog.chouynard.ca\/?p=3027\">Continuer la lecture <span class=\"meta-nav\">&rarr;<\/span><\/a><\/p>\n","protected":false},"author":4,"featured_media":0,"comment_status":"open","ping_status":"open","sticky":false,"template":"","format":"standard","meta":{"ngg_post_thumbnail":0,"footnotes":""},"categories":[1,145],"tags":[422,425,424,421],"class_list":["post-3027","post","type-post","status-publish","format-standard","hentry","category-eclectique","category-photo-de-la-semaine","tag-expression","tag-la-vie","tag-le-temps","tag-nature-morte"],"jetpack_featured_media_url":"","_links":{"self":[{"href":"https:\/\/blog.chouynard.ca\/index.php?rest_route=\/wp\/v2\/posts\/3027","targetHints":{"allow":["GET"]}}],"collection":[{"href":"https:\/\/blog.chouynard.ca\/index.php?rest_route=\/wp\/v2\/posts"}],"about":[{"href":"https:\/\/blog.chouynard.ca\/index.php?rest_route=\/wp\/v2\/types\/post"}],"author":[{"embeddable":true,"href":"https:\/\/blog.chouynard.ca\/index.php?rest_route=\/wp\/v2\/users\/4"}],"replies":[{"embeddable":true,"href":"https:\/\/blog.chouynard.ca\/index.php?rest_route=%2Fwp%2Fv2%2Fcomments&post=3027"}],"version-history":[{"count":9,"href":"https:\/\/blog.chouynard.ca\/index.php?rest_route=\/wp\/v2\/posts\/3027\/revisions"}],"predecessor-version":[{"id":3038,"href":"https:\/\/blog.chouynard.ca\/index.php?rest_route=\/wp\/v2\/posts\/3027\/revisions\/3038"}],"wp:attachment":[{"href":"https:\/\/blog.chouynard.ca\/index.php?rest_route=%2Fwp%2Fv2%2Fmedia&parent=3027"}],"wp:term":[{"taxonomy":"category","embeddable":true,"href":"https:\/\/blog.chouynard.ca\/index.php?rest_route=%2Fwp%2Fv2%2Fcategories&post=3027"},{"taxonomy":"post_tag","embeddable":true,"href":"https:\/\/blog.chouynard.ca\/index.php?rest_route=%2Fwp%2Fv2%2Ftags&post=3027"}],"curies":[{"name":"wp","href":"https:\/\/api.w.org\/{rel}","templated":true}]}}